{"id":3476,"date":"2020-06-01T15:13:33","date_gmt":"2020-06-01T15:13:33","guid":{"rendered":"https:\/\/www.affinite.fr\/index.php\/2020\/06\/01\/apple-fait-payer-au-prix-fort-le-passage-de-8-a-16-go-de-ram\/"},"modified":"2020-06-01T15:13:33","modified_gmt":"2020-06-01T15:13:33","slug":"apple-fait-payer-au-prix-fort-le-passage-de-8-a-16-go-de-ram","status":"publish","type":"post","link":"https:\/\/www.affinite.fr\/index.php\/2020\/06\/01\/apple-fait-payer-au-prix-fort-le-passage-de-8-a-16-go-de-ram\/","title":{"rendered":"Apple fait payer au prix fort le passage de 8 \u00e0 16 Go de RAM"},"content":{"rendered":"<p> [ad_1]<br \/>\n<\/p>\n<div itemprop=\"articleBody\">\n                Si vous d\u00e9sirez acheter le dernier <a href=\"https:\/\/www.01net.com\/tests\/test-du-macbook-pro-13-2020-l-ultraportable-pro-d-apple-gagne-une-belle-autonomie-et-un-nouveau-clavier-6453.html\" target=\"_blank\" rel=\"noopener noreferrer\">MacBook Pro 13 pouces d&rsquo;Apple<\/a> et que vous trouvez que les 8 Go de m\u00e9moire vive de la configuration de base ne sont pas suffisants, vous allez avoir une mauvaise surprise. Pour passer de 8 \u00e0 16 Go de RAM, il faut d\u00e9sormais d\u00e9bourser 250 euros (200 dollars aux Etats-Unis) au lieu de 125 euros (100 dollars aux Etats-Unis).\u00a0<\/p>\n<figure class=\"figure text-center\"><img decoding=\"async\" class=\"article-img img-responsive-l\" src=\"https:\/\/img.bfmtv.com\/c\/0\/669\/97b\/36cca3944319a1679a18ba5c1c2ef.jpg\" alt=\"\"\/><figcaption class=\"figure-caption figcaption color-txt-0 title-xs hidden-xs\"\/><\/figure>\n<p>Cette hausse ne concerne que la version de l&rsquo;ordinateur portable qui utilise de la m\u00e9moire vive LPDDR3. Elle peut s&rsquo;expliquer par des probl\u00e8mes d&rsquo;approvisionnement et\/ou de fabrication de la m\u00e9moire chez les fournisseurs d&rsquo;Apple \u00e0 cause de la crise du coronavirus.<\/p>\n<p>Si vous optez pour une configuration plus puissante, avec un processeur Intel de dixi\u00e8me g\u00e9n\u00e9ration et de la m\u00e9moire vive LPDDR4X, le passage de 16 \u00e0 32 Go de RAM est factur\u00e9 500 euros (400 dollars aux Etats-Unis), mais sans avoir subi d&rsquo;augmentation. La vieille technologie de m\u00e9moire LPDDR3 est donc d\u00e9sormais au m\u00eame prix que la LPDDR4X, pourtant plus r\u00e9cente et plus performante.\u00a0<\/p>\n<aside class=\"bg-color-0 padding-inside-all-s bloc border-s\">\n<h4 class=\"box-txt-normal\">\n<p><strong>A d\u00e9couvrir aussi en vid\u00e9o :<\/strong><\/p>\n<\/h4>\n<\/aside>\n<p>Abandonnez par ailleurs tout espoir d&rsquo;ajouter de la m\u00e9moire vive par vos propres moyens. Lors du d\u00e9montage du dernier MacBook Pro 13 pouces par <a href=\"https:\/\/www.ifixit.com\/Teardown\/MacBook+Pro+13-Inch+Two+Thunderbolt+Ports+2019+Teardown\/124676\" target=\"_blank\" rel=\"noopener noreferrer\">iFixit<\/a>, l&rsquo;une des photos montre que les circuits de\u00a0m\u00e9moire vive sont soud\u00e9s sur la carte m\u00e8re, ce qui emp\u00eache tout changement de capacit\u00e9 par ses propres moyens.<\/p>\n<p><strong>Source <\/strong>: <a href=\"https:\/\/www.apple.com\/fr\/shop\/buy-mac\/macbook-pro\/13-pouces\" target=\"_blank\" rel=\"noopener noreferrer\">Apple<\/a><\/p>\n<\/p><\/div>\n<p><script>\n         !function(f,b,e,v,n,t,s){if(f.fbq)return;n=f.fbq=function()\n         {n.callMethod? n.callMethod.apply(n,arguments):n.queue.push(arguments)}\n         ;if(!f._fbq)f._fbq=n;\n             n.push=n;n.loaded=!0;n.version='2.0';n.queue=[];t=b.createElement(e);t.async=!0;\n             t.src=v;s=b.getElementsByTagName(e)[0];s.parentNode.insertBefore(t,s)}(window,\n                 document,'script','https:\/\/connect.facebook.net\/en_US\/fbevents.js');\n         fbq('init', '1065890633454496');\n         fbq('track', 'PageView');\n     <\/script><br \/>\n<br \/>[ad_2]<br \/>\n<br \/><a href=\"https:\/\/www.01net.com\/actualites\/macbook-pro-13-pouces-apple-fait-payer-au-prix-fort-le-passage-de-8-a-16-go-de-ram-1924622.html\">Source link <\/a><\/p>\n","protected":false},"excerpt":{"rendered":"<p>[ad_1] Si vous d\u00e9sirez acheter le dernier MacBook Pro 13 pouces d&rsquo;Apple et que vous trouvez que les 8 Go &hellip; <a href=\"https:\/\/www.affinite.fr\/index.php\/2020\/06\/01\/apple-fait-payer-au-prix-fort-le-passage-de-8-a-16-go-de-ram\/\" class=\"more-link\">Plus <span class=\"screen-reader-text\">Apple fait payer au prix fort le passage de 8 \u00e0 16 Go de RAM<\/span> <span class=\"meta-nav\">&rarr;<\/span><\/a><\/p>\n","protected":false},"author":1,"featured_media":3477,"comment_status":"open","ping_status":"open","sticky":false,"template":"","format":"standard","meta":{"_sitemap_exclude":false,"_sitemap_priority":"","_sitemap_frequency":"","footnotes":""},"categories":[1],"tags":[],"class_list":["post-3476","post","type-post","status-publish","format-standard","has-post-thumbnail","hentry","category-tous"],"_links":{"self":[{"href":"https:\/\/www.affinite.fr\/index.php\/wp-json\/wp\/v2\/posts\/3476"}],"collection":[{"href":"https:\/\/www.affinite.fr\/index.php\/wp-json\/wp\/v2\/posts"}],"about":[{"href":"https:\/\/www.affinite.fr\/index.php\/wp-json\/wp\/v2\/types\/post"}],"author":[{"embeddable":true,"href":"https:\/\/www.affinite.fr\/index.php\/wp-json\/wp\/v2\/users\/1"}],"replies":[{"embeddable":true,"href":"https:\/\/www.affinite.fr\/index.php\/wp-json\/wp\/v2\/comments?post=3476"}],"version-history":[{"count":0,"href":"https:\/\/www.affinite.fr\/index.php\/wp-json\/wp\/v2\/posts\/3476\/revisions"}],"wp:featuredmedia":[{"embeddable":true,"href":"https:\/\/www.affinite.fr\/index.php\/wp-json\/wp\/v2\/media\/3477"}],"wp:attachment":[{"href":"https:\/\/www.affinite.fr\/index.php\/wp-json\/wp\/v2\/media?parent=3476"}],"wp:term":[{"taxonomy":"category","embeddable":true,"href":"https:\/\/www.affinite.fr\/index.php\/wp-json\/wp\/v2\/categories?post=3476"},{"taxonomy":"post_tag","embeddable":true,"href":"https:\/\/www.affinite.fr\/index.php\/wp-json\/wp\/v2\/tags?post=3476"}],"curies":[{"name":"wp","href":"https:\/\/api.w.org\/{rel}","templated":true}]}}