{"id":3449,"date":"2020-05-31T11:27:09","date_gmt":"2020-05-31T11:27:09","guid":{"rendered":"https:\/\/www.affinite.fr\/index.php\/2020\/05\/31\/les-offres-a-ne-pas-rater-ce-dimanche\/"},"modified":"2020-05-31T11:27:09","modified_gmt":"2020-05-31T11:27:09","slug":"les-offres-a-ne-pas-rater-ce-dimanche","status":"publish","type":"post","link":"https:\/\/www.affinite.fr\/index.php\/2020\/05\/31\/les-offres-a-ne-pas-rater-ce-dimanche\/","title":{"rendered":"les offres \u00e0 ne pas rater ce dimanche"},"content":{"rendered":"<p> [ad_1]<br \/>\n<\/p>\n<div itemprop=\"articleBody\">\n                Depuis plusieurs jours, les bons plans sont nombreux ! En effet, les French Days se d\u00e9roulent depuis le 27 mai 2020 et prendront fin le 2 juin \u00e0 7h00. Durant cet \u00e9v\u00e9nement, plusieurs acteurs du e-commerce propose des offres exclusives et parfois limit\u00e9es sur un grand nombre de produits. Gaming, t\u00e9l\u00e9phonie, casque audio&#8230;tous les rayons high tech sont concern\u00e9s ! Les French Days sont une occasion pour profiter de bons plans uniques, permettant de pr\u00e9parer l\u2019\u00e9t\u00e9 et mettre \u00e0 jour son \u00e9quipement. Avec cette initiative, les acteurs du e-commerce fran\u00e7ais souhaitent souligner leur dynamisme face aux acteurs am\u00e9ricains. Retrouvez ci-dessous les offres exceptionnelles des French Days 2020 propos\u00e9es ce dimanche 31 mai 2020.<\/p>\n<div data-force-click=\"true\" class=\"bloc\">\n<div class=\"padding-inside-all-s row\">\n<div class=\"text-center col-xs-4 col-sm-4 col-md-4\"><img decoding=\"async\" src=\"https:\/\/img.bfmtv.com\/i\/0\/0\/d61\/b6518de88d21a114dfe7d7e9652d0.jpg\" alt=\"Apple Watch Serie 3 BlancApple Watch Serie 3 Blanc\" width=\"100%\"\/><\/div>\n<div class=\"text-center col-xs-8 col-sm-8 col-md-8 title-medium\">\n<p class=\"cap text-center title-medium\" style=\"font-size:80%; opacity:1; background-color:#e30613; color:#fff;\" alt=\"\"><strong>Apple Watch Serie 3 Blanc<\/strong><\/p>\n<p style=\"font-size:90%; opacity:0.8; background-color:#fff; color:#000;\" alt=\"\"><strong>199,99\u20ac<\/strong> au lieu de <s>229,99<\/s>\u20ac chez <strong>Fnac<\/strong><\/p>\n<\/div>\n<\/div><\/div>\n<div data-force-click=\"true\" class=\"bloc\">\n<div class=\"padding-inside-all-s row\">\n<div class=\"text-center col-xs-4 col-sm-4 col-md-4\"><img decoding=\"async\" src=\"https:\/\/www.01net.com\/i\/0\/0\/01bd\/eade791a04f32132791779f5f74b.jpg\" alt=\"AirPods Pro AirPods Pro\" width=\"100%\"\/><\/div>\n<div class=\"text-center col-xs-8 col-sm-8 col-md-8 title-medium\">\n<p class=\"cap text-center title-medium\" style=\"font-size:80%; opacity:1; background-color:#e30613; color:#fff;\" alt=\"\"><strong>AirPods Pro <\/strong><\/p>\n<p style=\"font-size:90%; opacity:0.8; background-color:#fff; color:#000;\" alt=\"\"><strong>212,99\u20ac<\/strong> au lieu de <s>279<\/s>\u20ac chez <strong>Rakuten<\/strong><\/p>\n<\/div>\n<\/div><\/div>\n<div data-force-click=\"true\" class=\"bloc\">\n<div class=\"padding-inside-all-s row\">\n<div class=\"text-center col-xs-4 col-sm-4 col-md-4\"><img decoding=\"async\" src=\"https:\/\/img.bfmtv.com\/c\/1256\/708\/4c4\/8a147b8f9d5c79757be83590685a7.jpg\" alt=\"TV Samsung The Frame 55 poucesTV Samsung The Frame 55 pouces\" width=\"100%\"\/><\/div>\n<div class=\"text-center col-xs-8 col-sm-8 col-md-8 title-medium\">\n<p class=\"cap text-center title-medium\" style=\"font-size:80%; opacity:1; background-color:#e30613; color:#fff;\" alt=\"\"><strong>TV Samsung The Frame 55 pouces<\/strong><\/p>\n<p style=\"font-size:90%; opacity:0.8; background-color:#fff; color:#000;\" alt=\"\"><strong>1299\u20ac<\/strong> au lieu de <s>1499<\/s>\u20ac chez <strong>Samsung<\/strong><\/p>\n<\/div>\n<\/div><\/div>\n<div data-force-click=\"true\" class=\"bloc\">\n<div class=\"padding-inside-all-s row\">\n<div class=\"text-center col-xs-4 col-sm-4 col-md-4\"><img decoding=\"async\" src=\"https:\/\/img.bfmtv.com\/c\/630\/420\/ce8\/eb099017773b3ba8b74f35abb3f48.jpeg\" alt=\"Xiaomi Mi Box TV SXiaomi Mi Box TV S\" width=\"100%\"\/><\/div>\n<div class=\"text-center col-xs-8 col-sm-8 col-md-8 title-medium\">\n<p class=\"cap text-center title-medium\" style=\"font-size:80%; opacity:1; background-color:#e30613; color:#fff;\" alt=\"\"><strong>Xiaomi Mi Box TV S<\/strong><\/p>\n<p style=\"font-size:90%; opacity:0.8; background-color:#fff; color:#000;\" alt=\"\"><strong>54\u20ac<\/strong> au lieu de <s>69<\/s>\u20ac chez <strong>AliExpress<\/strong><\/p>\n<\/div>\n<\/div><\/div>\n<div data-force-click=\"true\" class=\"bloc\">\n<div class=\"padding-inside-all-s row\">\n<div class=\"text-center col-xs-4 col-sm-4 col-md-4\"><img decoding=\"async\" src=\"https:\/\/img.bfmtv.com\/c\/0\/0\/ab8\/ab8de482fb1c78fa57d206e48337802c.jpeg\" alt=\"SAMSUNG GALAXY S10E NOIR 128GOSAMSUNG GALAXY S10E NOIR 128GO\" width=\"100%\"\/><\/div>\n<div class=\"text-center col-xs-8 col-sm-8 col-md-8 title-medium\">\n<p class=\"cap text-center title-medium\" style=\"font-size:80%; opacity:1; background-color:#e30613; color:#fff;\" alt=\"\"><strong>SAMSUNG GALAXY S10E NOIR 128GO<\/strong><\/p>\n<p style=\"font-size:90%; opacity:0.8; background-color:#fff; color:#000;\" alt=\"\"><strong>449\u20ac<\/strong> au lieu de <s>759<\/s>\u20ac chez <strong>Darty<\/strong><\/p>\n<\/div>\n<\/div><\/div>\n<div data-force-click=\"true\" class=\"bloc\">\n<div class=\"padding-inside-all-s row\">\n<div class=\"text-center col-xs-4 col-sm-4 col-md-4\"><img decoding=\"async\" src=\"https:\/\/img.bfmtv.com\/images\/445\/ada0682e86796c307a6bc5cf7bad2.jpg\" alt=\"PC Ultra Portable Huawei MateBook D 14 14\" pc=\"\" ultra=\"\" portable=\"\" huawei=\"\" matebook=\"\" d=\"\" width=\"100%\"\/><\/div>\n<div class=\"text-center col-xs-8 col-sm-8 col-md-8 title-medium\">\n<p class=\"cap text-center title-medium\" style=\"font-size:80%; opacity:1; background-color:#e30613; color:#fff;\" alt=\"\"><strong>PC Ultra Portable Huawei MateBook D 14 14&Prime;<\/strong><\/p>\n<p style=\"font-size:90%; opacity:0.8; background-color:#fff; color:#000;\" alt=\"\"><strong>649,99\u20ac<\/strong> au lieu de <s>749,99<\/s>\u20ac chez <strong>Fnac<\/strong><\/p>\n<\/div>\n<\/div><\/div>\n<div class=\"\">\n<div class=\"default \">\n<p><h2 class=\"title-xl color\">Les meilleures offres du Dimanche<\/h2>\n<\/p><\/div>\n<\/p><\/div>\n<h3 style=\"color:#333;font-family:arial,helvetica,sans-serif;font-size:23px;font-weight:700;\">French Days : quels sont les marchands fondateurs ?\u00a0<\/h3>\n<p style=\"color:#333;font-family:arial,helvetica,sans-serif;font-size:18px;\">Les French Days sont une initiative fran\u00e7aise, lanc\u00e9e par six acteurs fran\u00e7ais du e-commerce afin de r\u00e9pondre \u00e0 l\u2019\u00e9v\u00e9nement phare du e-commerce aux \u00c9tats-Unis : le Black Friday. Cet \u00e9v\u00e9nement veut ainsi relancer des p\u00e9riodes parfois creuses de l\u2019ann\u00e9e, durant lesquelles il n\u2019y a pas d\u2019\u00e9v\u00e9nements propices aux promotions. Les French Days sont aussi un moyen de concurrencer Amazon et permettent de souligner la dynamique du march\u00e9 fran\u00e7ais. Cette ann\u00e9e, les French Days prennent une tournure particuli\u00e8re. Suite au contexte sanitaire, l\u2019\u00e9v\u00e9nement a \u00e9t\u00e9 d\u00e9cal\u00e9. Cette nouvelle \u00e9dition a ainsi pour objectif de c\u00e9l\u00e9brer la renaissance du commerce et r\u00e9aliser un focus sur les produits de marques fran\u00e7aises. \u00c0 l\u2019origine des French Days on retrouve six acteurs cultes du e-commerce : Boulanger, Cdiscount, Fnac Darty, La Redoute, Rue du Commerce et Showroompriv\u00e9. Boulanger est une entreprise sp\u00e9cialis\u00e9e dans le loisir, le multim\u00e9dia et l&rsquo;\u00e9lectrom\u00e9nager. L\u2019entreprise a \u00e9t\u00e9 cr\u00e9\u00e9e en 1954. Cdiscount, n\u00b01 fran\u00e7ais du e-commerce propose des produits dans tous les univers mais aussi de nombreux services. Le groupe Fnac Darty est lui sp\u00e9cialis\u00e9 dans les produits \u00e9lectrom\u00e9nager, \u00e9lectronique et produits culturels. La Redoute est une entreprise fran\u00e7aise sp\u00e9cialis\u00e9e dans le pr\u00eat-\u00e0-porter. Rue du Commerce est un acteur g\u00e9n\u00e9raliste important du e-commerce. Enfin, Showroompriv\u00e9 propose chaque jour des r\u00e9ductions via des ventes priv\u00e9es sur de nombreux produits.\u00a0<\/p>\n<h3 style=\"color:#333;font-family:arial,helvetica,sans-serif;font-size:23px;font-weight:700;\">Combien de temps durent les French Days 2020 ?<\/h3>\n<p style=\"color:#333;font-family:arial,helvetica,sans-serif;font-size:18px;\">Les French Days sont un \u00e9v\u00e9nement bisannuel. Une premi\u00e8re \u00e9dition est programm\u00e9e au printemps et une seconde au moment de la rentr\u00e9e. Cette ann\u00e9e, l\u2019\u00e9dition printemps des French Days 2020 a \u00e9t\u00e9 d\u00e9cal\u00e9e, suite \u00e0 la situation sanitaire. L\u2019\u00e9dition a ainsi \u00e9t\u00e9 report\u00e9e au mercredi 27 mai \u00e0 7 heures et jusqu\u2019au mardi 2 juin \u00e0 7 heures. Cette \u00e9dition a ainsi pour objectif de c\u00e9l\u00e9brer la renaissance du commerce. Les diff\u00e9rents acteurs des French Days proposeront ainsi un focus sur les produits de marques fran\u00e7aises. En plus des six acteurs historiques, de nombreuses entreprises participent aux French Days avec chaque ann\u00e9e de nombreux nouveaux acteurs. En ce qui concerne la seconde \u00e9dition, les French Days de la rentr\u00e9e 2020, les dates pr\u00e9visionnelles de ces derni\u00e8res sont pour le moment fix\u00e9es du 25 septembre au 28 septembre 2020.<\/p>\n<\/p><\/div>\n<p><script>\n         !function(f,b,e,v,n,t,s){if(f.fbq)return;n=f.fbq=function()\n         {n.callMethod? n.callMethod.apply(n,arguments):n.queue.push(arguments)}\n         ;if(!f._fbq)f._fbq=n;\n             n.push=n;n.loaded=!0;n.version='2.0';n.queue=[];t=b.createElement(e);t.async=!0;\n             t.src=v;s=b.getElementsByTagName(e)[0];s.parentNode.insertBefore(t,s)}(window,\n                 document,'script','https:\/\/connect.facebook.net\/en_US\/fbevents.js');\n         fbq('init', '1065890633454496');\n         fbq('track', 'PageView');\n     <\/script><br \/>\n<br \/>[ad_2]<br \/>\n<br \/><a href=\"https:\/\/www.01net.com\/actualites\/french-days-les-offres-a-ne-pas-rater-ce-dimanche-1918771.html\">Source link <\/a><\/p>\n","protected":false},"excerpt":{"rendered":"<p>[ad_1] Depuis plusieurs jours, les bons plans sont nombreux ! En effet, les French Days se d\u00e9roulent depuis le 27 &hellip; <a href=\"https:\/\/www.affinite.fr\/index.php\/2020\/05\/31\/les-offres-a-ne-pas-rater-ce-dimanche\/\" class=\"more-link\">Plus <span class=\"screen-reader-text\">les offres \u00e0 ne pas rater ce dimanche<\/span> <span class=\"meta-nav\">&rarr;<\/span><\/a><\/p>\n","protected":false},"author":1,"featured_media":3450,"comment_status":"open","ping_status":"open","sticky":false,"template":"","format":"standard","meta":{"_sitemap_exclude":false,"_sitemap_priority":"","_sitemap_frequency":"","footnotes":""},"categories":[1],"tags":[],"class_list":["post-3449","post","type-post","status-publish","format-standard","has-post-thumbnail","hentry","category-tous"],"_links":{"self":[{"href":"https:\/\/www.affinite.fr\/index.php\/wp-json\/wp\/v2\/posts\/3449"}],"collection":[{"href":"https:\/\/www.affinite.fr\/index.php\/wp-json\/wp\/v2\/posts"}],"about":[{"href":"https:\/\/www.affinite.fr\/index.php\/wp-json\/wp\/v2\/types\/post"}],"author":[{"embeddable":true,"href":"https:\/\/www.affinite.fr\/index.php\/wp-json\/wp\/v2\/users\/1"}],"replies":[{"embeddable":true,"href":"https:\/\/www.affinite.fr\/index.php\/wp-json\/wp\/v2\/comments?post=3449"}],"version-history":[{"count":0,"href":"https:\/\/www.affinite.fr\/index.php\/wp-json\/wp\/v2\/posts\/3449\/revisions"}],"wp:featuredmedia":[{"embeddable":true,"href":"https:\/\/www.affinite.fr\/index.php\/wp-json\/wp\/v2\/media\/3450"}],"wp:attachment":[{"href":"https:\/\/www.affinite.fr\/index.php\/wp-json\/wp\/v2\/media?parent=3449"}],"wp:term":[{"taxonomy":"category","embeddable":true,"href":"https:\/\/www.affinite.fr\/index.php\/wp-json\/wp\/v2\/categories?post=3449"},{"taxonomy":"post_tag","embeddable":true,"href":"https:\/\/www.affinite.fr\/index.php\/wp-json\/wp\/v2\/tags?post=3449"}],"curies":[{"name":"wp","href":"https:\/\/api.w.org\/{rel}","templated":true}]}}