{"id":344,"date":"2020-03-07T03:47:43","date_gmt":"2020-03-07T03:47:43","guid":{"rendered":"https:\/\/www.affinite.fr\/index.php\/2020\/03\/07\/amd-annonce-larrivee-du-ray-tracing-dans-ses-radeon-des-cette-annee\/"},"modified":"2020-03-07T03:47:43","modified_gmt":"2020-03-07T03:47:43","slug":"amd-annonce-larrivee-du-ray-tracing-dans-ses-radeon-des-cette-annee","status":"publish","type":"post","link":"https:\/\/www.affinite.fr\/index.php\/2020\/03\/07\/amd-annonce-larrivee-du-ray-tracing-dans-ses-radeon-des-cette-annee\/","title":{"rendered":"AMD annonce l\u2019arriv\u00e9e du ray tracing dans ses Radeon d\u00e8s cette ann\u00e9e"},"content":{"rendered":"<p> [ad_1]<br \/>\n<\/p>\n<div itemprop=\"articleBody\">\n<p>AMD est sur tous les fronts !\u00a0Entre les annonces de <a href=\"https:\/\/www.01net.com\/actualites\/amd-motorisera-el-capitan-le-plus-puissant-des-supercalculateurs-du-monde-1869584.html\" target=\"_blank\" rel=\"noopener noreferrer\">puces pour supercalculateurs<\/a> et <a href=\"https:\/\/www.01net.com\/actualites\/zen-4-amd-degainera-ses-processeurs-5-nm-en-2022-1870391.html\" target=\"_blank\" rel=\"noopener noreferrer\">les futures g\u00e9n\u00e9rations de processeurs pour PC de bureau<\/a>, la firme californienne a l\u00e2ch\u00e9 quelques informations sur ses futures puces graphiques Radeon \u00e0 l\u2019occasion d\u2019un point annuel avec ses investisseurs.<\/p>\n<figure class=\"figure text-center\"><img decoding=\"async\" class=\"article-img img-responsive-l\" src=\"https:\/\/img.bfmtv.com\/c\/1200\/660\/73b\/6fba52046436ae5e0a22fe1a95605.jpg\" alt=\"\"\/><figcaption class=\"figure-caption figcaption color-txt-0 title-xs hidden-xs\"\/><\/figure>\n<p>La nouvelle g\u00e9n\u00e9ration de puces Radeon \u00ab Navi 2X \u00bb sera bas\u00e9e sur une toute nouvelle \u00e9volution de sa microarchitecture, <a href=\"https:\/\/www.01net.com\/actualites\/amd-sa-radeon-rx-5700-devrait-concurrencer-la-geforce-rtx-2070-de-nvidia-des-juillet-prochain-1700508.html\" target=\"_blank\" rel=\"noopener noreferrer\">introduite l&rsquo;ann\u00e9e derni\u00e8re au Computex<\/a>\u00a0et\u00a0appel\u00e9e \u00ab RDNA 2 \u00bb. Ses promesses sont all\u00e9chantes : outre le jeu en 4K, la g\u00e9n\u00e9ration Navi 2X int\u00e8grera bien des unit\u00e9s mat\u00e9rielles de prise en charge du ray\u00a0tracing. Une sp\u00e9cificit\u00e9 qui \u00e9tait pour l\u2019heure exclusive aux<a href=\"https:\/\/www.01net.com\/actualites\/nvidia-geforce-rtx-on-a-mesure-l-impact-du-ray-tracing-et-du-dlss-sur-leurs-performances-1780784.html\" target=\"_blank\" rel=\"noopener noreferrer\"> cartes graphiques RTX de son concurrent Nvidia<\/a>.<\/p>\n<figure class=\"figure text-center\"><img decoding=\"async\" class=\"article-img img-responsive-l\" src=\"https:\/\/img.bfmtv.com\/c\/1200\/660\/14d\/b3bf5ba093edf2a6623fc2af66f6e.jpg\" alt=\"\"\/><figcaption class=\"figure-caption figcaption color-txt-0 title-xs hidden-xs\"\/><\/figure>\n<figure class=\"figure text-center\"><img decoding=\"async\" class=\"article-img img-responsive-l\" src=\"https:\/\/img.bfmtv.com\/c\/1200\/660\/07af\/fbd3131be17f32189e2aaf5e2c96.jpg\" alt=\"\"\/><figcaption class=\"figure-caption figcaption color-txt-0 title-xs hidden-xs\"\/><\/figure>\n<p>\u00c0 la prise en charge de cet effet de rendu photor\u00e9aliste, s\u2019ajoute une promesse impressionnante : les puces de g\u00e9n\u00e9ration Navi 2X en RDNA 2 offriraient une am\u00e9lioration de performances par watt de 50%. En langage gamer, cela signifie beaucoup plus d\u2019images par seconde \u00e0 d\u00e9finition constante, ou des d\u00e9bits de trame (framerate) suffisant pour jouer dans des d\u00e9finitions sup\u00e9rieures.<\/p>\n<p>La d\u00e9finition cible est \u00e9videmment la 4K. Pour la premi\u00e8re fois, AMD annonce que sa puce sera \u00e0 m\u00eame de faire tourner des jeux en 4K alors que sa meilleure carte RDNA 1, <a href=\"https:\/\/www.01net.com\/actualites\/radeon-serie-5700-amd-attaque-nvidia-la-ou-ca-fait-mal-mais-pas-sur-le-ray-tracing-1709691.html\" target=\"_blank\" rel=\"noopener noreferrer\">la Radeon 5700 XT<\/a>, est plut\u00f4t taill\u00e9e pour du 1440p.<\/p>\n<figure class=\"figure text-center\"><img decoding=\"async\" class=\"article-img img-responsive-l\" src=\"https:\/\/img.bfmtv.com\/c\/0\/708\/98c\/ae5b42516af4477ecd93dda3c706b.jpg\" alt=\"\"\/><figcaption class=\"figure-caption figcaption color-txt-0 title-xs hidden-xs\"\/><\/figure>\n<p>Cet \u00e9norme gain de performances ne serait pas le fait de la finesse de gravure, qui reste en 7 nm, mais bien des am\u00e9liorations profondes de la puce. De l\u2019augmentation du nombre d\u2019op\u00e9rations par cycle d\u2019horloge (IPC), en passant par des am\u00e9liorations du sch\u00e9ma organisationnel de la puce jusqu\u2019\u00e0 des optimisations menant \u00e0 l\u2019augmentation des fr\u00e9quences.<\/p>\n<h3 style=\"color:#333;font-family:arial,helvetica,sans-serif;font-size:23px;font-weight:700;\">Architecture unifi\u00e9e entre PC et consoles<\/h3>\n<figure class=\"figure text-center\"><img decoding=\"async\" class=\"article-img img-responsive-l\" src=\"https:\/\/img.bfmtv.com\/c\/1200\/620\/0251\/c67afd3b35c7bd28928c88ba1926.jpg\" alt=\"\"\/><figcaption class=\"figure-caption figcaption color-txt-0 title-xs hidden-xs\"\/><\/figure>\n<p>Non seulement l\u2019architecture RDNA 2 arrivera en 2020 dans les PC, mais elle d\u00e9barquera aussi dans les nouvelles consoles de Microsoft et Sony. Les\u00a0 s\u0153urs ennemies \u00e9tant toutes deux con\u00e7ues sur des plates-formes \u00ab semi-custom \u00bb d\u2019AMD \u00e0 base de Zen 2 (CPU) et de RDNA 2 (GPU).<\/p>\n<figure class=\"figure text-center\"><img decoding=\"async\" class=\"article-img img-responsive-l\" src=\"https:\/\/img.bfmtv.com\/c\/1600\/900\/db5\/f2bc9f5b6c331fcaed246a00f0ae3.jpg\" alt=\"\"\/><figcaption class=\"figure-caption figcaption color-txt-0 title-xs hidden-xs\"\/><\/figure>\n<p>Et c\u2019est l\u00e0 un atout invisible pour AMD,\u00a0des optimisations\u00a0\u00ab\u00a0gratuites\u00a0\u00bb issues du monde console. Pesant 30% de plus que le march\u00e9 du jeu sur PC, le jeu console a g\u00e9n\u00e9r\u00e9 47,9 milliards de dollars en 2019.<br \/>Les fabricants de consoles et les \u00e9diteurs auront donc \u00e0 c\u0153ur de tirer pleinement parti des nouvelles plates-formes techniques. Les optimisations prioritaires seront donc bas\u00e9es sur un hardware de r\u00e9f\u00e9rence AMD + AMD, ce qui pourrait renverser la balance dans le monde du PC.<br \/>Outre sa sup\u00e9riorit\u00e9 mat\u00e9rielle av\u00e9r\u00e9e, Nvidia a en parti r\u00e9ussi \u00e0 devenir le num\u00e9ro 1 de la puissance GPU gr\u00e2ce \u00e0 la qualit\u00e9 de ses outils et son accompagnement logiciel.<\/p>\n<aside class=\"bg-color-0 padding-inside-all-s bloc border-s\">\n<h4 class=\"box-txt-normal\">\n<div class=\"\">\n<p><strong>\u00c0 d\u00e9couvrir aussi en vid\u00e9o<\/strong><\/p>\n<\/div>\n<\/h4>\n<\/aside>\n<p>Or, en consid\u00e9rant les parts de march\u00e9 en hausse CPU, mais aussi GPU d\u2019AMD sur le segment PC, sa mainmise sur le monde Mac, son positionnement de leader dans le cloud gaming (<a href=\"https:\/\/www.01net.com\/actualites\/gpu-cpu-memoire-ce-que-l-on-sait-du-hardware-de-stadia-1655987.html\" target=\"_blank\" rel=\"noopener noreferrer\">Stadia<\/a>, <a href=\"https:\/\/www.01net.com\/actualites\/microsoft-preparerait-bien-deux-nouvelles-xbox-scarlett-et-lockhart-1818827.html\" target=\"_blank\" rel=\"noopener noreferrer\">xCloud<\/a>), etc. Nvidia a peut-\u00eatre les cartes les plus puissantes, mais c\u2019est bien AMD qui a le portfolio le plus large.<\/p>\n<p>La r\u00e9ponse de Nvidia \u2013 qui ne devrait tarder puisqu&rsquo;elle devrait avoir lieu \u00e0 <a href=\"https:\/\/www.01net.com\/actualites\/coronavirus-nvidia-maintient-sa-conference-gtc-mais-la-dematerialise-1868123.html\" target=\"_blank\" rel=\"noopener noreferrer\">l&rsquo;occasion de la GTC<\/a> qui devait se tenir du 22 au 26 mars prochain \u00e0 San Jos\u00e9\u00a0et se d\u00e9roulera finalement en ligne seulement \u2013 est donc critique pour le champion des GPU. Car avec Navi 2X, AMD semble s&rsquo;appr\u00eater \u00e0 sortir le grand jeu.<\/p>\n<\/p><\/div>\n<p><script>\n         !function(f,b,e,v,n,t,s){if(f.fbq)return;n=f.fbq=function()\n         {n.callMethod? n.callMethod.apply(n,arguments):n.queue.push(arguments)}\n         ;if(!f._fbq)f._fbq=n;\n             n.push=n;n.loaded=!0;n.version='2.0';n.queue=[];t=b.createElement(e);t.async=!0;\n             t.src=v;s=b.getElementsByTagName(e)[0];s.parentNode.insertBefore(t,s)}(window,\n                 document,'script','https:\/\/connect.facebook.net\/en_US\/fbevents.js');\n         fbq('init', '1065890633454496');\n         fbq('track', 'PageView');\n     <\/script><br \/>\n<br \/>[ad_2]<br \/>\n<br \/><a href=\"https:\/\/www.01net.com\/actualites\/amd-annonce-l-arrivee-du-ray-tracing-dans-ses-radeon-des-cette-annee-1870493.html\">Source link <\/a><\/p>\n","protected":false},"excerpt":{"rendered":"<p>[ad_1] AMD est sur tous les fronts !\u00a0Entre les annonces de puces pour supercalculateurs et les futures g\u00e9n\u00e9rations de processeurs &hellip; <a href=\"https:\/\/www.affinite.fr\/index.php\/2020\/03\/07\/amd-annonce-larrivee-du-ray-tracing-dans-ses-radeon-des-cette-annee\/\" class=\"more-link\">Plus <span class=\"screen-reader-text\">AMD annonce l\u2019arriv\u00e9e du ray tracing dans ses Radeon d\u00e8s cette ann\u00e9e<\/span> <span class=\"meta-nav\">&rarr;<\/span><\/a><\/p>\n","protected":false},"author":1,"featured_media":345,"comment_status":"open","ping_status":"open","sticky":false,"template":"","format":"standard","meta":{"_sitemap_exclude":false,"_sitemap_priority":"","_sitemap_frequency":"","footnotes":""},"categories":[1],"tags":[],"class_list":["post-344","post","type-post","status-publish","format-standard","has-post-thumbnail","hentry","category-tous"],"_links":{"self":[{"href":"https:\/\/www.affinite.fr\/index.php\/wp-json\/wp\/v2\/posts\/344"}],"collection":[{"href":"https:\/\/www.affinite.fr\/index.php\/wp-json\/wp\/v2\/posts"}],"about":[{"href":"https:\/\/www.affinite.fr\/index.php\/wp-json\/wp\/v2\/types\/post"}],"author":[{"embeddable":true,"href":"https:\/\/www.affinite.fr\/index.php\/wp-json\/wp\/v2\/users\/1"}],"replies":[{"embeddable":true,"href":"https:\/\/www.affinite.fr\/index.php\/wp-json\/wp\/v2\/comments?post=344"}],"version-history":[{"count":0,"href":"https:\/\/www.affinite.fr\/index.php\/wp-json\/wp\/v2\/posts\/344\/revisions"}],"wp:featuredmedia":[{"embeddable":true,"href":"https:\/\/www.affinite.fr\/index.php\/wp-json\/wp\/v2\/media\/345"}],"wp:attachment":[{"href":"https:\/\/www.affinite.fr\/index.php\/wp-json\/wp\/v2\/media?parent=344"}],"wp:term":[{"taxonomy":"category","embeddable":true,"href":"https:\/\/www.affinite.fr\/index.php\/wp-json\/wp\/v2\/categories?post=344"},{"taxonomy":"post_tag","embeddable":true,"href":"https:\/\/www.affinite.fr\/index.php\/wp-json\/wp\/v2\/tags?post=344"}],"curies":[{"name":"wp","href":"https:\/\/api.w.org\/{rel}","templated":true}]}}