{"id":3424,"date":"2020-05-30T14:27:04","date_gmt":"2020-05-30T14:27:04","guid":{"rendered":"https:\/\/www.affinite.fr\/index.php\/2020\/05\/30\/cest-quoi-109-en-france-ou-sont-ils\/"},"modified":"2020-05-30T14:27:04","modified_gmt":"2020-05-30T14:27:04","slug":"cest-quoi-109-en-france-ou-sont-ils","status":"publish","type":"post","link":"https:\/\/www.affinite.fr\/index.php\/2020\/05\/30\/cest-quoi-109-en-france-ou-sont-ils\/","title":{"rendered":"c&rsquo;est quoi, 109\u00a0en France, o\u00f9 sont-ils\u00a0?"},"content":{"rendered":"<p> [ad_1]<br \/>\n<\/p>\n<p>\n                Sant\u00e9 Publique France annonce que 109\u00a0clusters ont \u00e9t\u00e9 identifi\u00e9s en France en lien avec la transmission du coronavirus depuis le 11\u00a0mai, jour du d\u00e9confinement de la France. Localisation, d\u00e9finition, tests\u00a0: infos.            <\/p>\n<div>\n<aside class=\"ccmsummary marqueur_module ccmcss_cms_summary ccmcss_cms_summary--right\">\n<p>Sommaire<\/p>\n<\/aside>\n<p><strong>[Mise \u00e0 jour le samedi 30 mai\u00a0\u00e0 13h38] <\/strong>Depuis le d\u00e9confinement, les personnes pr\u00e9sentant des sympt\u00f4mes \u00e9vocateurs du <strong>Covid-19<\/strong>\u00a0doivent\u00a0\u00eatre test\u00e9es ainsi que leurs cas contacts si le <a href=\"https:\/\/sante.journaldesfemmes.fr\/fiches-maladies\/2623965-coronavirus-test-france-carte-serologique-rapide-virologique-pcr-nez-ordonnance-ou-faire-liste-ministere-de-la-sante-pharmacie-laboratoire-prix-remboursement\/\" target=\"_blank\" rel=\"noopener noreferrer\">test est positif<\/a>. Ces tests massifs mettent en \u00e9vidence de nouveaux clusters de contamination en France. O\u00f9 sont-ils ? Qu&rsquo;est-ce que \u00e7a veut dire ? Que faire si vous \u00eates concern\u00e9 ?<\/p>\n<p>Le terme de \u00ab\u00a0cluster\u00a0\u00bb a \u00e9t\u00e9 employ\u00e9 d\u00e8s le d\u00e9but de l&rsquo;\u00e9pid\u00e9mie de coronavirus en France quand les premiers foyers de contamination ont \u00e9t\u00e9 identifi\u00e9s. \u00ab\u00a0Cluster\u00a0\u00bb est ainsi un<strong> terme anglais<\/strong> qui signifie en fran\u00e7ais \u00ab\u00a0<strong>grappe<\/strong>\u00a0\u00bb ou \u00ab\u00a0<strong>groupe<\/strong>\u00ab\u00a0. Dans le cas de la pand\u00e9mie de Covid-19, les autorit\u00e9s sanitaires emploient ce terme lors de la survenue d&rsquo;au moins 3\u00a0cas confirm\u00e9s ou probables, dans une p\u00e9riode de 7\u00a0jours et qui appartiennent \u00e0 une m\u00eame communaut\u00e9 ou ont particip\u00e9 \u00e0 un m\u00eame rassemblement de personnes, qu&rsquo;ils se connaissent ou non.<\/p>\n<p>Le virus Sars-CoV-2 \u00e9tant tr\u00e8s contagieux, plusieurs clusters ont \u00e9t\u00e9 identifi\u00e9s en France d\u00e8s la fin du mois de f\u00e9vrier. Dans le <a href=\"https:\/\/www.gouvernement.fr\/conseil-des-ministres\/2020-02-29\/le-covid-19-\" target=\"_blank\" rel=\"noopener noreferrer\">compte-rendu du Conseil des ministres du 29 f\u00e9vrier 2020<\/a>, le gouvernement confirmait :<\/p>\n<ul>\n<li><strong>Un\u00a0premier \u00ab\u00a0cluster\u00a0\u00bb dans l&rsquo;Oise,<\/strong> et en particulier sur les communes de Creil, Cr\u00e9py-en-Valois, Vaumoise, Lamorlaye et Lagny-le-Sec ;<\/li>\n<li>Un<strong>\u00a0second \u00ab\u00a0cluster\u00a0\u00bb\u00a0en Haute-Savoie, dans la commune de La Balme<\/strong>.\u00a0<\/li>\n<\/ul>\n<p>En r\u00e9action \u00e0 ces clusters et pour essayer de freiner la transmission du virus, le gouvernement avait d\u00e9cid\u00e9 d&rsquo;appliquer des mesures restrictives\u00a0: interdiction des rassemblements collectifs dans les villes touch\u00e9es, fermeture des \u00e9tablissements scolaires, limitation des d\u00e9placements&#8230; Le virus s&rsquo;est ensuite largement r\u00e9pandu en France jusqu&rsquo;au confinement de la population.<\/p>\n<p>Du 17 mars au 11 mai 2020, la population fran\u00e7aise a \u00e9t\u00e9 confin\u00e9e pour freiner l&rsquo;\u00e9volution de l&rsquo;\u00e9pid\u00e9mie de coronavirus et \u00e9viter un afflux massif de malades dans les h\u00f4pitaux. Le d\u00e9pistage du coronavirus \u00e9tait alors r\u00e9serv\u00e9 uniquement aux cas \u00e0 risque et \u00e0 certains professionnels comme les soignants. Il n&rsquo;y avait pas de<strong> d\u00e9pistage des cas contacts <\/strong>donc <strong>plus d&rsquo;identification de\u00a0\u00ab\u00a0cluster\u00a0\u00bb.<\/strong> Depuis le d\u00e9confinement, les personnes pr\u00e9sentant des sympt\u00f4mes \u00e9vocateurs du Covid-19 doivent\u00a0\u00eatre test\u00e9es ainsi que leurs cas contacts si le test est positif. Le but \u00e9tant d&rsquo;\u00e9viter de nouvelles cha\u00eenes de transmission et une<strong> deuxi\u00e8me vague \u00e9pid\u00e9mique.<\/strong>\u00a0Le 17 mai, Olivier V\u00e9ran,\u00a0le ministre de la Sant\u00e9, a annonc\u00e9 dans le <a href=\"https:\/\/www.lejdd.fr\/Societe\/Sante\/info-jdd-25-nouveaux-clusters-identifies-en-france-depuis-le-deconfinement-3968852\" target=\"_blank\" rel=\"noopener noreferrer\">Journal du Dimanche<\/a> que <strong>25 nouveaux clusters ont \u00e9t\u00e9 identifi\u00e9s en France depuis le 11 mai. Le 29 mai, lors d&rsquo;un <a href=\"https:\/\/www.santepubliquefrance.fr\/maladies-et-traumatismes\/maladies-et-infections-respiratoires\/infection-a-coronavirus\/documents\/bulletin-national\/covid-19-point-epidemiologique-du-29-mai-2020\" target=\"_blank\" rel=\"noopener noreferrer\">point \u00e9pid\u00e9miologique<\/a>, Sant\u00e9 Publique France annonce qu&rsquo;au<\/strong>\u00a027\u00a0mai 2020, avec le d\u00e9veloppement de la capacit\u00e9 diagnostique, un total de<strong> 109\u00a0clusters<\/strong> (hors Ehpad et milieu familial restreint) ont \u00e9t\u00e9 rapport\u00e9s\u00a0: 104\u00a0clusters en France m\u00e9tropolitaine et 5\u00a0dans les d\u00e9partements r\u00e9gions d&rsquo;outre-mer.\u00a0Parmi ces clusters, 64% ont plus de 5\u00a0cas. Ils concernent notamment des<strong> personnes en situation de pr\u00e9carit\u00e9 et de vuln\u00e9rabilit\u00e9 <\/strong>(19% en \u00e9tablissements d&rsquo;h\u00e9bergement social et d&rsquo;insertion, et 6% en communaut\u00e9s vuln\u00e9rables), des \u00e9tablissements de sant\u00e9 (22%) et plus largement des <strong>entreprises <\/strong>(20% entreprises priv\u00e9es et publiques).\u00a013% de ces clusters ont \u00e9t\u00e9 ma\u00eetris\u00e9s (suivi des contacts en cours et absence de nouveaux cas 7\u00a0jours apr\u00e8s le dernier cas), 7% sont cl\u00f4tur\u00e9s (absence de nouveaux cas 14\u00a0jours apr\u00e8s la date de d\u00e9but des signes du dernier cas et la fin de la quatorzaine de tous les contacts).<\/p>\n<figure class=\"image\" style=\"float:right\"><a class=\"fancy\" href=\"https:\/\/img-3.journaldesfemmes.fr\/fv9QT2CQhNGpWAELei7y1BpMHKs=\/1080x\/smart\/f7f55dbcc00d4ebcb373ef348e7cf25d\/ccmcms-jdf\/15780651.jpg\"><img decoding=\"async\" alt=\"carte france cluster covid-19\" src=\"https:\/\/img-3.journaldesfemmes.fr\/rCAippzjHlwumH-qD9gszLRpw3k=\/450x\/smart\/f7f55dbcc00d4ebcb373ef348e7cf25d\/ccmcms-jdf\/15780651.jpg\"\/><\/a><figcaption data-credit=\"Google Maps\" data-legend=\"Plusieurs clusters ont \u00e9t\u00e9 identifi\u00e9s en France, comme pr\u00e8s d'Orl\u00e9ans sur la carte.\">Plusieurs clusters ont \u00e9t\u00e9 identifi\u00e9s en France, comme pr\u00e8s d&rsquo;Orl\u00e9ans sur la carte. <small>\u00a9\u00a0Google Maps<\/small><\/figcaption><\/figure>\n<p>Parmi les clusters connus :\u00a0<\/p>\n<ul>\n<li><strong>33 clusters en Nouvelle Aquitaine<\/strong> sont confirm\u00e9s par le directeur g\u00e9n\u00e9ral de l&rsquo;Agence R\u00e9gionale de Sant\u00e9 Michel Laforcade :\u00a019\u00a0sont apparus dans des\u00a0<strong>Ehpad et r\u00e9sidences autonomies, 7\u00a0<\/strong>dans des\u00a0<strong>\u00e9tablissements de sant\u00e9 (\u00a0dont un <\/strong>\u00e0\u00a0l<strong>&lsquo;h\u00f4pital de Loudun o\u00f9<\/strong>\u00a0280\u00a0personnes ont \u00e9t\u00e9 test\u00e9es et\u00a023\u00a0sont positives au Covid-19)<strong>,\u00a0<\/strong>un dans un centre d&rsquo;accueil pour demandeur d&rsquo;asile, un dans un coll\u00e8ge de Chauvigny (Vienne), un en Dordogne apr\u00e8s des obs\u00e8ques \u00e0 Eglise-Neuve-de-Verg et un nouveau\u00a0dans les Deux-S\u00e8vres \u00e0\u00a0<strong>l&rsquo;Ecole Nationale des Sous-Officiers d&rsquo;Active de St-Maixent<\/strong>. Le premier cas a \u00e9t\u00e9 d\u00e9tect\u00e9 le 18\u00a0mai. 44\u00a0personnes contacts ont ensuite \u00e9t\u00e9 identifi\u00e9es. Deux instructeurs ont \u00e9t\u00e9 test\u00e9s positifs et ont donc pu croiser la totalit\u00e9 des 300\u00a0\u00e9l\u00e8ves qui \u00e9taient l\u00e0 jusqu&rsquo;au 13\u00a0mai. Dans un communiqu\u00e9 du 28 mai, l&rsquo;ARS annonce qu&rsquo;un <strong>enseignant de l&rsquo;\u00e9cole maternelle Montjovis \u00e0 Limoges<\/strong> a \u00e9t\u00e9 test\u00e9 positif au COVID 19, le 27\u00a0mai 2020. En cons\u00e9quence, <strong>l&rsquo;\u00e9cole maternelle est ferm\u00e9e jusqu&rsquo;\u00e0 nouvel ordre et\u00a0<\/strong>un d\u00e9pistage collectif est organis\u00e9 sur 49\u00a0personnes.<\/li>\n<li><strong>29 clusters dans le Grand Est, <\/strong>selon le <a href=\"https:\/\/www.grand-est.ars.sante.fr\/tableau-de-bord-surveillance-epidemiologique-et-suivi-des-actions-en-grand-est-au-28-mai-2020\" target=\"_blank\" rel=\"noopener noreferrer\">communiqu\u00e9 de l&rsquo;ARS<\/a> du 28 mai\u00a0dont 18 dans des Ephad r\u00e9partis dans\u00a0la\u00a0<strong style=\"font-size: 1rem;\">Marne<\/strong>, la<strong>\u00a0<strong style=\"font-size: 1rem;\">Haute-Marne<\/strong>, <\/strong>la\u00a0<strong style=\"font-size: 1rem;\">Meurthe-et-Moselle<\/strong>, la\u00a0<strong style=\"font-size: 1rem;\">Moselle,<\/strong>\u00a0le\u00a0<strong style=\"font-size: 1rem;\">Bas-Rhin, les Vosges, dont\u00a0deux clusters d\u00e9clar\u00e9s lundi 25 mai dans l&rsquo;Aube dans les Ephad du<\/strong><strong>\u00a0domaine de Nazareth \u00e0 Pont-Sainte-Marie<\/strong> avec<strong> 25\u00a0cas confirm\u00e9s de Covid-19<\/strong>\u00a0(le plus important cluster) et un autre dans un \u00e9tablissement de l&rsquo;agglom\u00e9ration troyenne non identifi\u00e9 (3 cas).\u00a0L&rsquo;ARS recense \u00e9galement quatre clusters dans des\u00a0<strong style=\"font-size: 1rem;\">\u00e9tablissements m\u00e9dico-sociaux<\/strong>\u00a0(EMS) pour personnes handicap\u00e9es en Moselle, Haute-Marne et dans le Bas-Rhin. Un cluster dans la\u00a0gendarmerie de\u00a0<strong style=\"font-size: 1rem;\">Sarreguemines (8 militaires ont \u00e9t\u00e9 test\u00e9s positifs). Quatre\u00a0<\/strong>clusters dans \u00e9tablissements sanitaires de la Meuse, du Bas-Rhin et Haut-Rhin<strong style=\"font-size: 1rem;\">. Un cluster avait aussi \u00e9t\u00e9 d\u00e9clar\u00e9 la semaine derni\u00e8re dans les\u00a0<\/strong>\u00e9coles maternelles et \u00e9l\u00e9mentaires de Fains-V\u00e9el\u00a0et un autre concerne un centre de secours de\u00a0pompiers du centre de Varennes-en-Argonne.<\/li>\n<li><strong>deux clusters en Centre Val-de-Loire<\/strong> : dans un abattoir de Fleury-l\u00e8s-Aubrais dans le Loiret, pr\u00e8s d&rsquo;Orl\u00e9ans,\u00a0400\u00a0salari\u00e9s sont en train d&rsquo;\u00eatre d\u00e9pist\u00e9s,<strong> 79 ont \u00e9t\u00e9 test\u00e9s positifs au Covid-19.\u00a0<\/strong>Autre foyer \u00e0 Tours, dans la\u00a0r\u00e9sidence universitaire Grandmont, o\u00f9 6\u00a0cas positifs ont \u00e9t\u00e9 recens\u00e9s sur 183 \u00e9l\u00e8ves test\u00e9s au Covid-19.<\/li>\n<li><strong>27 clusters en Ile-de-France<\/strong> : En plus des 23 clusters d\u00e9j\u00e0 surveill\u00e9s par la Direction g\u00e9n\u00e9rale de la Sant\u00e9 en Ile-de-France, mercredi 27\u00a0mai 2020,\u00a0<strong>quatre nouveaux foyers\u00a0<\/strong>ont \u00e9t\u00e9 d\u00e9tect\u00e9s \u00e0\u00a0<strong>Paris<\/strong>. Parmi les foyers confirm\u00e9s en Ile-de-France : un foyer de jeunes travailleurs de <strong>Clamart<\/strong><strong>\u00a0<\/strong>(Hauts-de-Seine),\u00a0<strong>un foyer de travailleurs \u00e9trangers des Ulis<\/strong>\u00a0(Essonne) o\u00f9 trois cas positifs de Covid-19\u00a0ont \u00e9t\u00e9 confirm\u00e9s vendredi 15\u00a0mai, un cluster dans le <strong>Val-de-Marne o\u00f9 <\/strong>neuf personnes qui travaillaient sur un chantier \u00e0<strong> Villeneuve-le-Roi<\/strong> ont \u00e9t\u00e9 test\u00e9es positives au coronavirus, <strong>un \u00e9tablissement social d&rsquo;h\u00e9bergement de Montgeron<\/strong> (Essonne), un EMS pour personnes handicap\u00e9es d&rsquo;<strong>Alfortville<\/strong> (Val-de-Marne),.<\/li>\n<li><strong>trois clusters en Auvergne-Rh\u00f4ne-Alpes :<\/strong>\u00a0en Savoie (Saint-Martin-de-Belleville &#8211; 17 personnes ont \u00e9t\u00e9 test\u00e9es positives), Haute-Savoie (\u00e0 Annecy dans un centre d&rsquo;h\u00e9bergement, 230\u00a0r\u00e9sidents sont test\u00e9s\u00a0mardi 19 mai, 7 cas sont confirm\u00e9s \u00e0 date) et dans le Puy-de-D\u00f4me.<\/li>\n<li><strong>trois clusters en en Occitanie<\/strong> : un dans le Tarn, parmi le personnel municipal de Carmaux.<\/li>\n<li><strong>six clusters dans les Pays-de-la-Loire :\u00a0<\/strong>\u00e0 l&rsquo;h\u00f4pital de Saumur (Maine-et-Loire, 23 cas positifs ont \u00e9t\u00e9 confirm\u00e9s), dans l&rsquo;abattoir des Herbiers, en Vend\u00e9e (11\u00a0salari\u00e9s test\u00e9s positifs) et un<strong> au centre hospitalier du Mans. <\/strong>Trois membres du personnel soignant, affect\u00e9s justement \u00e0 l&rsquo;unit\u00e9 de traitement des patients touch\u00e9s par le coronavirus, se sont r\u00e9v\u00e9l\u00e9s positifs \u00e0 la maladie, a d\u00e9clar\u00e9 l&rsquo;ARS le\u00a026 mai. Au-del\u00e0 de ces cas confirm\u00e9s, une quarantaine de personnes consid\u00e9r\u00e9es comme\u00a0<em>\u00ab\u00a0cas contacts\u00a0\u00bb<\/em>\u00a0ont fait l&rsquo;objet d&rsquo;un d\u00e9pistage\u00a0<em>\u00ab\u00a0dont les r\u00e9sultats seront connus dans les prochaines heures\u00a0\u00bb<\/em>\u00a0pr\u00e9cise-t-elle. Le 24 mai,\u00a0cinq personnes d&rsquo;une m\u00eame famille de Rom ont \u00e9t\u00e9 hospitalis\u00e9es, au CHU de Nantes, trois en r\u00e9animation\u00a0; deux autres au centre des maladies infectieuses et tropicales de Nantes, rapporte <a href=\"https:\/\/www.ouest-france.fr\/sante\/virus\/coronavirus\/confinement\/deconfinement-pres-de-nantes-deux-clusters-maitrises-un-identifie-6850799\" target=\"_blank\" rel=\"noopener noreferrer\">Ouest France<\/a>. Une sixi\u00e8me personne, ext\u00e9rieure \u00e0 la famille, a \u00e9t\u00e9 hospitalis\u00e9e le lendemain.<\/li>\n<li><strong>trois clusters dans les Hauts-de-France : <\/strong>dans le Pas-de-Calais, dans le Nord (\u00e0 l&rsquo;usine\u00a0<strong>Royal Canin<\/strong>, situ\u00e9e \u00e0 Les-Rues-des-Vignes, 14\u00a0cas\u00a0 positifs sur 217\u00a0travailleurs test\u00e9s) et un dans l&rsquo;Oise au sein d&rsquo;un foyer d&rsquo;h\u00e9bergement de Compi\u00e8gne (plus de 170\u00a0personnes ont \u00e9t\u00e9 test\u00e9es apr\u00e8s la confirmation d&rsquo;un cas positif).<\/li>\n<li><strong>deux clusters en\u00a0Bourgogne Franche-Comt\u00e9.<\/strong><\/li>\n<li><strong>deux clusters en Bretagne<\/strong> : <strong>69 personnes\u00a0<\/strong>travaillant dans l&rsquo;abattoir Kerm\u00e9n\u00e9\u00a0des C\u00f4tes-d&rsquo;Armor ont \u00e9t\u00e9 test\u00e9s positifs au Covid-19 (200 ont \u00e9t\u00e9 test\u00e9es), et un autre cluster\u00a0dans un h\u00f4pital de Lannion,<\/li>\n<li><strong>un cluster dans la r\u00e9gion PACA<\/strong>, \u00e0 <strong>Marseille <\/strong>: trois sans-abris ont \u00e9t\u00e9 test\u00e9s positifs au Covid-19\u00a0lors de pr\u00e9l\u00e8vements al\u00e9atoires r\u00e9alis\u00e9s dans un squat du 13e arrondissement. Une campagne de d\u00e9pistage massif a \u00e9t\u00e9 mise en place aupr\u00e8s de\u00a0160\u00a0personnes.<\/li>\n<li><strong>un cluster en Guyane,\u00a0<\/strong>dans la ville de Saint-Georges de l&rsquo;Oyapock.<\/li>\n<\/ul>\n<p>Depuis le d\u00e9confinement, une personne qui pr\u00e9sente des <a href=\"https:\/\/sante.journaldesfemmes.fr\/fiches-maladies\/2630075-symptomes-coronavirus-premiers-courants-digestifs-peau-sans-fievre-que-faire-homme-femme-france\/\" target=\"_blank\" rel=\"noopener noreferrer\">sympt\u00f4mes \u00e9vocateurs d&rsquo;une infection au Covid-19<\/a> doit \u00eatre test\u00e9e par PCR. Le\u00a0patient doit respecter sans d\u00e9lai une\u00a0<strong>p\u00e9riode d&rsquo;isolement strict, en attente du r\u00e9sultat du test<\/strong>\u00a0(et jusqu&rsquo;\u00e0 2\u00a0jours apr\u00e8s la disparition des sympt\u00f4mes si son test est positif)<strong>. <\/strong>Le\u00a0\u00ab\u00a0contact tracing\u00a0\u00bb (tracement des cas contacts, en fran\u00e7ais) est imm\u00e9diatement entam\u00e9 pour\u00a0<strong>identifier les personnes contacts avec le malade de 48h avant l&rsquo;apparition des premiers sympt\u00f4mes jusqu&rsquo;\u00e0 l&rsquo;isolement. Si le test du patient est positif, les cas contacts sont tous test\u00e9s.\u00a0<\/strong>C&rsquo;est comme \u00e7a que de nouveaux clusters ont \u00e9t\u00e9 identifi\u00e9s depuis le 11 mai en France.\u00a0<\/p>\n<p><strong>Pour permettre le contact tracing de l&rsquo;ensemble des malades, l&rsquo;organisation suivante est mise en place\u00a0:\u00a0<\/strong><\/p>\n<ul>\n<li>Niveau 1\u00a0\u2013 Le m\u00e9decin consult\u00e9 par le patient pr\u00e9sentant les sympt\u00f4mes de Covid-19 est charg\u00e9 de r\u00e9aliser le contact tracing pour l&rsquo;<strong>entourage proche du patient<\/strong>.<\/li>\n<li>Niveau 2\u00a0\u2013 L&rsquo;Assurance maladie \u00e9tend la recherche des <strong>personnes contacts aux sph\u00e8res professionnelle, amicale, de loisirs <\/strong>et autres. Elle prescrit aux personnes contacts un test PCR et peut d\u00e9livrer un arr\u00eat de travail pour les personnes contacts qui ne peuvent pas travailler.<\/li>\n<li>Niveau 3\u00a0\u2013 L&rsquo;Agence r\u00e9gionale de sant\u00e9, avec les cellules r\u00e9gionales de Sant\u00e9 publique France, interviendront pour l&rsquo;identification et l&rsquo;<strong>investigation des clusters et situations complexes, en compl\u00e9ment des niveaux 1\u00a0et 2<\/strong>.<\/li>\n<\/ul>\n<p>Quand on est \u00ab\u00a0cas contact\u00a0\u00bb, il faut :\u00a0<\/p>\n<ul>\n<li>Porter syst\u00e9matiquement <a href=\"https:\/\/sante.journaldesfemmes.fr\/fiches-maladies\/2635947-mettre-masque-jetable-chirurgical-tissu-cote-bleu-ou-blanc-sens-buee-lunettes-que-faire\/\" target=\"_blank\" rel=\"noopener noreferrer\">un masque grand public<\/a> en contact avec d&rsquo;autres personnes \u00e0 l&rsquo;ext\u00e9rieur ;\u00a0<\/li>\n<li>Contacter un <a href=\"https:\/\/sante.fr\/recherche\/trouver\/DepistageCovid\" target=\"_blank\" rel=\"noopener noreferrer\">centre de d\u00e9pistage<\/a>\u00a0pour prendre rendez-vous. Le test doit avoir lieu imm\u00e9diatement si vous vivez dans le m\u00eame foyer que la personne contamin\u00e9e ou en observant un d\u00e9lai de 7\u00a0jours apr\u00e8s votre dernier contact avec cette personne, si vous ne vivez pas avec elle ;<\/li>\n<li>Se rendre au centre de d\u00e9pistage avec sa carte d&rsquo;identit\u00e9, sa Carte Vitale et son ordonnance pour faire le pr\u00e9l\u00e8vement ;<\/li>\n<li>Rentrer chez soi et rester confin\u00e9 en attendant les r\u00e9sultats du test qui interviennent g\u00e9n\u00e9ralement dans les 24 heures au plus tard.\u00a0<\/li>\n<li>Les cas contacts doivent\u00a0<strong>respecter une p\u00e9riode d&rsquo;isolement pour une dur\u00e9e d&rsquo;environ 14\u00a0jours<\/strong>\u00a0selon la situation.<\/li>\n<\/ul>\n<p><strong>Les donn\u00e9es collect\u00e9es dans le cadre des examens de biologie Covid-19\u00a0pourront \u00eatre r\u00e9utilis\u00e9es dans le cadre d&rsquo;enqu\u00eates sanitaires<\/strong>\u00a0(suivi des patients diagnostiqu\u00e9s positifs au Covid-19\u00a0et\/ou recherche des \u00a0\u00bb cas contact \u00ab\u00a0),\u00a0<strong>de surveillance \u00e9pid\u00e9miologique et de recherches via la plateforme des donn\u00e9es de sant\u00e9<\/strong>. Elles seront conserv\u00e9es pour une dur\u00e9e maximale d&rsquo;un an.<em> \u00ab\u00a0Le patient qui effectue un test Covid-19\u00a0ne peut pas s&rsquo;opposer au traitement de ses donn\u00e9es dans\u00a0<a data-smarttag-click=\"{&quot;name&quot;: &quot;https\/\/solidarites-sante.gouv.fr\/soins-et-maladies\/maladies\/maladies-infectieuses\/coronavirus\/tout-savoir-sur-le-covid-19\/article\/contact-covid-si-dep&quot;, &quot;type&quot;: &quot;exit&quot;}\" href=\"https:\/\/solidarites-sante.gouv.fr\/soins-et-maladies\/maladies\/maladies-infectieuses\/coronavirus\/tout-savoir-sur-le-covid-19\/article\/contact-covid-si-dep\" target=\"_blank\" rel=\"noopener noreferrer\">l&rsquo;outil SI-DEP<\/a>, du fait de l&rsquo;int\u00e9r\u00eat public que ce suivi repr\u00e9sente\u00a0\u00bb<\/em> pr\u00e9cise le <a href=\"https:\/\/www.gouvernement.fr\/info-coronavirus\/tests-et-depistage\" target=\"_blank\" rel=\"noopener noreferrer\">gouvernement<\/a>.<\/p>\n<p><u>Sources<\/u><\/p>\n<aside id=\"NL_1049247431\" class=\"newsletter_subscription jNlBlock\"><noscript><br \/>\n            <\/noscript><\/p>\n<h3 class=\"newsletter_subscription-title\">Newsletter <\/h3>\n<p><a href=\"\/\/mailing.ccmbg.com\/archive\/last-85\" target=\"_blank\" class=\"a_hover\" rel=\"noopener noreferrer\">Voir un exemple<\/a><\/p>\n<\/aside>\n<p>Prot\u00e9ger, tester, isoler\u00a0: les mesures pour casser les cha\u00eenes de transmission du virus, <a href=\"https:\/\/www.hauts-de-france.ars.sante.fr\/proteger-tester-isoler-les-mesures-pour-casser-les-chaines-de-transmission-du-virus\" target=\"_blank\" rel=\"noopener noreferrer\">communiqu\u00e9 de presse ARS Hauts-de-France<\/a>, 13 mai 2020.<\/p>\n<p>Tests et d\u00e9pistage, <a href=\"https:\/\/www.gouvernement.fr\/info-coronavirus\/tests-et-depistage\" target=\"_blank\" rel=\"noopener noreferrer\">Gouvernement.fr<\/a><\/p>\n<\/p><\/div>\n<p>[ad_2]<br \/>\n<br \/><a href=\"https:\/\/sante.journaldesfemmes.fr\/fiches-maladies\/2636717-cluster-coronavirus-france-carte-definition-ile-de-france-paris-clamart-hauts-de-seine-essonne-sante-publique-france\/\">Source link <\/a><\/p>\n","protected":false},"excerpt":{"rendered":"<p>[ad_1] Sant\u00e9 Publique France annonce que 109\u00a0clusters ont \u00e9t\u00e9 identifi\u00e9s en France en lien avec la transmission du coronavirus depuis &hellip; <a href=\"https:\/\/www.affinite.fr\/index.php\/2020\/05\/30\/cest-quoi-109-en-france-ou-sont-ils\/\" class=\"more-link\">Plus <span class=\"screen-reader-text\">c&rsquo;est quoi, 109\u00a0en France, o\u00f9 sont-ils\u00a0?<\/span> <span class=\"meta-nav\">&rarr;<\/span><\/a><\/p>\n","protected":false},"author":1,"featured_media":3425,"comment_status":"open","ping_status":"open","sticky":false,"template":"","format":"standard","meta":{"_sitemap_exclude":false,"_sitemap_priority":"","_sitemap_frequency":"","footnotes":""},"categories":[1],"tags":[],"class_list":["post-3424","post","type-post","status-publish","format-standard","has-post-thumbnail","hentry","category-tous"],"_links":{"self":[{"href":"https:\/\/www.affinite.fr\/index.php\/wp-json\/wp\/v2\/posts\/3424"}],"collection":[{"href":"https:\/\/www.affinite.fr\/index.php\/wp-json\/wp\/v2\/posts"}],"about":[{"href":"https:\/\/www.affinite.fr\/index.php\/wp-json\/wp\/v2\/types\/post"}],"author":[{"embeddable":true,"href":"https:\/\/www.affinite.fr\/index.php\/wp-json\/wp\/v2\/users\/1"}],"replies":[{"embeddable":true,"href":"https:\/\/www.affinite.fr\/index.php\/wp-json\/wp\/v2\/comments?post=3424"}],"version-history":[{"count":0,"href":"https:\/\/www.affinite.fr\/index.php\/wp-json\/wp\/v2\/posts\/3424\/revisions"}],"wp:featuredmedia":[{"embeddable":true,"href":"https:\/\/www.affinite.fr\/index.php\/wp-json\/wp\/v2\/media\/3425"}],"wp:attachment":[{"href":"https:\/\/www.affinite.fr\/index.php\/wp-json\/wp\/v2\/media?parent=3424"}],"wp:term":[{"taxonomy":"category","embeddable":true,"href":"https:\/\/www.affinite.fr\/index.php\/wp-json\/wp\/v2\/categories?post=3424"},{"taxonomy":"post_tag","embeddable":true,"href":"https:\/\/www.affinite.fr\/index.php\/wp-json\/wp\/v2\/tags?post=3424"}],"curies":[{"name":"wp","href":"https:\/\/api.w.org\/{rel}","templated":true}]}}