{"id":3335,"date":"2020-05-28T17:29:53","date_gmt":"2020-05-28T17:29:53","guid":{"rendered":"https:\/\/www.affinite.fr\/index.php\/2020\/05\/28\/emportez-vos-donnees-en-deplacement-avec-ce-disque-dur-usb-2-to-a-60-euros\/"},"modified":"2020-05-28T17:29:53","modified_gmt":"2020-05-28T17:29:53","slug":"emportez-vos-donnees-en-deplacement-avec-ce-disque-dur-usb-2-to-a-60-euros","status":"publish","type":"post","link":"https:\/\/www.affinite.fr\/index.php\/2020\/05\/28\/emportez-vos-donnees-en-deplacement-avec-ce-disque-dur-usb-2-to-a-60-euros\/","title":{"rendered":"emportez vos donn\u00e9es en d\u00e9placement avec ce disque dur USB 2 To \u00e0 60 euros"},"content":{"rendered":"<p> [ad_1]<br \/>\n<br \/><img decoding=\"async\" src=\"https:\/\/img.bfmtv.com\/i\/0\/0\/94d\/60bada43661cf0d5b4bb90d99be88.jpg\" \/><\/p>\n<div itemprop=\"articleBody\">\n<p>Si vous recherchez un disque dur portable avec un bon rapport capacit\u00e9\/prix, profitez de l&rsquo;offre de Cdiscount sur le\u00a0Toshiba Canvio Basics 2 To. Pour les French Days, il est vendu\u00a0<a href=\"https:\/\/bit.ly\/3gwY5zB\" target=\"_blank\" rel=\"noopener noreferrer\">59,90 euros au lieu de 98,10 euros.<\/a><\/p>\n<p>Ce disque 2,5 pouces USB 3.0 offre une capacit\u00e9 \u00e9lev\u00e9e de 2 To. Il mesure 1,4 cm de hauteur et p\u00e8se\u00a0149 g. Il est livr\u00e9 avec un c\u00e2ble USB 3.0, mais sans logiciel. Vous pouvez l&rsquo;utiliser sur un PC ou sur un Mac.<\/p>\n<p><a href=\"https:\/\/bit.ly\/3gwY5zB\" target=\"_blank\" rel=\"noopener noreferrer\">Retrouvez ici cette offre de Cdiscount.<\/a><\/p>\n<p>Les promotions mentionn\u00e9es dans cet article peuvent \u00eatre \u00e9ph\u00e9m\u00e8res et ne plus \u00eatre valables apr\u00e8s la date de parution de l\u2019article.<\/p>\n<p><a href=\"https:\/\/www.01net.com\/actualites\/french-days-2020-tous-les-bons-plans-high-tech-1918763.html\">Retrouvez les meilleurs bons plans high-tech des French Days sur notre page d\u00e9di\u00e9e.<\/a><\/p>\n<p><em>Cet article est une s\u00e9lection r\u00e9alis\u00e9e par l\u2019\u00e9quipe de 01net.com, en toute ind\u00e9pendance. Il est toutefois possible que ce contenu propose un lien d\u2019affiliation. Si vous cliquez sur ce lien, l\u2019e-commer\u00e7ant peut nous reverser une commission. Pour vous, rien ne change !<\/em><\/p>\n<\/p><\/div>\n<p><script>\n         !function(f,b,e,v,n,t,s){if(f.fbq)return;n=f.fbq=function()\n         {n.callMethod? n.callMethod.apply(n,arguments):n.queue.push(arguments)}\n         ;if(!f._fbq)f._fbq=n;\n             n.push=n;n.loaded=!0;n.version='2.0';n.queue=[];t=b.createElement(e);t.async=!0;\n             t.src=v;s=b.getElementsByTagName(e)[0];s.parentNode.insertBefore(t,s)}(window,\n                 document,'script','https:\/\/connect.facebook.net\/en_US\/fbevents.js');\n         fbq('init', '1065890633454496');\n         fbq('track', 'PageView');\n     <\/script><br \/>\n<br \/>[ad_2]<br \/>\n<br \/><a href=\"https:\/\/www.01net.com\/actualites\/french-days-cdiscount-emportez-vos-donnees-en-deplacement-avec-ce-disque-dur-usb-2-to-a-60-euros-1921986.html\">Source link <\/a><\/p>\n","protected":false},"excerpt":{"rendered":"<p>[ad_1] Si vous recherchez un disque dur portable avec un bon rapport capacit\u00e9\/prix, profitez de l&rsquo;offre de Cdiscount sur le\u00a0Toshiba &hellip; <a href=\"https:\/\/www.affinite.fr\/index.php\/2020\/05\/28\/emportez-vos-donnees-en-deplacement-avec-ce-disque-dur-usb-2-to-a-60-euros\/\" class=\"more-link\">Plus <span class=\"screen-reader-text\">emportez vos donn\u00e9es en d\u00e9placement avec ce disque dur USB 2 To \u00e0 60 euros<\/span> <span class=\"meta-nav\">&rarr;<\/span><\/a><\/p>\n","protected":false},"author":1,"featured_media":3336,"comment_status":"open","ping_status":"open","sticky":false,"template":"","format":"standard","meta":{"_sitemap_exclude":false,"_sitemap_priority":"","_sitemap_frequency":"","footnotes":""},"categories":[1],"tags":[],"class_list":["post-3335","post","type-post","status-publish","format-standard","has-post-thumbnail","hentry","category-tous"],"_links":{"self":[{"href":"https:\/\/www.affinite.fr\/index.php\/wp-json\/wp\/v2\/posts\/3335"}],"collection":[{"href":"https:\/\/www.affinite.fr\/index.php\/wp-json\/wp\/v2\/posts"}],"about":[{"href":"https:\/\/www.affinite.fr\/index.php\/wp-json\/wp\/v2\/types\/post"}],"author":[{"embeddable":true,"href":"https:\/\/www.affinite.fr\/index.php\/wp-json\/wp\/v2\/users\/1"}],"replies":[{"embeddable":true,"href":"https:\/\/www.affinite.fr\/index.php\/wp-json\/wp\/v2\/comments?post=3335"}],"version-history":[{"count":0,"href":"https:\/\/www.affinite.fr\/index.php\/wp-json\/wp\/v2\/posts\/3335\/revisions"}],"wp:featuredmedia":[{"embeddable":true,"href":"https:\/\/www.affinite.fr\/index.php\/wp-json\/wp\/v2\/media\/3336"}],"wp:attachment":[{"href":"https:\/\/www.affinite.fr\/index.php\/wp-json\/wp\/v2\/media?parent=3335"}],"wp:term":[{"taxonomy":"category","embeddable":true,"href":"https:\/\/www.affinite.fr\/index.php\/wp-json\/wp\/v2\/categories?post=3335"},{"taxonomy":"post_tag","embeddable":true,"href":"https:\/\/www.affinite.fr\/index.php\/wp-json\/wp\/v2\/tags?post=3335"}],"curies":[{"name":"wp","href":"https:\/\/api.w.org\/{rel}","templated":true}]}}