{"id":3284,"date":"2020-05-27T17:31:21","date_gmt":"2020-05-27T17:31:21","guid":{"rendered":"https:\/\/www.affinite.fr\/index.php\/2020\/05\/27\/il-etait-une-fois-la-patisserie-28\/"},"modified":"2020-05-27T17:31:21","modified_gmt":"2020-05-27T17:31:21","slug":"il-etait-une-fois-la-patisserie-28","status":"publish","type":"post","link":"https:\/\/www.affinite.fr\/index.php\/2020\/05\/27\/il-etait-une-fois-la-patisserie-28\/","title":{"rendered":"Il \u00e9tait une fois la p\u00e2tisserie"},"content":{"rendered":"<p> [ad_1]<br \/>\n<\/p>\n<div>\nVoici une recette facile et qui pla\u00eet \u00e0 tous les coups : la<b> <span style=\"font-size: large;\"><span class=\"fn\">tarte aux fraises traditionnelle<\/span><\/span><\/b> ! Une p\u00e2te sabl\u00e9e, de la cr\u00e8me p\u00e2tissi\u00e8re et 400 g de fraises r\u00e9parties sur le dessus. En plus, c&rsquo;est de saison !<\/p>\n<p>La recette en vid\u00e9o est ici : <a href=\"https:\/\/youtu.be\/5rTbhqzGKQc\" target=\"_blank\" rel=\"noopener noreferrer\">tarte aux fraises en vid\u00e9o<\/a>. <\/p>\n<div class=\"separator\" style=\"clear: both; text-align: center;\">\n<a href=\"https:\/\/www.iletaitunefoislapatisserie.com\/2013\/06\/tarte-aux-fraises.html\"><img decoding=\"async\" alt=\"tarte aux fraises cr\u00e8me p\u00e2tissi\u00e8re\" border=\"0\" class=\"photo\" data-original-height=\"424\" data-original-width=\"650\" src=\"https:\/\/1.bp.blogspot.com\/-mpcV1z0mpxg\/XsaPRwe4fhI\/AAAAAAABPWQ\/JNdwgPodKP86V4Smq9jTWZO8Lrmty8z9QCLcBGAsYHQ\/s1600\/tarte-aux-fraises-recette.jpg\" title=\"tarte aux fraises\"\/><\/a><\/div>\n<p><a name=\"more\"\/>J&rsquo;ai utilis\u00e9 un <span class=\"lienamazon\"><a href=\"https:\/\/amzn.to\/2z8M5n6\" rel=\"nofollow noopener noreferrer\" target=\"_blank\">cercle \u00e0 tarte 22 cm<\/a><\/span>, donc il vous faudra peut-\u00eatre un peu plus d&rsquo;ingr\u00e9dients selon ce que vous avez chez vous (notamment de fraises).<\/p>\n<p><u>\u00c9dit du 21 mai 2020<\/u> : j&rsquo;ai refait cette recette et je la modifie pour qu&rsquo;elle soit <b>encore meilleure<\/b> ! Je change la p\u00e2te sabl\u00e9e par une <b>p\u00e2te sabl\u00e9e bien croustillante<\/b>, et j&rsquo;augmente un peu la quantit\u00e9 de <b>cr\u00e8me p\u00e2tissi\u00e8re<\/b> (sans toucher au sucre) et de <b>fraises <\/b>! C&rsquo;est juste trop boooooooon !<\/p>\n<p>Je la remonte donc en haut du blog. <\/p>\n<div class=\"separator\" style=\"clear: both; text-align: center;\">\n<a href=\"https:\/\/1.bp.blogspot.com\/-DKox-0zm65g\/XsaPRulDtII\/AAAAAAABPWk\/aSI8YSjrIz4C5o8yXWHuRCvQfdzepxMJQCPcBGAYYCw\/s1600\/tarte-aux-fraises-recette-facile.jpg\" imageanchor=\"1\" style=\"margin-left: 1em; margin-right: 1em;\"><img decoding=\"async\" alt=\"recette tarte aux fraises\" border=\"0\" data-original-height=\"1001\" data-original-width=\"650\" src=\"https:\/\/1.bp.blogspot.com\/-DKox-0zm65g\/XsaPRulDtII\/AAAAAAABPWk\/aSI8YSjrIz4C5o8yXWHuRCvQfdzepxMJQCPcBGAYYCw\/s1600\/tarte-aux-fraises-recette-facile.jpg\" title=\"tarte aux fraises traditionnelle\"\/><\/a><\/div>\n<p>J&rsquo;en profite pour changer les photos de cet article qui commencent vraiment \u00e0 dater.<\/p>\n<p>Cette <b>tarte aux fraises<\/b> est vraiment un d\u00e9lice, avec une p\u00e2te bien croustillante, une cr\u00e8me p\u00e2tissi\u00e8re bien vanill\u00e9 et une garniture en fraises super g\u00e9n\u00e9reuse. <\/p>\n<div class=\"separator\" style=\"clear: both; text-align: center;\">\n<a href=\"https:\/\/1.bp.blogspot.com\/-kwSt9fGjC8s\/XsaPSg7UogI\/AAAAAAABPWo\/uVgkdqXkQAEAYPLT-6wheNRs0kb8Wlf1gCPcBGAYYCw\/s1600\/tarte-fraises.jpg\" imageanchor=\"1\" style=\"margin-left: 1em; margin-right: 1em;\"><img decoding=\"async\" alt=\"tarte fraise recette\" border=\"0\" data-original-height=\"1034\" data-original-width=\"650\" src=\"https:\/\/1.bp.blogspot.com\/-kwSt9fGjC8s\/XsaPSg7UogI\/AAAAAAABPWo\/uVgkdqXkQAEAYPLT-6wheNRs0kb8Wlf1gCPcBGAYYCw\/s1600\/tarte-fraises.jpg\" title=\"tarte fraises\"\/><\/a><\/div>\n<p>\nPour cette recette, j&rsquo;utilise la <a href=\"https:\/\/www.iletaitunefoislapatisserie.com\/2019\/01\/recette-de-la-pate-sucree-facon.html\" target=\"_blank\" rel=\"noopener noreferrer\">p\u00e2te sucr\u00e9e de Philippe Conticini<\/a>. Vous pouvez bien s\u00fbr prendre une p\u00e2te du commerce, mais sachez que vous y perdrez \u00e9norm\u00e9ment en go\u00fbt et en texture !<\/p>\n<blockquote class=\"tr_bq\"><p>\nVous trouverez ici tout le <span class=\"lienamazon\"><a href=\"https:\/\/www.iletaitunefoislapatisserie.com\/p\/materiel-indispensable-tartes.html\">mat\u00e9riel indispensable pour r\u00e9aliser de d\u00e9licieuses tartes<\/a><\/span>.<\/p><\/blockquote>\n<p><\/p>\n<div class=\"snippet2\">\n<b><u>INFOS RECETTE :<\/u><\/b><\/p>\n<p><i class=\"fas fa-user\"\/>\u00a0 Parts : <b><span class=\"yield\">8<\/span> personnes<\/b><br \/><i class=\"fas fa-utensils\"\/>\u00a0  Pr\u00e9paration : <b><span class=\"preptime\">25 minutes<span class=\"value-title\" title=\"PT00H25M\"\/><\/span><\/b><br \/><i class=\"fas fa-cookie\"\/>\u00a0 Cuisson : <b><span class=\"cooktime\">35 minutes<span class=\"value-title\" title=\"PT00H35M\"\/><\/span><\/b><br \/><i class=\"far fa-clock\"\/>\u00a0 Total : <b><span class=\"duration\">1 heure<span class=\"value-title\" title=\"PT01H00M\"\/><\/span><\/b>\n<\/p>\n<\/div>\n<p><\/p>\n<div class=\"quantite\">\n<u>Ingr\u00e9dients pour une tarte aux fraises traditionnelle de <span class=\"yield\">8<\/span> personnes :<\/u><br \/><u>Pour <span class=\"yield\">la<\/span> p\u00e2te sucr\u00e9e :<\/u><\/p>\n<ul>\n<li><span class=\"ingredient\">125 g de beurre pommade<\/span><\/li>\n<li><span class=\"ingredient\">120 g de sucre <a href=\"https:\/\/www.affinite.fr\/index.php\/2022\/10\/22\/la-creme-glacee-la-nouvelle-culture-commerciale\/\">glace<\/a><\/span><\/li>\n<li><span class=\"ingredient\">Le zeste d&rsquo;un citron vert (facultatif)<\/span><\/li>\n<li><span class=\"ingredient\">1 oeuf <\/span><\/li>\n<li><span class=\"ingredient\">250 g de farine T55<\/span><\/li>\n<li><span class=\"ingredient\">30 g de poudre d&rsquo;amande<\/span><\/li>\n<li><span class=\"ingredient\">1 pinc\u00e9e de sel (fleur de sel c&rsquo;est encore mieux) <\/span><\/li>\n<\/ul>\n<p><u>Pour la cr\u00e8me p\u00e2tissi\u00e8re :<\/u><\/p>\n<ul style=\"text-align: left;\">\n<li><span class=\"ingredient\">30 cl de lait entier<\/span><\/li>\n<li><span class=\"ingredient\">1 gousse de vanille (ou 1\/2, \u00e7a ira aussi)<\/span> <\/li>\n<li><span class=\"ingredient\">3 jaunes d\u2019\u0153ufs<\/span><\/li>\n<li><span class=\"ingredient\">50 g de sucre en poudre<\/span><\/li>\n<li><span class=\"ingredient\">30 g de ma\u00efzena<\/span><\/li>\n<li><span class=\"ingredient\">10 g de farine<\/span> <\/li>\n<\/ul>\n<p><u><span class=\"ingredient\">Pour la garniture :<\/span><\/u><\/div>\n<p><!-- Dans l'article --><\/p>\n<p><b><u>PR\u00c9PARATION :<\/u><\/b><\/p>\n<p>La recette en vid\u00e9o <a href=\"https:\/\/youtu.be\/5rTbhqzGKQc\" target=\"_blank\" rel=\"noopener noreferrer\">est ici<\/a> :<\/p>\n<p>\n<iframe loading=\"lazy\" allow=\"autoplay; encrypted-media\" allowfullscreen=\"\" frameborder=\"0\" height=\"360\" src=\"https:\/\/www.youtube.com\/embed\/5rTbhqzGKQc\" width=\"650\"><\/iframe><\/p>\n<h3 style=\"text-align: left;\">\n<span class=\"instructions\">P\u00e2te sucr\u00e9e<\/span><\/h3>\n<p><span class=\"instructions\">1. Pensez \u00e0 sortir votre beurre du frigo <b>plusieurs heures \u00e0 l&rsquo;avance<\/b>, dans l&rsquo;id\u00e9al la veille. Sinon, passez-le au micro-ondes quelques secondes en position <b>d\u00e9cong\u00e9lation<\/b>. Il doit \u00eatre <b>super mou<\/b> mais pas fondu.<\/span><\/p>\n<p><span class=\"instructions\">Si vous pr\u00e9f\u00e9rez faire la p\u00e2te au <a href=\"https:\/\/www.iletaitunefoislapatisserie.com\/p\/guide-dachat-dun-robot-patissier.html\" target=\"_blank\" rel=\"noopener noreferrer\">robot p\u00e2tissier<\/a>, placez tout simplement les ingr\u00e9dients dans l&rsquo;ordre, dans la cuve du robot, et m\u00e9langez entre chaque ajout avec la feuille. <\/span><\/p>\n<p><span class=\"instructions\">2. Si vous faites la recette <b>\u00e0 la main<\/b>, m\u00e9langez ensemble le beurre et le sucre glace <b>tamis\u00e9<\/b>, jusqu&rsquo;\u00e0 obtenir une pr\u00e9paration homog\u00e8ne. Ajoutez la <b>poudre d&rsquo;amande<\/b> et le <b>zeste de citron vert<\/b> (le zeste de citron est facultatif, mais \u00e7a apporte un peu d&rsquo;acidit\u00e9 qui rel\u00e8ve le tout, c&rsquo;est d\u00e9licieux).<\/span><\/p>\n<p><span class=\"instructions\">Comme toujours, j&rsquo;utilise une <span class=\"lienamazon\"><a href=\"https:\/\/www.amazon.fr\/gp\/product\/B00151WA06\/ref=as_li_tl?ie=UTF8&amp;tag=iletaitunefoislapatisserie-21&amp;camp=1642&amp;creative=6746&amp;linkCode=as2&amp;creativeASIN=B00151WA06&amp;linkId=94c7ea6d0a82d558e0d5689ddf523f7a\" rel=\"nofollow\">r\u00e2pe microplane<\/a><\/span> pour avoir des zestes hyper fins. <\/span><\/p>\n<div class=\"separator\" style=\"clear: both; text-align: center;\">\n<a href=\"https:\/\/www.amazon.fr\/gp\/product\/B00151WA06\/ref=as_li_tl?ie=UTF8&amp;tag=iletaitunefoislapatisserie-21&amp;camp=1642&amp;creative=6746&amp;linkCode=as2&amp;creativeASIN=B00151WA06&amp;linkId=94c7ea6d0a82d558e0d5689ddf523f7a\" rel=\"nofollow\"><img decoding=\"async\" alt=\"https:\/\/www.amazon.fr\/gp\/product\/B00151WA06\/ref=as_li_tl?ie=UTF8&amp;tag=iletaitunefoislapatisserie-21&amp;camp=1642&amp;creative=6746&amp;linkCode=as2&amp;creativeASIN=B00151WA06&amp;linkId=94c7ea6d0a82d558e0d5689ddf523f7a\" border=\"0\" data-original-height=\"377\" data-original-width=\"400\" src=\"https:\/\/4.bp.blogspot.com\/-CSRw6xhKnAw\/W37UESCDwtI\/AAAAAAAAvYA\/zcxv6QEjcb0ce10CFUbFfRhl9I_p8T7bQCEwYBhgL\/s1600\/IMG_2061.JPG\"\/><\/a><\/div>\n<p><span class=\"instructions\"><br \/>\n<br \/><\/span><\/p>\n<p>\n3. Ajoutez l\u2019\u0153uf, et m\u00e9langez.<\/p>\n<p><span class=\"instructions\">4. Dans un autre r\u00e9cipient, m\u00e9langez ensemble la farine et le sel. Versez le tout sur votre plan de travail.<\/span><br \/>\nCreusez un puits et versez la premi\u00e8re pr\u00e9paration au centre.<\/p>\n<p><span class=\"instructions\">5. Avec une <span class=\"lienamazon\"><a href=\"https:\/\/amzn.to\/2X7c0V7\" rel=\"nofollow noopener noreferrer\" target=\"_blank\">corne \u00e0 p\u00e2tisserie<\/a><\/span>, tapotez sur la p\u00e2te jusqu&rsquo;\u00e0 ce qu&rsquo;elle s&rsquo;agglom\u00e8re.<\/span><\/p>\n<p><span class=\"instructions\">Cela permet de ne pas trop travailler la<br \/>\np\u00e2te, et donc de ne pas trop emb\u00eater le <b>gluten<\/b>. Cela permettra \u00e0 la p\u00e2te<br \/>\n de ne pas s&rsquo;affaisser \u00e0 la cuisson.<\/span><\/p>\n<div class=\"separator\" style=\"clear: both; text-align: center;\">\n<a href=\"https:\/\/amzn.to\/2X7c0V7\" rel=\"nofollow noopener noreferrer\" target=\"_blank\"><img decoding=\"async\" alt=\"https:\/\/www.amazon.fr\/lissage-g%C3%A2teau-outils-d%C3%A9coration-g%C3%A2teaux\/dp\/B0716MHN1B\/ref=as_li_ss_tl?ie=UTF8&amp;qid=1535027842&amp;sr=8-15&amp;keywords=racloir+g%C3%A2teau&amp;linkCode=ll1&amp;tag=iletaitunefoislapatisserie-21&amp;linkId=0ca0570ffac8e45d7d6ffc2ecc68d51f&amp;language=fr_FR\" border=\"0\" data-original-height=\"243\" data-original-width=\"400\" src=\"https:\/\/1.bp.blogspot.com\/-NoVKfKoE4mw\/W37vfWQBZbI\/AAAAAAAAvYY\/Yk1KOu4T0s0ot4GyF5_iL0DIbMKncPJoACLcBGAs\/s1600\/pate-sucr%25C3%25A9e.jpg\"\/><\/a><\/div>\n<p><span class=\"instructions\"><br \/>\n<br \/><\/span><\/p>\n<p><span class=\"instructions\">N&rsquo;h\u00e9sitez pas \u00e0 regarder la vid\u00e9o pour comprendre la <b>technique<\/b>.<\/span><\/p>\n<p>6. Rassemblez la p\u00e2te avec les mains et enveloppez-la dans du film alimentaire. Placez-la <b>1 heure au r\u00e9frig\u00e9rateur<\/b>. Vous pouvez la pr\u00e9parer la veille ou m\u00eame la congeler si besoin.<\/p>\n<h3 style=\"text-align: left;\">\nCr\u00e8me p\u00e2tissi\u00e8re<\/h3>\n<p>En attendant, on va faire <b>infuser la vanille<\/b>.<\/p>\n<p>1. Coupez la gousse de vanille en deux. Grattez les graines avec la lame d&rsquo;un couteau.<\/p>\n<p>2. Placez la gousse ouverte, les graines et le lait dans une casserole. Portez \u00e0 \u00e9bullition. D\u00e8s l&rsquo;\u00e9bullition, retirez la casserole du feu. Laissez infuser au moins 30 minutes. Si vous laissez plus longtemps, le go\u00fbt de vanille sera <b>plus intense<\/b>.<\/p>\n<h3 style=\"text-align: left;\">\nP\u00e2te sucr\u00e9e<\/h3>\n<p>\nOn reprend la p\u00e2te \u00e0 tarte !<\/p>\n<p>1. Sortez la p\u00e2te du frigo 15 minutes avant utilisation pour qu&rsquo;elle s&rsquo;assouplisse.<\/p>\n<p><span class=\"instructions\">2. \u00c9talez la p\u00e2te sur un plan de travail farin\u00e9, sur une \u00e9paisseur de 4 mm environ. Chemisez un <a href=\"https:\/\/amzn.to\/2z8M5n6\" rel=\"nofollow noopener noreferrer\" target=\"_blank\">cercle \u00e0 p\u00e2tisserie<\/a> ou un moule \u00e0 tarte avec la p\u00e2te.<\/span><\/p>\n<p><span class=\"instructions\">3. Piquez le fond de tarte avec une fourchette.<\/span><\/p>\n<div class=\"separator\" style=\"clear: both; text-align: center;\">\n<a href=\"https:\/\/amzn.to\/2z8M5n6\" rel=\"nofollow noopener noreferrer\" target=\"_blank\"><img decoding=\"async\" alt=\"https:\/\/amzn.to\/2z8M5n6\" border=\"0\" data-original-height=\"297\" data-original-width=\"400\" src=\"https:\/\/1.bp.blogspot.com\/-yl8LrIhV7Fc\/XsaPQkOsQII\/AAAAAAABPWo\/nvYStTu6aXYwmc79JJAF1wZb9WbcspX5QCPcBGAYYCw\/s1600\/IMG_8349.jpg\"\/><\/a><\/div>\n<p><span class=\"instructions\">4. Placez-le au frigo 1 heure minimum. Plus vous laisserez longtemps, plus votre p\u00e2te restera bien en place \u00e0 la cuisson. Vous pouvez la laisser toute une nuit.<\/span><\/p>\n<p><span class=\"instructions\">Si vous n&rsquo;avez pas le temps, vous pouvez la laisser 30 minutes au cong\u00e9lateur. <\/span><\/p>\n<p><span class=\"instructions\">Pour \u00e9viter que la p\u00e2te gonfle, vous pouvez la recouvrir de papier cuisson et disposer des haricot ou des petites <span class=\"lienamazon\"><a href=\"https:\/\/www.amazon.fr\/gp\/product\/B000PVHDHM\/ref=as_li_tl?ie=UTF8&amp;tag=iletaitunefoislapatisserie-21&amp;camp=1642&amp;creative=6746&amp;linkCode=as2&amp;creativeASIN=B000PVHDHM&amp;linkId=d54e629689c1d46d95a51689e8a0bcf1\" rel=\"nofollow noopener noreferrer\" target=\"_blank\">billes de cuisson en c\u00e9ramique<\/a><\/span> sur la papier, mais ce n&rsquo;est pas obligatoire. <\/span><br \/><strike><br \/><\/strike><br \/>\n5. <b>Pr\u00e9chauffer le four \u00e0 200\u00b0C<\/b>, puis<b> diminuez la temp\u00e9rature \u00e0 150\u00b0C. <\/b>Enfourner 30 \u00e0 35 minutes en surveillant la coloration.<\/p>\n<h3 style=\"text-align: left;\">\nCr\u00e8me p\u00e2tissi\u00e8re<\/h3>\n<p><span class=\"instructions\">1. Fouettez ensemble les jaunes et<br \/>\n le sucre jusqu&rsquo;\u00e0 ce que le m\u00e9lange <b>blanchisse<\/b>. Ajoutez la ma\u00efzena et la<br \/>\n farine tamis\u00e9es.<\/span><\/p>\n<p><span class=\"instructions\"><span class=\"instructions\">2. Retirez la <b>gousse de vanille<\/b> et versez le<br \/>\nlait petit \u00e0 petit sur le m\u00e9lange. Fouettez jusqu&rsquo;\u00e0 ce qu&rsquo;il<br \/>\ndevienne homog\u00e8ne.<\/span><\/span><\/p>\n<p><span class=\"instructions\"><span class=\"instructions\"><span class=\"instructions\">3. Replacez le tout dans la casserole.<\/span><\/span><\/span><span class=\"instructions\"\/><span class=\"instructions\"> Laissez cuire \u00e0 feu moyen quelques minutes jusqu&rsquo;\u00e0 ce que le m\u00e9lange<br \/>\n<b>\u00e9paississe<\/b>. Attention, pas trop longtemps car la cr\u00e8me p\u00e2tissi\u00e8re<br \/>\ncontinue d&rsquo;\u00e9paissir ensuite hors du feu en refroidissant. Cinq minutes<br \/>\nsuffisent en g\u00e9n\u00e9ral. <\/span><br \/><span class=\"instructions\"><span class=\"instructions\">\u00a0<\/span> <\/span><br \/>4. Versez la cr\u00e8me p\u00e2tissi\u00e8re dans un r\u00e9cipient et <b>filmez au contact<\/b> (c&rsquo;est-\u00e0-dire en collant le film alimentaire \u00e0 la pr\u00e9paration). Laissez refroidir, puis placez au r\u00e9frig\u00e9rateur jusqu&rsquo;\u00e0 utilisation.<\/p>\n<p><\/p>\n<h3 style=\"text-align: left;\">\nMontage<\/h3>\n<p>\n1. D\u00e9cerclez votre p\u00e2te sucr\u00e9e. Pour qu&rsquo;elle soit parfaite, je vous conseille de passer un petit coup de <span class=\"lienamazon\"><a href=\"https:\/\/www.amazon.fr\/gp\/product\/B00151WA06\/ref=as_li_tl?ie=UTF8&amp;tag=iletaitunefoislapatisserie-21&amp;camp=1642&amp;creative=6746&amp;linkCode=as2&amp;creativeASIN=B00151WA06&amp;linkId=bf999592508e128e5daf780ccdb4473a\" rel=\"nofollow noopener noreferrer\" target=\"_blank\">r\u00e2pe microplane<\/a><\/span> sur le dessus et sur les bords.<\/p>\n<p>2. Versez la cr\u00e8me p\u00e2tissi\u00e8re sur le fond de tarte.<\/p>\n<div class=\"separator\" style=\"clear: both; text-align: center;\">\n<a href=\"https:\/\/1.bp.blogspot.com\/-yZaQUa3Jzns\/XsaPQvhlxuI\/AAAAAAABPWc\/gqTRbpyKkCk-EA5XD2kXiV_B31_7onY_wCPcBGAYYCw\/s1600\/IMG_8350.jpg\" imageanchor=\"1\" style=\"margin-left: 1em; margin-right: 1em;\"><img decoding=\"async\" border=\"0\" data-original-height=\"374\" data-original-width=\"400\" src=\"https:\/\/1.bp.blogspot.com\/-yZaQUa3Jzns\/XsaPQvhlxuI\/AAAAAAABPWc\/gqTRbpyKkCk-EA5XD2kXiV_B31_7onY_wCPcBGAYYCw\/s1600\/IMG_8350.jpg\"\/><\/a><\/div>\n<p>3. Lavez et \u00e9queutez les <b>fraises<\/b>. Coupez-les en deux et disposez-les sur la cr\u00e8me, de fa\u00e7on \u00e0 la recouvrir enti\u00e8rement.<\/p>\n<div class=\"separator\" style=\"clear: both; text-align: center;\">\n<a href=\"https:\/\/1.bp.blogspot.com\/-s0Unu-03TlE\/XsaPSeetFNI\/AAAAAAABPWs\/mTgvGcwyPIEfwGDlT2RJnd8SM4O0gkrNQCPcBGAYYCw\/s1600\/tarte-aux-fraises.jpg\" imageanchor=\"1\" style=\"margin-left: 1em; margin-right: 1em;\"><img decoding=\"async\" alt=\"tarte aux fraises\" border=\"0\" data-original-height=\"498\" data-original-width=\"650\" src=\"https:\/\/1.bp.blogspot.com\/-s0Unu-03TlE\/XsaPSeetFNI\/AAAAAAABPWs\/mTgvGcwyPIEfwGDlT2RJnd8SM4O0gkrNQCPcBGAYYCw\/s1600\/tarte-aux-fraises.jpg\" title=\"tarte fraises avec cr\u00e8me p\u00e2tissi\u00e8re\"\/><\/a><\/div>\n<p>C&rsquo;est pr\u00eat ! Vous m&rsquo;en direz des nouvelles, cette tarte aux fraises est un vrai d\u00e9lice !<\/p>\n<div class=\"separator\" style=\"clear: both; text-align: center;\">\n<a href=\"https:\/\/1.bp.blogspot.com\/-kDs6zoY5WyU\/XsaPQsRnjFI\/AAAAAAABPWc\/QXvSNGzZBp4R2QiSrbj9NN9KRfrouIZvwCPcBGAYYCw\/s1600\/recette-tarte-aux-fraises.jpg\" imageanchor=\"1\" style=\"margin-left: 1em; margin-right: 1em;\"><img decoding=\"async\" alt=\"tarte aux fraises facile\" border=\"0\" data-original-height=\"544\" data-original-width=\"650\" src=\"https:\/\/1.bp.blogspot.com\/-kDs6zoY5WyU\/XsaPQsRnjFI\/AAAAAAABPWc\/QXvSNGzZBp4R2QiSrbj9NN9KRfrouIZvwCPcBGAYYCw\/s1600\/recette-tarte-aux-fraises.jpg\" title=\"tarte aux fraises\"\/><\/a><\/div>\n<p>\nBon app\u00e9tit !<\/p>\n<div class=\"separator\" style=\"clear: both; text-align: center;\">\n<a href=\"https:\/\/1.bp.blogspot.com\/-4YH8FY-lDm0\/XsaPRV8EmiI\/AAAAAAABPWg\/XXj71iVLspg3vE9up2tCkJA6Pc3KFt9aACPcBGAYYCw\/s1600\/tarte-aux-fraises-facile.jpg\" imageanchor=\"1\" style=\"margin-left: 1em; margin-right: 1em;\"><img decoding=\"async\" alt=\"tarte aux fraises cr\u00e8me\" border=\"0\" data-original-height=\"998\" data-original-width=\"650\" src=\"https:\/\/1.bp.blogspot.com\/-4YH8FY-lDm0\/XsaPRV8EmiI\/AAAAAAABPWg\/XXj71iVLspg3vE9up2tCkJA6Pc3KFt9aACPcBGAYYCw\/s1600\/tarte-aux-fraises-facile.jpg\" title=\"faire une tarte aux fraises\"\/><\/a><\/div>\n<p><a href=\"https:\/\/www.iletaitunefoislapatisserie.com\/p\/tartes-et-tartelettes.html\" target=\"_blank\" rel=\"noopener noreferrer\">Toutes mes recettes de tartes et tartelettes sont ici.<\/a><\/p>\n<p><span class=\"author\">Christelle<\/span>\n<\/p>\n<\/div>\n<p>[ad_2]<br \/>\n<br \/><a href=\"https:\/\/www.iletaitunefoislapatisserie.com\/2013\/06\/tarte-aux-fraises.html\">Source link <\/a><\/p>\n","protected":false},"excerpt":{"rendered":"<p>[ad_1] Voici une recette facile et qui pla\u00eet \u00e0 tous les coups : la tarte aux fraises traditionnelle ! Une &hellip; <a href=\"https:\/\/www.affinite.fr\/index.php\/2020\/05\/27\/il-etait-une-fois-la-patisserie-28\/\" class=\"more-link\">Plus <span class=\"screen-reader-text\">Il \u00e9tait une fois la p\u00e2tisserie<\/span> <span class=\"meta-nav\">&rarr;<\/span><\/a><\/p>\n","protected":false},"author":1,"featured_media":3285,"comment_status":"open","ping_status":"open","sticky":false,"template":"","format":"standard","meta":{"_sitemap_exclude":false,"_sitemap_priority":"","_sitemap_frequency":"","footnotes":""},"categories":[1],"tags":[],"class_list":["post-3284","post","type-post","status-publish","format-standard","has-post-thumbnail","hentry","category-tous"],"_links":{"self":[{"href":"https:\/\/www.affinite.fr\/index.php\/wp-json\/wp\/v2\/posts\/3284"}],"collection":[{"href":"https:\/\/www.affinite.fr\/index.php\/wp-json\/wp\/v2\/posts"}],"about":[{"href":"https:\/\/www.affinite.fr\/index.php\/wp-json\/wp\/v2\/types\/post"}],"author":[{"embeddable":true,"href":"https:\/\/www.affinite.fr\/index.php\/wp-json\/wp\/v2\/users\/1"}],"replies":[{"embeddable":true,"href":"https:\/\/www.affinite.fr\/index.php\/wp-json\/wp\/v2\/comments?post=3284"}],"version-history":[{"count":0,"href":"https:\/\/www.affinite.fr\/index.php\/wp-json\/wp\/v2\/posts\/3284\/revisions"}],"wp:featuredmedia":[{"embeddable":true,"href":"https:\/\/www.affinite.fr\/index.php\/wp-json\/wp\/v2\/media\/3285"}],"wp:attachment":[{"href":"https:\/\/www.affinite.fr\/index.php\/wp-json\/wp\/v2\/media?parent=3284"}],"wp:term":[{"taxonomy":"category","embeddable":true,"href":"https:\/\/www.affinite.fr\/index.php\/wp-json\/wp\/v2\/categories?post=3284"},{"taxonomy":"post_tag","embeddable":true,"href":"https:\/\/www.affinite.fr\/index.php\/wp-json\/wp\/v2\/tags?post=3284"}],"curies":[{"name":"wp","href":"https:\/\/api.w.org\/{rel}","templated":true}]}}