{"id":3266,"date":"2020-05-27T02:07:27","date_gmt":"2020-05-27T02:07:27","guid":{"rendered":"https:\/\/www.affinite.fr\/index.php\/2020\/05\/27\/samsung-devoile-un-processeur-ultime-pour-les-smartphones-5g-milieu-de-gamme\/"},"modified":"2020-05-27T02:07:27","modified_gmt":"2020-05-27T02:07:27","slug":"samsung-devoile-un-processeur-ultime-pour-les-smartphones-5g-milieu-de-gamme","status":"publish","type":"post","link":"https:\/\/www.affinite.fr\/index.php\/2020\/05\/27\/samsung-devoile-un-processeur-ultime-pour-les-smartphones-5g-milieu-de-gamme\/","title":{"rendered":"Samsung d\u00e9voile un processeur ultime pour les smartphones 5G milieu de gamme"},"content":{"rendered":"<p> [ad_1]<br \/>\n<\/p>\n<div itemprop=\"articleBody\">\n<p>Un nouvel Exynos int\u00e8gre l&rsquo;\u00e9curie Samsung. Aucune chance de le trouver dans <a href=\"https:\/\/www.01net.com\/actualites\/des-fans-de-smartphones-samsung-lance-une-petition-contre-samsung-1881180.html\" target=\"_blank\" rel=\"noopener noreferrer\">les futurs Galaxy Note 20<\/a>, il n&rsquo;a pas autant d&rsquo;ambition. Non, le processeur Exynos 880 est un SoC (System on Chip) qui a vocation \u00e0 d\u00e9loger ses concurrents <a href=\"https:\/\/www.01net.com\/actualites\/qualcomm-annonce-ses-nouveaux-snapdragon-865-et-765-des-puces-uniquement-5g-1818175.html\" target=\"_blank\" rel=\"noopener noreferrer\">Qualcomm<\/a> et <a href=\"https:\/\/www.01net.com\/actualites\/huawei-devoile-le-kirin-820-sa-premiere-puce-5g-pour-smartphones-milieu-de-gamme-1885194.html\" target=\"_blank\" rel=\"noopener noreferrer\">Kirin<\/a> dans les smartphones de milieu de gamme, compatibles 5G.<\/p>\n<p>Cette solution tout-en-un\u00a0int\u00e8gre le module de communication 5G directement sur son circuit. Ce modem serait compatible avec un tr\u00e8s grand nombre de bandes de fr\u00e9quences aussi bien asiatiques qu&rsquo;europ\u00e9ennes et offrirait d&rsquo;excellentes vitesses de transfert de donn\u00e9es aussi bien en 4G qu&rsquo;en 5G. De quoi s&rsquo;assurer la pr\u00e9f\u00e9rence de nombreux constructeurs de mobiles ?<\/p>\n<aside class=\"bg-color-0 padding-inside-all-s bloc border-s\">\n<h4 class=\"box-txt-normal\">\n<p><strong>\u00c0 d\u00e9couvrir aussi en vid\u00e9o :<\/strong><\/p>\n<\/h4>\n<\/aside>\n<blockquote>\n<p style=\"color:#333; font-family:arial,helvetica,sans-serif; font-size:18px\"><strong>\u00c0 lire aussi : <\/strong><a href=\"https:\/\/www.01net.com\/actualites\/des-fans-de-smartphones-samsung-lance-une-petition-contre-samsung-1881180.html\" target=\"_blank\" rel=\"noopener noreferrer\">Des fans de smartphones Samsung lancent une p\u00e9tition contre&#8230; Samsung<\/a><\/p>\n<\/blockquote>\n<h3 style=\"color:#333; font-family:arial,helvetica,sans-serif; font-size:23px; font-weight:700\">Le tueur de Snapdragon 765<\/h3>\n<p>Parce que la 5G ne suffit plus \u00e0 convaincre, l&rsquo;Exynos 880 a d&rsquo;autres atouts dans sa manche. D\u00e9j\u00e0 produit \u00e0 grande \u00e9chelle et grav\u00e9 en 8 nm (FinFET), l&rsquo;Exynos 880 embarque huit c\u0153urs &#8211; deux \u00ab gros \u00bb Cortex-A76 \u00e0 2 GHz et six \u00ab petits \u00bb Cortex-A55 \u00e0 1,8 GHz. Un contr\u00f4leur m\u00e9moire LPDDR4x est aussi de la partie, tout comme l&rsquo;interface de stockage qui prend en charge \u00e0 la fois le <a href=\"https:\/\/www.01net.com\/actualites\/grace-a-cette-solution-de-stockage-nos-smartphones-seront-encore-plus-rapides-1364369.html\" target=\"_blank\" rel=\"noopener noreferrer\">format UFS 2.1<\/a> et l&rsquo;eMMC 5.1.<\/p>\n<p>Pour le gaming et l&rsquo;affichage, c&rsquo;est un processeur Mali G-76 MP5 qui est \u00e0 la barre et capable d&rsquo;afficher les interfaces et les jeux sur des dalles d&rsquo;une d\u00e9finition de 2520 par 1080 pixels maximum.<br \/>Des unit\u00e9s d\u00e9di\u00e9es \u00e0 l&rsquo;IA sont aussi au menu (Neuronal Processing Unit et Digital Signal Processor) \u00e0 la fois pour la reconnaissance faciale, la s\u00e9curisation des donn\u00e9es mais aussi tout ce qui touche \u00e0 l&rsquo;imagerie am\u00e9lior\u00e9e par l&rsquo;IA.<\/p>\n<figure class=\"figure text-center\"><img decoding=\"async\" class=\"article-img img-responsive-l\" src=\"https:\/\/img.bfmtv.com\/c\/0\/708\/3cc\/5fdaf86e3df5e5501461577b19f6c.jpg\" alt=\"\"\/><figcaption class=\"figure-caption figcaption color-txt-0 title-xs hidden-xs\"\/><\/figure>\n<p>D&rsquo;ailleurs, sur le versant photographique et vid\u00e9o, le processeur de traitement des images (ISP) grav\u00e9 sur la puce peut g\u00e9rer jusqu&rsquo;\u00e0 cinq\u00a0modules cam\u00e9ra soit de mani\u00e8re ind\u00e9pendante ou moiti\u00e9 group\u00e9e, moiti\u00e9 ind\u00e9pendante (64 MPixels en solo, 2 x 20 MP en duo, etc.).<br \/>Les prises de s\u00e9quences anim\u00e9es pourront se faire en 4K30 et l&rsquo;encodage\/d\u00e9codage des principaux codecs (H265, H264 et VP9) est assur\u00e9.<\/p>\n<p>Enfin, l&rsquo;Exynos 880 g\u00e8re l&rsquo;USB Type-C, le Wi-Fi 5 (ou ac), le Bluetooth 5 ainsi que tous les capteurs, acc\u00e9l\u00e9rom\u00e8tres et autres GPS usuels du march\u00e9. Vivo l&rsquo;a d&rsquo;ores et d\u00e9j\u00e0 int\u00e9gr\u00e9 dans son Y70s annonc\u00e9 en Chine en d\u00e9but de semaine et il est fort probable que ce ne soit que le premier d&rsquo;une longue liste.<\/p>\n<p><strong>Source :<\/strong> <a href=\"https:\/\/www.samsung.com\/semiconductor\/minisite\/exynos\/products\/mobileprocessor\/exynos-880\/#\" target=\"_blank\" rel=\"noopener noreferrer\">Samsung<\/a><\/p>\n<\/p><\/div>\n<p><script>\n         !function(f,b,e,v,n,t,s){if(f.fbq)return;n=f.fbq=function()\n         {n.callMethod? n.callMethod.apply(n,arguments):n.queue.push(arguments)}\n         ;if(!f._fbq)f._fbq=n;\n             n.push=n;n.loaded=!0;n.version='2.0';n.queue=[];t=b.createElement(e);t.async=!0;\n             t.src=v;s=b.getElementsByTagName(e)[0];s.parentNode.insertBefore(t,s)}(window,\n                 document,'script','https:\/\/connect.facebook.net\/en_US\/fbevents.js');\n         fbq('init', '1065890633454496');\n         fbq('track', 'PageView');\n     <\/script><br \/>\n<br \/>[ad_2]<br \/>\n<br \/><a href=\"https:\/\/www.01net.com\/actualites\/samsung-devoile-un-processeur-ultime-pour-les-smartphones-5g-milieu-de-gamme-1920845.html\">Source link <\/a><\/p>\n","protected":false},"excerpt":{"rendered":"<p>[ad_1] Un nouvel Exynos int\u00e8gre l&rsquo;\u00e9curie Samsung. Aucune chance de le trouver dans les futurs Galaxy Note 20, il n&rsquo;a &hellip; <a href=\"https:\/\/www.affinite.fr\/index.php\/2020\/05\/27\/samsung-devoile-un-processeur-ultime-pour-les-smartphones-5g-milieu-de-gamme\/\" class=\"more-link\">Plus <span class=\"screen-reader-text\">Samsung d\u00e9voile un processeur ultime pour les smartphones 5G milieu de gamme<\/span> <span class=\"meta-nav\">&rarr;<\/span><\/a><\/p>\n","protected":false},"author":1,"featured_media":3267,"comment_status":"open","ping_status":"open","sticky":false,"template":"","format":"standard","meta":{"_sitemap_exclude":false,"_sitemap_priority":"","_sitemap_frequency":"","footnotes":""},"categories":[1],"tags":[],"class_list":["post-3266","post","type-post","status-publish","format-standard","has-post-thumbnail","hentry","category-tous"],"_links":{"self":[{"href":"https:\/\/www.affinite.fr\/index.php\/wp-json\/wp\/v2\/posts\/3266"}],"collection":[{"href":"https:\/\/www.affinite.fr\/index.php\/wp-json\/wp\/v2\/posts"}],"about":[{"href":"https:\/\/www.affinite.fr\/index.php\/wp-json\/wp\/v2\/types\/post"}],"author":[{"embeddable":true,"href":"https:\/\/www.affinite.fr\/index.php\/wp-json\/wp\/v2\/users\/1"}],"replies":[{"embeddable":true,"href":"https:\/\/www.affinite.fr\/index.php\/wp-json\/wp\/v2\/comments?post=3266"}],"version-history":[{"count":0,"href":"https:\/\/www.affinite.fr\/index.php\/wp-json\/wp\/v2\/posts\/3266\/revisions"}],"wp:featuredmedia":[{"embeddable":true,"href":"https:\/\/www.affinite.fr\/index.php\/wp-json\/wp\/v2\/media\/3267"}],"wp:attachment":[{"href":"https:\/\/www.affinite.fr\/index.php\/wp-json\/wp\/v2\/media?parent=3266"}],"wp:term":[{"taxonomy":"category","embeddable":true,"href":"https:\/\/www.affinite.fr\/index.php\/wp-json\/wp\/v2\/categories?post=3266"},{"taxonomy":"post_tag","embeddable":true,"href":"https:\/\/www.affinite.fr\/index.php\/wp-json\/wp\/v2\/tags?post=3266"}],"curies":[{"name":"wp","href":"https:\/\/api.w.org\/{rel}","templated":true}]}}