{"id":3260,"date":"2020-05-27T00:05:09","date_gmt":"2020-05-27T00:05:09","guid":{"rendered":"https:\/\/www.affinite.fr\/index.php\/2020\/05\/27\/xiaomi-lance-ses-televiseurs-4k-connectes-et-a-prix-casse-en-france\/"},"modified":"2020-05-27T00:05:09","modified_gmt":"2020-05-27T00:05:09","slug":"xiaomi-lance-ses-televiseurs-4k-connectes-et-a-prix-casse-en-france","status":"publish","type":"post","link":"https:\/\/www.affinite.fr\/index.php\/2020\/05\/27\/xiaomi-lance-ses-televiseurs-4k-connectes-et-a-prix-casse-en-france\/","title":{"rendered":"Xiaomi lance ses t\u00e9l\u00e9viseurs 4K, connect\u00e9s et \u00e0\u00a0prix cass\u00e9 en France"},"content":{"rendered":"<p> [ad_1]<br \/>\n<br \/><img decoding=\"async\" src=\"https:\/\/img.bfmtv.com\/i\/0\/0\/ba3\/9d11771e670213c6fe469e357b2b5.png\" \/><\/p>\n<div itemprop=\"articleBody\">\n<p>Promise pour 2020, l&rsquo;offensive tonitruante des fabricants de smartphones chinois dans le march\u00e9 TV\u00a0 est peut-\u00eatre enfin lanc\u00e9e. Bien avant Huawei, Honor ou encore OnePlus, c\u2019est donc <a href=\"https:\/\/www.01net.com\/actualites\/xiaomi-va-lancer-en-europe-des-televiseurs-4k-a-prix-casses-1800717.html\" target=\"_blank\" rel=\"noopener noreferrer\">Xiaomi qui initie le mouvement avec la commercialisation de quatre mod\u00e8les \u00e0 prix cass\u00e9<\/a>.<\/p>\n<p>Aux c\u00f4t\u00e9s des Samsung, Sony ou encore LG, il faudra donc s\u2019habituer \u00e0 voir une nouvelle r\u00e9f\u00e9rence, la Mi TV 4S. Annonc\u00e9s en marge des Redmi Note 8T et du Mi Note 10 en novembre, ces quatre mod\u00e8les seront disponibles en pr\u00e9commande d\u00e8s le 19 juin.<\/p>\n<p>L\u2019offre TV de Xiaomi se divise en deux cat\u00e9gories. Il y a\u00a0les mod\u00e8les 43, 55 et 65 pouces, qui disposent des m\u00eames caract\u00e9ristiques \u00e0 l\u2019exception de la taille de leur diagonale. Ces versions de la Mi TV 4S sont donc pourvus d\u2019Android TV compatibles 4K et HDR\u00a0 mais aussi dot\u00e9s d\u2019une t\u00e9l\u00e9commande avec micro pour am\u00e9liorer l\u2019exp\u00e9rience de la partie connect\u00e9e et plus pr\u00e9cis\u00e9ment de Google Assistant.\u00a0<\/p>\n<h3 style=\"color:#333; font-family:arial,helvetica,sans-serif; font-size:23px; font-weight:700\">55 pouces 4K et connect\u00e9 \u00e0 449 euros<\/h3>\n<p>\u00c0 l\u2019image des smartphones de la marque, ils sont \u00e9quip\u00e9s d\u2019un processeur MediaTek 6886 coupl\u00e9 \u00e0 2 Go de RAM et 16\u00a0Go de stockage. C\u00f4t\u00e9 connectique, il faudra compter avec trois ports HDMI, trois ports USB et un Ethernet.<br \/>Le mod\u00e8le phare de ce trio sera sans doute le Mi TV 4S 55 pouces gr\u00e2ce \u00e0 un prix tr\u00e8s attractif (449 euros pendant deux semaines puis 499 euros). La version 43 pouces est 100 euros moins ch\u00e8re. Quant \u00e0 la grande diagonale de 65 pouces, elle sera propos\u00e9e \u00e0 549 euros pendant deux semaines puis 699 euros. L\u2019ensemble de la gamme sera vendue dans les magasins Fnac, Darty, Cdiscount, dans les Mi Stores et sur mi.com.\u00a0<\/p>\n<p>Enfin, en plus de ces trois mod\u00e8les, Xiaomi lance \u00e9galement un Mi TV 4S 32\u2019\u2019. Ce mod\u00e8le d\u2019appoint se contente d\u2019une d\u00e9finition HD et d\u2019un processeur moins muscl\u00e9, mais \u00e0 149 euros, (puis 199 euros \u00e0 partir de fin juin), il devrait trouver preneur.\u00a0<\/p>\n<aside class=\"bg-color-0 padding-inside-all-s bloc border-s\">\n<h4 class=\"box-txt-normal\">\n<p><strong>\u00c0 d\u00e9couvrir aussi en vid\u00e9o :<\/strong><\/p>\n<\/h4>\n<\/aside>\n<p>Xiaomi l\u00e8ve donc peu \u00e0 peu les doutes concernant son <a href=\"https:\/\/www.affinite.fr\/index.php\/2024\/12\/08\/chere-maman-et-si-ce-noel-vous-offriez-a-votre-ado-un-avenir-%f0%9f%8e%84%e2%9c%a8\/\">avenir<\/a> sur le march\u00e9 TV. Si l\u2019on savait le Chinois, capable de tailler dans les prix, un doute persistait sur ses capacit\u00e9s de distribution.<br \/>Celui-ci est d\u00e9sormais lev\u00e9 puisque le constructeur s\u2019appuie sur un r\u00e9seau de commer\u00e7ants solide. Il ne reste donc plus qu\u2019un indicateur \u00e0 valider, sans doute le plus important : la qualit\u00e9 de ces TV. En la mati\u00e8re, le test de notre labo est indispensable et il devrait avoir lieu dans les prochains jours.\u00a0<\/p>\n<\/p><\/div>\n<p><script>\n         !function(f,b,e,v,n,t,s){if(f.fbq)return;n=f.fbq=function()\n         {n.callMethod? n.callMethod.apply(n,arguments):n.queue.push(arguments)}\n         ;if(!f._fbq)f._fbq=n;\n             n.push=n;n.loaded=!0;n.version='2.0';n.queue=[];t=b.createElement(e);t.async=!0;\n             t.src=v;s=b.getElementsByTagName(e)[0];s.parentNode.insertBefore(t,s)}(window,\n                 document,'script','https:\/\/connect.facebook.net\/en_US\/fbevents.js');\n         fbq('init', '1065890633454496');\n         fbq('track', 'PageView');\n     <\/script><br \/>\n<br \/>[ad_2]<br \/>\n<br \/><a href=\"https:\/\/www.01net.com\/actualites\/xiaomi-lancent-ses-televiseurs-4k-connectes-et-aprix-casse-en-france-1920858.html\">Source link <\/a><\/p>\n","protected":false},"excerpt":{"rendered":"<p>[ad_1] Promise pour 2020, l&rsquo;offensive tonitruante des fabricants de smartphones chinois dans le march\u00e9 TV\u00a0 est peut-\u00eatre enfin lanc\u00e9e. Bien &hellip; <a href=\"https:\/\/www.affinite.fr\/index.php\/2020\/05\/27\/xiaomi-lance-ses-televiseurs-4k-connectes-et-a-prix-casse-en-france\/\" class=\"more-link\">Plus <span class=\"screen-reader-text\">Xiaomi lance ses t\u00e9l\u00e9viseurs 4K, connect\u00e9s et \u00e0\u00a0prix cass\u00e9 en France<\/span> <span class=\"meta-nav\">&rarr;<\/span><\/a><\/p>\n","protected":false},"author":1,"featured_media":3261,"comment_status":"open","ping_status":"open","sticky":false,"template":"","format":"standard","meta":{"_sitemap_exclude":false,"_sitemap_priority":"","_sitemap_frequency":"","footnotes":""},"categories":[1],"tags":[],"class_list":["post-3260","post","type-post","status-publish","format-standard","has-post-thumbnail","hentry","category-tous"],"_links":{"self":[{"href":"https:\/\/www.affinite.fr\/index.php\/wp-json\/wp\/v2\/posts\/3260"}],"collection":[{"href":"https:\/\/www.affinite.fr\/index.php\/wp-json\/wp\/v2\/posts"}],"about":[{"href":"https:\/\/www.affinite.fr\/index.php\/wp-json\/wp\/v2\/types\/post"}],"author":[{"embeddable":true,"href":"https:\/\/www.affinite.fr\/index.php\/wp-json\/wp\/v2\/users\/1"}],"replies":[{"embeddable":true,"href":"https:\/\/www.affinite.fr\/index.php\/wp-json\/wp\/v2\/comments?post=3260"}],"version-history":[{"count":0,"href":"https:\/\/www.affinite.fr\/index.php\/wp-json\/wp\/v2\/posts\/3260\/revisions"}],"wp:featuredmedia":[{"embeddable":true,"href":"https:\/\/www.affinite.fr\/index.php\/wp-json\/wp\/v2\/media\/3261"}],"wp:attachment":[{"href":"https:\/\/www.affinite.fr\/index.php\/wp-json\/wp\/v2\/media?parent=3260"}],"wp:term":[{"taxonomy":"category","embeddable":true,"href":"https:\/\/www.affinite.fr\/index.php\/wp-json\/wp\/v2\/categories?post=3260"},{"taxonomy":"post_tag","embeddable":true,"href":"https:\/\/www.affinite.fr\/index.php\/wp-json\/wp\/v2\/tags?post=3260"}],"curies":[{"name":"wp","href":"https:\/\/api.w.org\/{rel}","templated":true}]}}