{"id":3238,"date":"2020-05-26T14:11:41","date_gmt":"2020-05-26T14:11:41","guid":{"rendered":"https:\/\/www.affinite.fr\/index.php\/2020\/05\/26\/cyril-hanouna-sidere-par-castaner-sen-prend-a-camelia-jordana\/"},"modified":"2020-05-26T14:11:41","modified_gmt":"2020-05-26T14:11:41","slug":"cyril-hanouna-sidere-par-castaner-sen-prend-a-camelia-jordana","status":"publish","type":"post","link":"https:\/\/www.affinite.fr\/index.php\/2020\/05\/26\/cyril-hanouna-sidere-par-castaner-sen-prend-a-camelia-jordana\/","title":{"rendered":"Cyril Hanouna, sid\u00e9r\u00e9 par Castaner, s&rsquo;en prend \u00e0 Cam\u00e9lia Jordana"},"content":{"rendered":"<p> [ad_1]<br \/>\n<br \/><img decoding=\"async\" src=\"https:\/\/img-3.journaldesfemmes.fr\/3pQCaBHwB38mQ3pLF9nhOSWMv9Q=\/1280x\/smart\/cb38dae10a944f11aac1f608228673c4\/ccmcms-jdf\/15956762.jpg\" \/><\/p>\n<p>\n                La controverse soulev\u00e9e par Cam\u00e9lia Jordana sur les violences polici\u00e8res et plus encore la r\u00e9action du ministre de l&rsquo;Int\u00e9rieur Christophe Castaner ont suscit\u00e9 la sid\u00e9ration de Cyril Hanouna&#8230; qui n&rsquo;a pas h\u00e9sit\u00e9 \u00e0 d\u00e9molir la chanteuse de 27\u00a0ans\u00a0!            <\/p>\n<div>\n<p>Nouveau rebondissement dans la pol\u00e9mique <strong>Cam\u00e9lia Jordana.<\/strong> Invit\u00e9e \u00e0 prendre la parole sur le plateau de <em>On n&rsquo;est pas Couch\u00e9<\/em> le 23\u00a0mai dernier, la chanteuse a provoqu\u00e9 la col\u00e8re des forces de l&rsquo;ordre en affirmant que <strong>des hommes et des femmes se faisaient \u00ab\u00a0<em>massacrer [pas la\u00a0Police] pour nulle autre raison que leur couleur de peau\u00a0\u00bb<\/em><\/strong>.<br \/>Ces accusations ont r\u00e9vuls\u00e9\u00a0Christophe Castaner\u00a0qui a qualifi\u00e9 les propos de la jeune femme de <em>\u00ab\u00a0mensongers et honteux\u00a0\u00bb<\/em> qui \u00ab\u00a0<em>alimentent la haine et la violence\u00a0\u00bb <\/em>dans un tweet le 24 mai.\u00a0Depuis, internautes et \u00e9lus s&rsquo;affrontent sur les r\u00e9seaux sociaux pour apporter leur soutien aux autorit\u00e9s, ou au contraire pour d\u00e9noncer les violences polici\u00e8res.<\/p>\n<h2>\u00ab\u00a0Je ne savais m\u00eame pas qu&rsquo;elle existait encore\u00a0\u00bb<\/h2>\n<p><strong><a href=\"https:\/\/www.journaldesfemmes.fr\/people\/cyril-hanouna\/\" title=\"Cyril Hanouna\">Cyril Hanouna<\/a><\/strong>, chroniqueur temp\u00e9tueux de la huiti\u00e8me cha\u00eene n&rsquo;a pas manqu\u00e9 de faire sa part de commentaires sur le plateau de <em>C que du kif<\/em>, dans la soir\u00e9e du 25\u00a0mai.<\/p>\n<p>L&rsquo;animateur n&rsquo;a pas dig\u00e9r\u00e9 le fait que Christophe Castaner r\u00e9ponde aux propos tenus par l&rsquo;ex-candidate de la Nouvelle Star\u00a0<em>: \u00ab\u00a0Moi je vais vous dire mon sentiment, franchement Christophe Castaner qui r\u00e9pond \u00e0 Cam\u00e9lia Jordana, je ne comprends pas\u00a0\u00bb, <\/em>et d&rsquo;ajouter: <em>\u00ab\u00a0Cam\u00e9lia Jordana je ne savais m\u00eame pas qu&rsquo;elle existait encore\u00a0\u00bb.<\/em><\/p>\n<p><a href=\"https:\/\/www.journaldesfemmes.fr\/loisirs\/tv\/2633903-cyril-hanouna-au-plus-mal-soucis-de-sante-dans-ma-famille-papa-coroavirus-coup-de-gueule-twitter\/\">Cyril Hanouna<\/a> s&rsquo;est ensuite moqu\u00e9 du tweet envoy\u00e9 par la chanteuse de <em>Non, Non, Non<\/em>, invitant le ministre de l&rsquo;Int\u00e9rieur \u00e0 <em>\u00ab\u00a0d\u00e9battre en direct sur le plateau de son choix\u00a0\u00bb.<\/em><\/p>\n<h2>La\u00a0politique\u00a0\u00e0 la rescousse ?<\/h2>\n<p>Lors d&rsquo;une visite dans un commissariat du 17<sup>e<\/sup> arrondissement de Paris, Christophe Castaner a r\u00e9agi en direct \u00e0 la pol\u00e9mique\u00a0: <em>\u00ab\u00a0Je suis tr\u00e8s attach\u00e9 au d\u00e9bat public (\u2026) donc je n&rsquo;entends pas poursuivre ces propos. Par contre <strong>la libert\u00e9 du d\u00e9bat public ne permet pas de dire tout et n&rsquo;importe quoi\u00a0\u00bb.<\/strong><\/em><\/p>\n<p>Il semblerait que le ministre de l&rsquo;Int\u00e9rieur dispose de nombreux soutiens de son c\u00f4t\u00e9. <strong>Manuel Valls<\/strong>, <a href=\"https:\/\/www.journaldesfemmes.fr\/societe\/actu\/2631681-manuel-valls-confine-au-soleil-des-baleares-il-redore-son-blason-francais\/\" target=\"_blank\" rel=\"noopener noreferrer\">rentr\u00e9 de son confinement paradisiaque<\/a>, a jug\u00e9 <em>\u00ab\u00a0l&rsquo;expression de <strong>Cam\u00e9lia Jordana fausse et exag\u00e9r\u00e9e<\/strong>\u00ab\u00a0<\/em>.<\/p>\n<p>L&rsquo;ancien chef du gouvernement, pass\u00e9 par Beauvau,\u00a0a apport\u00e9 son appui aux forces de police au micro de <em>BFM<\/em>\u00a0: <em>\u00ab\u00a0Ce sont souvent les forces de l&rsquo;ordre qui se font massacrer dans des quartiers compliqu\u00e9s, difficiles, et nous le savons bien\u00a0\u00bb<\/em>.<\/p>\n<aside id=\"NL_1656248390\" class=\"newsletter_subscription jNlBlock\"><noscript><br \/>\n            <\/noscript><\/p>\n<h3 class=\"newsletter_subscription-title\">Newsletter <\/h3>\n<p><a href=\"\/\/mailing.ccmbg.com\/archive\/last-85\" target=\"_blank\" class=\"a_hover\" rel=\"noopener noreferrer\">Voir un exemple<\/a><\/p>\n<\/aside>\n<p><strong>Philippe Juvin<\/strong>, maire LR de La Garenne-Colombes a appel\u00e9 sur <em>Cnews<\/em> \u00e0 ce que ces propos soient <em>\u00ab\u00a0condamn\u00e9s par la classe politique enti\u00e8re\u00a0\u00bb<\/em>\u00a0. Il a d\u00e9taill\u00e9:\u00a0<em>\u00ab\u00a0Je pense que cette dame reverra son jugement totalement idiot et inacceptable le jour o\u00f9 elle aura besoin que la police vienne la prot\u00e9ger.<strong> Il est loin le temps apr\u00e8s Charlie <\/strong><\/em><strong>[les attentats de 2015]<\/strong><em><strong> o\u00f9 tout le monde applaudissait les policiers <\/strong>et c&rsquo;est effrayant\u00a0\u00bb.<\/em><\/p>\n<\/p><\/div>\n<p>[ad_2]<br \/>\n<br \/><a href=\"https:\/\/www.journaldesfemmes.fr\/societe\/actu\/2638141-cyril-hanouna-sidere-par-castaner-s-en-prend-a-camelia-jordana\/\">Source link <\/a><\/p>\n","protected":false},"excerpt":{"rendered":"<p>[ad_1] La controverse soulev\u00e9e par Cam\u00e9lia Jordana sur les violences polici\u00e8res et plus encore la r\u00e9action du ministre de l&rsquo;Int\u00e9rieur &hellip; <a href=\"https:\/\/www.affinite.fr\/index.php\/2020\/05\/26\/cyril-hanouna-sidere-par-castaner-sen-prend-a-camelia-jordana\/\" class=\"more-link\">Plus <span class=\"screen-reader-text\">Cyril Hanouna, sid\u00e9r\u00e9 par Castaner, s&rsquo;en prend \u00e0 Cam\u00e9lia Jordana<\/span> <span class=\"meta-nav\">&rarr;<\/span><\/a><\/p>\n","protected":false},"author":1,"featured_media":3239,"comment_status":"open","ping_status":"open","sticky":false,"template":"","format":"standard","meta":{"_sitemap_exclude":false,"_sitemap_priority":"","_sitemap_frequency":"","footnotes":""},"categories":[1],"tags":[],"class_list":["post-3238","post","type-post","status-publish","format-standard","has-post-thumbnail","hentry","category-tous"],"_links":{"self":[{"href":"https:\/\/www.affinite.fr\/index.php\/wp-json\/wp\/v2\/posts\/3238"}],"collection":[{"href":"https:\/\/www.affinite.fr\/index.php\/wp-json\/wp\/v2\/posts"}],"about":[{"href":"https:\/\/www.affinite.fr\/index.php\/wp-json\/wp\/v2\/types\/post"}],"author":[{"embeddable":true,"href":"https:\/\/www.affinite.fr\/index.php\/wp-json\/wp\/v2\/users\/1"}],"replies":[{"embeddable":true,"href":"https:\/\/www.affinite.fr\/index.php\/wp-json\/wp\/v2\/comments?post=3238"}],"version-history":[{"count":0,"href":"https:\/\/www.affinite.fr\/index.php\/wp-json\/wp\/v2\/posts\/3238\/revisions"}],"wp:featuredmedia":[{"embeddable":true,"href":"https:\/\/www.affinite.fr\/index.php\/wp-json\/wp\/v2\/media\/3239"}],"wp:attachment":[{"href":"https:\/\/www.affinite.fr\/index.php\/wp-json\/wp\/v2\/media?parent=3238"}],"wp:term":[{"taxonomy":"category","embeddable":true,"href":"https:\/\/www.affinite.fr\/index.php\/wp-json\/wp\/v2\/categories?post=3238"},{"taxonomy":"post_tag","embeddable":true,"href":"https:\/\/www.affinite.fr\/index.php\/wp-json\/wp\/v2\/tags?post=3238"}],"curies":[{"name":"wp","href":"https:\/\/api.w.org\/{rel}","templated":true}]}}