{"id":3228,"date":"2020-05-26T09:13:39","date_gmt":"2020-05-26T09:13:39","guid":{"rendered":"https:\/\/www.affinite.fr\/index.php\/2020\/05\/26\/la-cnil-donne-son-feu-vert-a-lapplication-stopcovid\/"},"modified":"2020-05-26T09:13:39","modified_gmt":"2020-05-26T09:13:39","slug":"la-cnil-donne-son-feu-vert-a-lapplication-stopcovid","status":"publish","type":"post","link":"https:\/\/www.affinite.fr\/index.php\/2020\/05\/26\/la-cnil-donne-son-feu-vert-a-lapplication-stopcovid\/","title":{"rendered":"La Cnil donne son feu vert \u00e0 l&rsquo;application StopCovid"},"content":{"rendered":"<p> [ad_1]<br \/>\n<br \/><img decoding=\"async\" src=\"https:\/\/img.bfmtv.com\/i\/0\/0\/0c67\/802d42b7fa1e4bdae0398631420f.jpeg\" \/><\/p>\n<div itemprop=\"articleBody\">\n<p>La Cnil a donn\u00e9 son feu vert mardi \u00e0 la mise en place de StopCovid, l&rsquo;application de tra\u00e7age de contacts pour smartphones voulue par le gouvernement pour lutter contre l&rsquo;\u00e9pid\u00e9mie du coronavirus. Dans son avis publi\u00e9 ce mardi 26 mai, la Commission nationale de l&rsquo;informatique et des libert\u00e9s estime que l&rsquo;application respecte les diff\u00e9rentes dispositions l\u00e9gislatives relatives \u00e0 la protection de la vie priv\u00e9e, et formule quelques derni\u00e8res recommandations pour sa mise en place.<\/p>\n<p>L&rsquo;application StopCovid permettra \u00e0 un utilisateur de garder la trace des autres utilisateurs crois\u00e9s pendant les deux derni\u00e8res semaines (\u00e0 moins de 1 m\u00e8tre, pendant au moins 15 minutes). Si cet utilisateur d\u00e9couvre qu&rsquo;il est porteur du coronavirus, il peut pr\u00e9venir les personnes crois\u00e9es, en notifiant l&rsquo;application de sa contamination.<\/p>\n<h3 style=\"color:#333; font-family:arial,helvetica,sans-serif; font-size:23px; font-weight:700\">Des garde-fous pour emp\u00eacher les d\u00e9rives<\/h3>\n<p>StopCovid suscite les craintes de bon nombre d\u00e9fenseurs de la vie priv\u00e9e, qui craignent qu&rsquo;elle ne marque un premier pas vers une soci\u00e9t\u00e9 de la surveillance o\u00f9 nos faits et gestes sont \u00e9pi\u00e9s en permanence par des syst\u00e8mes automatiques.\u00a0\u00a0\u00a0\u00a0\u00a0 Mais dans son avis, la Cnil, qui avait d\u00e9j\u00e0 donn\u00e9 un feu vert de principe le 24 avril, \u00a0constate que les concepteurs de l&rsquo;application ont \u00e9rig\u00e9 un certain nombre de garde-fous pour emp\u00eacher les d\u00e9rives.<\/p>\n<p>Elle formule n\u00e9anmoins quelques observations pour renforcer encore davantage la protection de la vie priv\u00e9e des individus. La Cnil souhaite par exemple une \u00ab\u00a0<em>am\u00e9lioration de l&rsquo;information fournie aux utilisateurs, en particulier s&rsquo;agissant des conditions d&rsquo;utilisation de l&rsquo;application et des modalit\u00e9s d&rsquo;effacement des donn\u00e9es personnelles<\/em>\u00a0\u00bb, a-t-elle indiqu\u00e9 dans un communiqu\u00e9.<\/p>\n<aside class=\"bg-color-0 padding-inside-all-s bloc border-s\">\n<h4 class=\"box-txt-normal\">\n<p><strong>A d\u00e9couvrir aussi en vid\u00e9o<\/strong><\/p>\n<\/h4>\n<\/aside>\n<h3 style=\"color:#333; font-family:arial,helvetica,sans-serif; font-size:23px; font-weight:700\">Une application bas\u00e9e sur le volontariat<\/h3>\n<p>La commission souhaite \u00e9galement \u00ab\u00a0<em>une information sp\u00e9cifique pour les mineurs et les parents des mineurs<\/em>\u00a0\u00bb, et la confirmation dans le d\u00e9cret \u00e0 venir sur l&rsquo;application \u00ab\u00a0<em>d&rsquo;un droit d&rsquo;opposition et d&rsquo;un droit \u00e0 l&rsquo;effacement des donn\u00e9es pseudonymis\u00e9es enregistr\u00e9es\u00a0<\/em>\u00bb.<\/p>\n<p>StopCovid ne sera disponible qu&rsquo;\u00e0 titre strictement volontaire. L&rsquo;application fonctionne sans g\u00e9olocalisation, mais sur la base de la technologie Bluetooth, qui permet aux appareils \u00e9lectroniques de communiquer entre eux \u00e0 courte distance.<\/p>\n<p>L&rsquo;Assembl\u00e9e nationale et le S\u00e9nat d\u00e9battront mercredi du projet du gouvernement, avant de s&rsquo;exprimer par un vote. \u00ab\u00a0Sous r\u00e9serve du vote au Parlement\u00a0\u00bb, l&rsquo;application pourrait \u00eatre dans les magasins d&rsquo;application de Google et d&rsquo;Apple d\u00e8s ce week-end, a indiqu\u00e9 C\u00e9dric O, le secr\u00e9taire d&rsquo;\u00c9tat au Num\u00e9rique.<\/p>\n<\/p><\/div>\n<p><script>\n         !function(f,b,e,v,n,t,s){if(f.fbq)return;n=f.fbq=function()\n         {n.callMethod? n.callMethod.apply(n,arguments):n.queue.push(arguments)}\n         ;if(!f._fbq)f._fbq=n;\n             n.push=n;n.loaded=!0;n.version='2.0';n.queue=[];t=b.createElement(e);t.async=!0;\n             t.src=v;s=b.getElementsByTagName(e)[0];s.parentNode.insertBefore(t,s)}(window,\n                 document,'script','https:\/\/connect.facebook.net\/en_US\/fbevents.js');\n         fbq('init', '1065890633454496');\n         fbq('track', 'PageView');\n     <\/script><br \/>\n<br \/>[ad_2]<br \/>\n<br \/><a href=\"https:\/\/www.01net.com\/actualites\/la-cnil-donne-son-feu-vert-a-l-application-stopcovid-1920822.html\">Source link <\/a><\/p>\n","protected":false},"excerpt":{"rendered":"<p>[ad_1] La Cnil a donn\u00e9 son feu vert mardi \u00e0 la mise en place de StopCovid, l&rsquo;application de tra\u00e7age de &hellip; <a href=\"https:\/\/www.affinite.fr\/index.php\/2020\/05\/26\/la-cnil-donne-son-feu-vert-a-lapplication-stopcovid\/\" class=\"more-link\">Plus <span class=\"screen-reader-text\">La Cnil donne son feu vert \u00e0 l&rsquo;application StopCovid<\/span> <span class=\"meta-nav\">&rarr;<\/span><\/a><\/p>\n","protected":false},"author":1,"featured_media":3229,"comment_status":"open","ping_status":"open","sticky":false,"template":"","format":"standard","meta":{"_sitemap_exclude":false,"_sitemap_priority":"","_sitemap_frequency":"","footnotes":""},"categories":[1],"tags":[],"class_list":["post-3228","post","type-post","status-publish","format-standard","has-post-thumbnail","hentry","category-tous"],"_links":{"self":[{"href":"https:\/\/www.affinite.fr\/index.php\/wp-json\/wp\/v2\/posts\/3228"}],"collection":[{"href":"https:\/\/www.affinite.fr\/index.php\/wp-json\/wp\/v2\/posts"}],"about":[{"href":"https:\/\/www.affinite.fr\/index.php\/wp-json\/wp\/v2\/types\/post"}],"author":[{"embeddable":true,"href":"https:\/\/www.affinite.fr\/index.php\/wp-json\/wp\/v2\/users\/1"}],"replies":[{"embeddable":true,"href":"https:\/\/www.affinite.fr\/index.php\/wp-json\/wp\/v2\/comments?post=3228"}],"version-history":[{"count":0,"href":"https:\/\/www.affinite.fr\/index.php\/wp-json\/wp\/v2\/posts\/3228\/revisions"}],"wp:featuredmedia":[{"embeddable":true,"href":"https:\/\/www.affinite.fr\/index.php\/wp-json\/wp\/v2\/media\/3229"}],"wp:attachment":[{"href":"https:\/\/www.affinite.fr\/index.php\/wp-json\/wp\/v2\/media?parent=3228"}],"wp:term":[{"taxonomy":"category","embeddable":true,"href":"https:\/\/www.affinite.fr\/index.php\/wp-json\/wp\/v2\/categories?post=3228"},{"taxonomy":"post_tag","embeddable":true,"href":"https:\/\/www.affinite.fr\/index.php\/wp-json\/wp\/v2\/tags?post=3228"}],"curies":[{"name":"wp","href":"https:\/\/api.w.org\/{rel}","templated":true}]}}