{"id":3206,"date":"2020-05-25T18:28:07","date_gmt":"2020-05-25T18:28:07","guid":{"rendered":"https:\/\/www.affinite.fr\/index.php\/2020\/05\/25\/biscuits-britanniques-aux-raisins-secs\/"},"modified":"2020-05-25T18:28:07","modified_gmt":"2020-05-25T18:28:07","slug":"biscuits-britanniques-aux-raisins-secs","status":"publish","type":"post","link":"https:\/\/www.affinite.fr\/index.php\/2020\/05\/25\/biscuits-britanniques-aux-raisins-secs\/","title":{"rendered":"biscuits britanniques aux raisins secs"},"content":{"rendered":"<p> [ad_1]<br \/>\n<\/p>\n<div>\n<p><a class=\"asset-img-link\" href=\"https:\/\/scally.typepad.com\/.a\/6a00d8341c676f53ef0263ec1cee14200c-pi\" style=\"display: inline;\"><img decoding=\"async\" alt=\"Fat rascal biscuits aux raisons secs\" border=\"0\" class=\"asset  asset-image at-xid-6a00d8341c676f53ef0263ec1cee14200c image-full img-responsive\" src=\"https:\/\/scally.typepad.com\/.a\/6a00d8341c676f53ef0263ec1cee14200c-800wi\" style=\"display: block; margin-left: auto; margin-right: auto;\" title=\"Fat rascal biscuits aux raisons secs\"\/><\/a><\/p>\n<p>ne pensais pas que vous alliez autant aim\u00e9 ces biscuits partag\u00e9s sur <a href=\"https:\/\/www.instagram.com\/pascale_weeks\/?hl=fr\" rel=\"noopener noreferrer\" target=\"_blank\">mon compte Instagram<\/a>.<\/p>\n<p>Ils font partie de ces innombrables biscuits britanniques qui n\u2019ont pas travers\u00e9 la manche.<\/p>\n<p>C\u2019est d\u2019abord leur nom qui m\u2019a inspir\u00e9 alors que je feuilletais un <a href=\"https:\/\/www.affinite.fr\/index.php\/2023\/08\/24\/lart-de-la-glace-transforme-en-business-la-vision-unique-de-fabien-gris\/\">livre<\/a> de douceurs pour accompagner le th\u00e9. Puis, leur facilit\u00e9 de pr\u00e9paration m\u2019a fait bouger de mon fauteuil vers la cuisine. Ces biscuits, originaires du Yorkshire ne demandent pas de temps de repos, c\u2019est la recette \u00e0 d\u00e9gainer quand vous avez une envie d\u00e9bordante de biscuits. Bonus, ils ont peu gras et peu sucr\u00e9s.<\/p>\n<p>Ne vous attendez pas \u00e0 la texture d\u2019un sabl\u00e9 bien beurr\u00e9 et friable mais plus \u00e0 un simple biscuit, croisement entre un sabl\u00e9 et un scone.<\/p>\n<p>Comme promis voil\u00e0 la recette.<\/p>\n<p><span style=\"text-decoration: underline;\"><strong>Fat rascals ou biscuits aux raisins secs<\/strong><\/span><\/p>\n<p><em><strong>Pour une quinzaine de biscuits<\/strong><\/em><\/p>\n<ul>\n<li>225 g de farine<\/li>\n<p>&#13;<\/p>\n<li>3 pinc\u00e9es de sel<\/li>\n<p>&#13;<\/p>\n<li>75 g de beurre mou<\/li>\n<p>&#13;<\/p>\n<li>40 g de sucre de canne blond<\/li>\n<p>&#13;<\/p>\n<li>50 g de raisins secs<\/li>\n<p>&#13;<\/p>\n<li>8 cl de lait<\/li>\n<p>&#13;<\/p>\n<li>Sucre cassonade pour la finition<\/li>\n<p>&#13;\n<\/ul>\n<p><em><strong>Comment faire ?<\/strong><\/em><\/p>\n<p>M\u00e9langer la farine et le sel dans un grand bol, ajoutez le beurre et incorporez-le du bout des doigts.<br \/>Ajoutez le sucre, les raisins et m\u00e9langez.<br \/>Ajoutez les \u00be du lait et m\u00e9langez juste assez pour amalgamer la p\u00e2te. Ajoutez \u00e9ventuellement le reste du lait.<br \/>\u00c9talez sur une surface l\u00e9g\u00e8rement farin\u00e9e, sur une \u00e9paisseur d\u20191 cm, d\u00e9taillez des cercles de 5 cm puis disposez-les sur une plaque de cuisson.<br \/>Saupoudrez de sucre cassonade puis enfournez pour 12 minutes \u00e0 165\u00b0C. Ils doivent \u00eatre blonds et non pas dor\u00e9s.<br \/>Laissez refroidir sur une grille.<\/p>\n<p>Ils se conservent 2 jours dans une bo\u00eete m\u00e9tallique.<\/p>\n<\/p><\/div>\n<p><script>\nwindow.fbAsyncInit = function() {\n    FB.init( { apiKey: 'a279adbe87e2b3c505e777af99a5260d', xfbml: true, version: 'v2.8' } );\n};\n( function() {\n    var e = document.createElement( 'script' ); e.async = true;\n    e.src = document.location.protocol + '\/\/connect.facebook.net\/en_US\/sdk.js';\n    document.getElementById( 'fb-root' ).appendChild( e );\n} )();\n<\/script><script async defer src=\"https:\/\/platform.instagram.com\/en_US\/embeds.js\"><\/script><br \/>\n<br \/>[ad_2]<br \/>\n<br \/><a href=\"https:\/\/scally.typepad.com\/cest_moi_qui_lai_fait\/2020\/05\/fat-rascals-biscuits-britanniques-aux-raisins-secs-.html\">Source link <\/a><\/p>\n","protected":false},"excerpt":{"rendered":"<p>[ad_1] ne pensais pas que vous alliez autant aim\u00e9 ces biscuits partag\u00e9s sur mon compte Instagram. Ils font partie de &hellip; <a href=\"https:\/\/www.affinite.fr\/index.php\/2020\/05\/25\/biscuits-britanniques-aux-raisins-secs\/\" class=\"more-link\">Plus <span class=\"screen-reader-text\">biscuits britanniques aux raisins secs<\/span> <span class=\"meta-nav\">&rarr;<\/span><\/a><\/p>\n","protected":false},"author":1,"featured_media":3207,"comment_status":"open","ping_status":"open","sticky":false,"template":"","format":"standard","meta":{"_sitemap_exclude":false,"_sitemap_priority":"","_sitemap_frequency":"","footnotes":""},"categories":[1],"tags":[],"class_list":["post-3206","post","type-post","status-publish","format-standard","has-post-thumbnail","hentry","category-tous"],"_links":{"self":[{"href":"https:\/\/www.affinite.fr\/index.php\/wp-json\/wp\/v2\/posts\/3206"}],"collection":[{"href":"https:\/\/www.affinite.fr\/index.php\/wp-json\/wp\/v2\/posts"}],"about":[{"href":"https:\/\/www.affinite.fr\/index.php\/wp-json\/wp\/v2\/types\/post"}],"author":[{"embeddable":true,"href":"https:\/\/www.affinite.fr\/index.php\/wp-json\/wp\/v2\/users\/1"}],"replies":[{"embeddable":true,"href":"https:\/\/www.affinite.fr\/index.php\/wp-json\/wp\/v2\/comments?post=3206"}],"version-history":[{"count":0,"href":"https:\/\/www.affinite.fr\/index.php\/wp-json\/wp\/v2\/posts\/3206\/revisions"}],"wp:featuredmedia":[{"embeddable":true,"href":"https:\/\/www.affinite.fr\/index.php\/wp-json\/wp\/v2\/media\/3207"}],"wp:attachment":[{"href":"https:\/\/www.affinite.fr\/index.php\/wp-json\/wp\/v2\/media?parent=3206"}],"wp:term":[{"taxonomy":"category","embeddable":true,"href":"https:\/\/www.affinite.fr\/index.php\/wp-json\/wp\/v2\/categories?post=3206"},{"taxonomy":"post_tag","embeddable":true,"href":"https:\/\/www.affinite.fr\/index.php\/wp-json\/wp\/v2\/tags?post=3206"}],"curies":[{"name":"wp","href":"https:\/\/api.w.org\/{rel}","templated":true}]}}