{"id":3194,"date":"2020-05-25T14:10:50","date_gmt":"2020-05-25T14:10:50","guid":{"rendered":"https:\/\/www.affinite.fr\/index.php\/2020\/05\/25\/christine-bravo-bien-payee-revele-salaires-tv-et-animateurs-blindes\/"},"modified":"2020-05-25T14:10:50","modified_gmt":"2020-05-25T14:10:50","slug":"christine-bravo-bien-payee-revele-salaires-tv-et-animateurs-blindes","status":"publish","type":"post","link":"https:\/\/www.affinite.fr\/index.php\/2020\/05\/25\/christine-bravo-bien-payee-revele-salaires-tv-et-animateurs-blindes\/","title":{"rendered":"Christine Bravo \u00ab\u00a0bien pay\u00e9e\u00a0\u00bb r\u00e9v\u00e8le salaires TV et animateurs \u00ab\u00a0blind\u00e9s\u00a0\u00bb"},"content":{"rendered":"<p> [ad_1]<br \/>\n<br \/><img decoding=\"async\" src=\"https:\/\/img-3.journaldesfemmes.fr\/JJlc0ZlL48AoKaUKbgQnbascgOI=\/1280x\/smart\/a21ff931c14d428a907578345672fb34\/ccmcms-jdf\/15930861.jpg\" \/><\/p>\n<p>\n                Invit\u00e9e au micro de RTL dans l&rsquo;\u00e9mission \u00ab\u00a0On Refait La T\u00e9l\u00e9\u00a0\u00bb, Christine Bravo s&rsquo;est exprim\u00e9e cash sur son p\u00e9cule d&rsquo;animatrice. Et celle qui a grandi dans un milieu modeste l&rsquo;admet, \u00ab\u00a0la t\u00e9l\u00e9, c&rsquo;est bien pay\u00e9\u00a0\u00bb\u00a0!            <\/p>\n<div>\n<p>Ce samedi 23 mars, <strong><a href=\"https:\/\/www.journaldesfemmes.fr\/people\/amour\/2608369-christina-bravo-amoureux-mec-compagnon-couple-enfants\/\">Christine Bravo<\/a> <\/strong>et son franc-parler l\u00e9gendaire \u00e9taient les invit\u00e9s de l&rsquo;\u00e9mission de Jade et \u00c9ric Dussart <strong><em>On Refait La T\u00e9l\u00e9<\/em> sur <em>RTL<\/em><\/strong>. Venue pr\u00e9senter <a href=\"https:\/\/www.journaldesfemmes.fr\/people\/magazine\/2073007-infos-scoops-news-stars-actu\/2073914-christine-bravo\">son nouveau projet de croisi\u00e8res culturelles historiques baptis\u00e9es \u00ab\u00a0Sous les jupons de la Seine\u00a0\u00bb<\/a>, l&rsquo;acolyte de Laurent Ruquier n&rsquo;a \u00e9galement pas h\u00e9sit\u00e9 \u00e0 parler argent. \u00ab\u00a0<em>Il y a des \u00e9missions de radio o\u00f9 on est tr\u00e8s bien pay\u00e9s, dont les Grosses T\u00eates.\u00a0<strong>On est tr\u00e8s bien pay\u00e9s aux Grosses T\u00eates\u00a0\u00bb<\/strong>, <\/em>a confi\u00e9 cette fille d&rsquo;un ma\u00e7on espagnol.<br \/>Et pour Christine\u00a0Bravo, ex-institutrice devenue star du PAF,\u00a0<strong>pas question de participer \u00e0 une \u00e9mission si elle n&rsquo;est pas pay\u00e9e !<\/strong> Un tournage d&rsquo;\u00e9mission pouvant prendre des heures voire des\u00a0journ\u00e9es enti\u00e8res, il est hors de question pour elle de <em>\u00ab\u00a0passer sa journ\u00e9e gratuitement pour rien\u00a0\u00bb<\/em>.<br \/><em><strong>En gros, mon travail ce serait de travailler gratuitement tous les jours\u2026 Et je rentre chez moi et je bouffe comment\u00a0?\u00a0\u00bb<\/strong>,\u00a0<\/em>s&rsquo;est\u00a0exclam\u00e9e celle qui a fait les beaux jours de <em>On a\u00a0Tout Essay\u00e9.\u00a0<\/em>Et d&rsquo;ajouter: <em>\u00ab\u00a0Il est\u00a0normal que la t\u00e9l\u00e9vision r\u00e9mun\u00e8re des gens qui vont amuser le t\u00e9l\u00e9spectateur\u00a0\u00bb.<\/em><\/p>\n<h2>Christine Bravo : \u00ab\u00a0La t\u00e9l\u00e9, c&rsquo;est tr\u00e8s bien pay\u00e9\u00a0\u00bb\u00a0<\/h2>\n<p>Si elle maintient\u00a0<em>\u00ab\u00a0s&rsquo;en foutre de l&rsquo;argent\u00a0\u00bb, <\/em>l&rsquo;animatrice star de <em>Frou-Frou <\/em>et <em>Union Libre\u00a0<\/em>explique avoir mis suffisamment de c\u00f4t\u00e9 pour vivre confortablement une fois sa carri\u00e8re achev\u00e9e. \u00ab\u00a0<em>Il se trouve qu&rsquo;\u00e0 mon \u00e2ge, j&rsquo;en ai gagn\u00e9, j&rsquo;ai fait un petit patrimoine, qui me va tr\u00e8s bien. Quand j&rsquo;ai arr\u00eat\u00e9 la t\u00e9l\u00e9, il m&rsquo;en restait pas mal\u00a0\u00bb, <\/em>a-t-elle d\u00e9clar\u00e9.<\/p>\n<aside id=\"NL_252180843\" class=\"newsletter_subscription jNlBlock\"><noscript><br \/>\n            <\/noscript><\/p>\n<h3 class=\"newsletter_subscription-title\">Newsletter <\/h3>\n<p><a href=\"\/\/mailing.ccmbg.com\/archive\/last-85\" target=\"_blank\" class=\"a_hover\" rel=\"noopener noreferrer\">Voir un exemple<\/a><\/p>\n<\/aside>\n<p>Et Christine Bravo, 63 ans,\u00a0le revendique haut et fort, oui,\u00a0<strong><em>\u00ab\u00a0la t\u00e9l\u00e9, c&rsquo;est tr\u00e8s bien pay\u00e9\u00a0\u00bb\u00a0<\/em><\/strong>!\u00a0<em><strong>\u00ab\u00a0Les\u00a0animateurs-producteurs sont blind\u00e9s.\u00a0(&#8230;)\u00a0Ce sont des gens tr\u00e8s riches, qui se plaignent un peu, mais qui sont tr\u00e8s riches\u00a0\u00bb<\/strong>, <\/em>a-t-elle soulign\u00e9 sans langue de bois. Voil\u00e0 qui est dit !\u00a0<\/p>\n<\/p><\/div>\n<p>[ad_2]<br \/>\n<br \/><a href=\"https:\/\/www.journaldesfemmes.fr\/people\/magazine\/2637797-christine-bravo-bien-payee-revele-salaires-tv-et-animateurs-blindes\/\">Source link <\/a><\/p>\n","protected":false},"excerpt":{"rendered":"<p>[ad_1] Invit\u00e9e au micro de RTL dans l&rsquo;\u00e9mission \u00ab\u00a0On Refait La T\u00e9l\u00e9\u00a0\u00bb, Christine Bravo s&rsquo;est exprim\u00e9e cash sur son p\u00e9cule &hellip; <a href=\"https:\/\/www.affinite.fr\/index.php\/2020\/05\/25\/christine-bravo-bien-payee-revele-salaires-tv-et-animateurs-blindes\/\" class=\"more-link\">Plus <span class=\"screen-reader-text\">Christine Bravo \u00ab\u00a0bien pay\u00e9e\u00a0\u00bb r\u00e9v\u00e8le salaires TV et animateurs \u00ab\u00a0blind\u00e9s\u00a0\u00bb<\/span> <span class=\"meta-nav\">&rarr;<\/span><\/a><\/p>\n","protected":false},"author":1,"featured_media":3195,"comment_status":"open","ping_status":"open","sticky":false,"template":"","format":"standard","meta":{"_sitemap_exclude":false,"_sitemap_priority":"","_sitemap_frequency":"","footnotes":""},"categories":[1],"tags":[],"class_list":["post-3194","post","type-post","status-publish","format-standard","has-post-thumbnail","hentry","category-tous"],"_links":{"self":[{"href":"https:\/\/www.affinite.fr\/index.php\/wp-json\/wp\/v2\/posts\/3194"}],"collection":[{"href":"https:\/\/www.affinite.fr\/index.php\/wp-json\/wp\/v2\/posts"}],"about":[{"href":"https:\/\/www.affinite.fr\/index.php\/wp-json\/wp\/v2\/types\/post"}],"author":[{"embeddable":true,"href":"https:\/\/www.affinite.fr\/index.php\/wp-json\/wp\/v2\/users\/1"}],"replies":[{"embeddable":true,"href":"https:\/\/www.affinite.fr\/index.php\/wp-json\/wp\/v2\/comments?post=3194"}],"version-history":[{"count":0,"href":"https:\/\/www.affinite.fr\/index.php\/wp-json\/wp\/v2\/posts\/3194\/revisions"}],"wp:featuredmedia":[{"embeddable":true,"href":"https:\/\/www.affinite.fr\/index.php\/wp-json\/wp\/v2\/media\/3195"}],"wp:attachment":[{"href":"https:\/\/www.affinite.fr\/index.php\/wp-json\/wp\/v2\/media?parent=3194"}],"wp:term":[{"taxonomy":"category","embeddable":true,"href":"https:\/\/www.affinite.fr\/index.php\/wp-json\/wp\/v2\/categories?post=3194"},{"taxonomy":"post_tag","embeddable":true,"href":"https:\/\/www.affinite.fr\/index.php\/wp-json\/wp\/v2\/tags?post=3194"}],"curies":[{"name":"wp","href":"https:\/\/api.w.org\/{rel}","templated":true}]}}