{"id":3170,"date":"2020-05-24T07:31:50","date_gmt":"2020-05-24T07:31:50","guid":{"rendered":"https:\/\/www.affinite.fr\/index.php\/2020\/05\/24\/quest-ce-que-cela-change-pour-vous\/"},"modified":"2020-05-24T07:31:50","modified_gmt":"2020-05-24T07:31:50","slug":"quest-ce-que-cela-change-pour-vous","status":"publish","type":"post","link":"https:\/\/www.affinite.fr\/index.php\/2020\/05\/24\/quest-ce-que-cela-change-pour-vous\/","title":{"rendered":"qu\u2019est-ce que cela change pour vous ?"},"content":{"rendered":"<p> [ad_1]<br \/>\n<br \/><img decoding=\"async\" src=\"https:\/\/img.bfmtv.com\/i\/0\/0\/0b0d0d06cb\/4d4b3b5ca019133699a08e.jpeg\" \/><\/p>\n<div itemprop=\"articleBody\">\n<p>La <a href=\"http:\/\/www.assemblee-nationale.fr\/dyn\/15\/textes\/l15t0388_texte-adopte-seance\" target=\"_blank\" rel=\"noopener noreferrer\">proposition de loi<\/a><a href=\"http:\/\/www.assemblee-nationale.fr\/dyn\/15\/textes\/l15b1785_proposition-loi\" target=\"_blank\" rel=\"noopener noreferrer\"> <\/a>visant \u00e0 lutter contre les contenus haineux sur Internet port\u00e9e par la d\u00e9put\u00e9e LREM Laetitia Avia <a href=\"https:\/\/www.01net.com\/actualites\/la-loi-contre-cyberhaine-est-enfin-adoptee-par-l-assemblee-nationale-1913456.html\" target=\"_blank\" rel=\"noopener noreferrer\">vient d\u2019\u00eatre d\u00e9finitivement adopt\u00e9e<\/a>, le 13 mai \u00e0 l&rsquo;Assembl\u00e9e nationale apr\u00e8s plusieurs <a href=\"https:\/\/www.01net.com\/actualites\/loi-contre-la-cyberhaine-le-senat-s-oppose-au-gouvernement-et-vote-sa-propre-version-du-texte-1865337.html\" target=\"_blank\" rel=\"noopener noreferrer\">aller-retours avec le S\u00e9nat<\/a>. La version d\u00e9finitive du texte oblige les plates-formes \u00e0 retirer en moins de 24 heures les publications racistes, sexistes ou homophobes, et en moins d\u2019une heure, les publications terroristes ou p\u00e9do-pornographiques. Faute de quoi, elles encourent une amende jusqu\u2019\u00e0 250 000 euros. Une fois publi\u00e9 dans le\u00a0Journal officiel, le texte devrait entrer en vigueur d\u00e8s le 1er juillet.<\/p>\n<p>Dans les tuyaux depuis mars 2018, cette loi dite Avia veut renforcer le contr\u00f4le et la mod\u00e9ration sur Internet. Un objectif louable sur lequel tout le monde tombe <em>a priori<\/em> d\u2019accord. Mais les modalit\u00e9s instaur\u00e9es par ce texte sont loin de faire l\u2019unanimit\u00e9. Faisons le point sur cette loi tr\u00e8s controvers\u00e9e.\u00a0<\/p>\n<h3 style=\"color:#333; font-family:arial,helvetica,sans-serif; font-size:23px; font-weight:700\">Des outils suppl\u00e9mentaires pour les victimes<\/h3>\n<p>Le texte promet\u00a0une protection accrue pour les mineurs, des outils suppl\u00e9mentaires pour toutes les victimes de cyber-harc\u00e8lement via la cr\u00e9ation obligatoire\u00a0d\u2019un bouton de signalement ou encore la cr\u00e9ation du\u00a0Parquet num\u00e9rique, une r\u00e9activit\u00e9 plus rapide des plates-formes et un gain en transparence sur leur cuisine interne.\u00a0Soutien\u00a0de la premi\u00e8re heure au texte \u00ab\u00a0<em>qui n\u2019est qu\u2019une r\u00e9plique de la loi allemande vot\u00e9e l\u2019ann\u00e9e derni\u00e8re<\/em>\u00a0\u00bb, Philippe Coen, fondateur de l\u2019ONG Respect zone, qui regroupe 80 juristes sp\u00e9cialis\u00e9s dans la lutte contre le cyber-harc\u00e8lement, se r\u00e9jouit de l\u2019adoption du texte qui met fin \u00e0 \u00ab<em>\u00a0l\u2019impunit\u00e9 sur Internet<\/em>\u00a0\u00bb. D\u2019apr\u00e8s lui, c\u2019est mieux que rien.\u00a0M\u00eame s\u2019il y a des pistes d\u2019am\u00e9lioration, conc\u00e8de-t-il, la loi Avia a le m\u00e9rite de rendre visible une souffrance trop souvent pass\u00e9e sous silence.<\/p>\n<blockquote>\n<p>\u00ab\u00a0<em>On fait quoi sinon pour toutes les victimes dont le nom est entach\u00e9 sur les r\u00e9seaux sociaux, dont la r\u00e9putation est lamin\u00e9e, dont l\u2019appartenance est bafou\u00e9e en trois clics ?<\/em>\u00a0\u00bb, s\u2019insurge-t-il. La loi Avia donne\u00a0\u00ab\u00a0<em>une voix aux victimes<\/em>\u00a0\u00bb.\u00a0<\/p>\n<\/blockquote>\n<p>La plus belle r\u00e9ussite de l\u2019ONG r\u00e9side dans l\u2019introduction d\u2019un volet sur la pr\u00e9vention dans la loi Avia. L\u2019\u00e9ducation des jeunes contre la haine en ligne et pour un \u00ab\u00a0<em>dialogue respectueux avec Autrui<\/em>\u00a0\u00bb est leur cheval de bataille.<\/p>\n<aside class=\"bg-color-0 padding-inside-all-s bloc border-s\">\n<h4 class=\"box-txt-normal\">\n<p><strong>\u00c0 d\u00e9couvrir aussi en vid\u00e9o<\/strong><\/p>\n<\/h4>\n<\/aside>\n<h3 style=\"color:#333; font-family:arial,helvetica,sans-serif; font-size:23px; font-weight:700\">Le r\u00f4le \u00e9largi des plates-formes\u00a0<\/h3>\n<p>Si la loi veut \u00ab nettoyer \u00bb\u00a0le fond du fond d\u2019Internet, cela ne change pourtant presque rien pour l\u2019utilisateur lambda.\u00a0Le bouton de signalement qui n&rsquo;\u00e9tait pas obligatoire est d\u00e9j\u00e0 largement g\u00e9n\u00e9ralis\u00e9 aujourd&rsquo;hui sur les r\u00e9seaux populaires.\u00a0\u00ab\u00a0C<em>e que cela va changer c\u2019est le r\u00f4le et l\u2019engagement des plates-formes dans cette lutte contre les contenus haineux\u00a0<\/em>\u00bb, explique Me Cousin, avocate sp\u00e9cialis\u00e9e dans le droit des nouvelles technologies, d&rsquo;Internet et m\u00e9dias.\u00a0<\/p>\n<p>Habituellement, lorsqu\u2019un contenu est signal\u00e9 comme illicite, la plate-forme en est notifi\u00e9e et est invit\u00e9e le retirer \u00ab\u00a0promptement\u00a0\u00bb par la loi pour la confiance dans l&rsquo;\u00e9conomie num\u00e9rique (LCEN) de 2004. Mais, elle pouvait\u00a0choisir d\u2019engager sa \u00ab\u00a0responsabilit\u00e9\u00a0\u00bb en le laissant sur son r\u00e9seau. Aucune obligation l\u00e9gale ne lui \u00e9tait jusqu\u2019\u00e0 pr\u00e9sent faite, ni sur les d\u00e9lais, ni sur le retrait.\u00a0<\/p>\n<h3 style=\"color:#333; font-family:arial,helvetica,sans-serif; font-size:23px; font-weight:700\">Entrave \u00e0 la libert\u00e9 d&rsquo;expression<\/h3>\n<p>Avec la loi Avia, tout contenu \u00ab\u00a0manifestement illicite\u00a0\u00bb c\u2019est-\u00e0-dire tout message, vid\u00e9o ou image constituant des injures envers une personne ou un groupe de personnes \u00ab\u00a0<em>\u00e0 raison de l\u2019origine, d\u2019une pr\u00e9tendue race, de la religion, de l\u2019ethnie, de la nation, du sexe, de l\u2019orientation sexuelle, de l\u2019identit\u00e9 de genre ou du handicap, vrais ou suppos\u00e9s<\/em>\u00a0\u00bb mais aussi l\u2019apologie du terrorisme et la p\u00e9do-pornographie, doit \u00eatre retir\u00e9 en moins d\u2019une journ\u00e9e. Sinon, la plate-forme trinque.<\/p>\n<p>D&rsquo;apr\u00e8s\u00a0Me Cousin, cette loi bafoue pourtant la libert\u00e9 de communication et d\u2019expression institu\u00e9e depuis la loi sur la libert\u00e9 de la presse\u00a0en 1881. \u00ab\u00a0<em>Il y a un vrai sujet, ce serait aberrant de dire qu\u2019il n\u2019y a pas de contenus sales sur Internet, ciblant notamment les mineurs ou les femmes, mais cette loi \u00e9clabousse un certains nombre de d\u00e9bats qui doivent pourtant avoir lieu<\/em>\u00a0\u00bb, explique-t-elle. La \u00ab\u00a0<em>zone grise<\/em>\u00a0\u00bb derri\u00e8re le manifestement illicite est vaste. \u00ab\u00a0<em>C\u2019est un outil utile mais pas tr\u00e8s fin\u00a0<\/em>\u00bb, r\u00e9sume Me Cousin.\u00a0<\/p>\n<h3 style=\"color:#333; font-family:arial,helvetica,sans-serif; font-size:23px; font-weight:700\">Quelles sont les zones d&rsquo;ombre ? \u00a0<\/h3>\n<p>Plusieurs points restent d\u2019ailleurs encore en suspens. \u00ab\u00a0<em>Nous pr\u00e9senterons dans les prochaines semaines les d\u00e9crets d\u2019application de la loi\u00a0<\/em>\u00bb, a annonc\u00e9 le Secr\u00e9taire d&rsquo;\u00c9tat au Num\u00e9rique, C\u00e9dric O avant le vote final. Un de ces d\u00e9crets doit par exemple statuer sur le seuil \u00e0 partir duquel un h\u00e9bergeur de contenu sera soumis \u00e0\u00a0l\u2019obligation de retrait en moins de 24 heures. \u00ab\u00a0<em>Cela devrait se compter en millions d\u2019utilisateurs mensuels, dans l\u2019optique d\u2019englober les g\u00e9ants de la tech comme Facebook, Google, Twitter et consorts\u00a0<\/em>\u00bb, nous confie Bastien Le Querrec du collectif La Quadrature du net (LQDN), frontalement oppos\u00e9 au texte.\u00a0<\/p>\n<p>Et ces soci\u00e9t\u00e9s\u00a0devraient\u00a0s\u2019y conformer. Elles\u00a0en\u00a0ont les moyens techniques. Leurs ressources sont doubles : humaines et algorithmiques.\u00a0Constamment sous pression, aucune r\u00e9sistance n\u2019est pas \u00e0 l\u2019ordre du jour.<\/p>\n<blockquote>\n<p>\u00ab\u00a0<em>Nous avons beaucoup investi en ressources humaines et technologiques afin de mieux identifier et retirer ce type de contenu\u00a0<\/em>\u00bb, explique\u00a0un porte-parole de <a href=\"https:\/\/www.01net.com\/actualites\/facebook-rencontre-avec-lesingenieurs-qui-moderent-lescontenus-a-coups-d-algorithmes-1815487.html#content\/contribution\/edit\" target=\"_blank\" rel=\"noopener noreferrer\">Facebook qui emploie par exemple 15 000 mod\u00e9rateurs humains<\/a> diss\u00e9min\u00e9s sur la plan\u00e8te.\u00a0\u00ab\u00a0<em>Nous allons travailler \u00e9troitement avec le Conseil sup\u00e9rieur de l&rsquo;audiovisuel et toutes les parties prenantes afin de mettre en oeuvre les dispositions de la loi.<\/em>\u00a0\u00bb\u00a0<\/p>\n<\/blockquote>\n<h3 style=\"color:#333; font-family:arial,helvetica,sans-serif; font-size:23px; font-weight:700\">\u00c9vincer la justice au profit de la police<\/h3>\n<p>Concernant les contenus \u00e0 caract\u00e8re terroriste et p\u00e9do-pornographique \u00e0 retirer en moins d\u2019une heure, en revanche, tous les h\u00e9bergeurs sont concern\u00e9s, ind\u00e9pendamment de leur taille. Cela inclut \u00e9galement tout site de r\u00e9f\u00e9rencement &#8211; par exemple Google. Or, les enjeux et les moyens de mod\u00e9ration dans une petite communaut\u00e9 virtuelle diff\u00e8rent n\u00e9cessairement de ceux d\u2019un moteur de recherche qui trie des milliards de sites Web. Pour le militant de LQDN, le risque r\u00e9side pour les gros\u00a0dans la \u00ab\u00a0<em>sur-censure<\/em>\u00a0\u00bb pour \u00e9viter de payer \u00e0 tout prix et pour les petits la mise en application\u00a0sera tout simplement impossible.<\/p>\n<blockquote>\n<p>\u00ab\u00a0<em>Il y a tout \u00e0 parier que les gros vont se concentrer sur le plus \u00e9vident, et laisser la police censurer les contenus gris. C\u2019est tout le probl\u00e8me de l\u2019applicabilit\u00e9 de cette loi<\/em>\u00a0\u00bb, s\u2019alarme Bastien Le Querrec.\u00a0<\/p>\n<\/blockquote>\n<h3 style=\"color:#333; font-family:arial,helvetica,sans-serif; font-size:23px; font-weight:700\">\u00c0 peine vot\u00e9e, d\u00e9j\u00e0 d\u00e9pass\u00e9e ?\u00a0<\/h3>\n<p>Tr\u00e8s concr\u00e8tement, lorsque un contenu sera identifi\u00e9 comme manifestement illicite, l&rsquo;h\u00e9bergeur devra en bloquer l&rsquo;acc\u00e8s,\u00a0en le supprimant par exemple. Mais\u00a0si cela n&rsquo;est pas fait \u00e0 temps, les fournisseurs d&rsquo;acc\u00e8s \u00e0 Internet (FAI) seront contraints par la police de bloquer le site en question. La vid\u00e9o de l&rsquo;attentat de Christchurch en Nouvelle-Z\u00e9lande en mars 2019, retransmis en live, a \u00e9t\u00e9 vue\u00a0<a href=\"https:\/\/www.01net.com\/actualites\/avant-d-etre-supprimee-par-facebook-la-video-de-l-attentat-en-nouvelle-zelande-a-ete-vue-4000-fois-1655279.html#content\/contribution\/edit\" target=\"_blank\" rel=\"noopener noreferrer\">4 000 fois <\/a>avant d&rsquo;\u00eatre supprim\u00e9e par Facebook au bout de 17 minutes. Dans les 24 heures, le r\u00e9seau social a ensuite supprim\u00e9 <a href=\"https:\/\/www.01net.com\/actualites\/facebook-a-supprime-15-million-de-videos-concernant-la-tuerie-en-nouvelle-zelande-1654569.html\" target=\"_blank\" rel=\"noopener noreferrer\">1,5 millions copies de la vid\u00e9o<\/a>. La tuerie avait alors impuls\u00e9 <a href=\"https:\/\/www.01net.com\/actualites\/les-geants-de-la-tech-et-une-vingtaine-de-pays-signent-l-appel-de-christchurch-pas-les-etats-unis-1692822.html#content\/contribution\/edit\" target=\"_blank\" rel=\"noopener noreferrer\">l&rsquo;Appel de Christchurch, une charte\u00a0<\/a>sign\u00e9e par une vingtaine entreprises tech et de pays\u00a0afin de supprimer imm\u00e9diatement ce genre de contenus. <a href=\"https:\/\/www.01net.com\/actualites\/mark-zuckerberg-appelle-l-europe-a-reglementer-facebook-avant-que-le-modele-chinois-ne-s-impose-1917145.html\" target=\"_blank\" rel=\"noopener noreferrer\">Un texte europ\u00e9en est aussi dans les tuyaux, \u00e0 Bruxelles, a rappel\u00e9 Thierry Breton<\/a>, le Commissaire europ\u00e9en au March\u00e9 int\u00e9rieur face \u00e0 Mark Zuckerberg.\u00a0<\/p>\n<p>En France, pr\u00e9cipit\u00e9 par\u00a0l\u2019urgence sanitaire, le vote de la loi Avia a pourtant \u00e9t\u00e9 v\u00e9cu comme un passage en force. Les d\u00e9bats sont encore vifs.\u00a0\u00ab <em>Votre texte ne r\u00e9pond en rien aux probl\u00e8mes\u00a0<\/em>\u00bb, a d\u00e9nonc\u00e9 la d\u00e9put\u00e9e LFI Dani\u00e8le Obono, dans l&rsquo;H\u00e9micyle.\u00a0Sous l\u2019impulsion de Bruno Retailleau, chef de file LR au S\u00e9nat, le Conseil constitutionnel a d&rsquo;ailleurs \u00e9t\u00e9 <a href=\"https:\/\/www.conseil-constitutionnel.fr\/nouveaux-cahiers-du-conseil-constitutionnel\/la-saisine-parlementaire-au-titre-de-l-article-61-de-la-constitution\" target=\"_blank\" rel=\"noopener noreferrer\">saisi<\/a> pour en v\u00e9rifier la constitutionnalit\u00e9.\u00a0L\u2019imbroglio juridique est loin d\u2019\u00eatre r\u00e9solu alors qu\u2019Internet va \u00e0 mille \u00e0 l\u2019heure. \u00ab <em>Une\u00a0heure ou 24 heures apr\u00e8s la diffusion, c\u2019est d\u00e9j\u00e0 trop tard\u00a0pour les victimes<\/em> \u00bb, r\u00e9sume Philippe Coen, pr\u00e9sident de l\u2019ONG Respect Zone. Avant d\u2019abonder : \u00ab<em>\u00a0La loi Avia est d\u00e9j\u00e0 d\u00e9pass\u00e9e, elle ne prend pas en compte les\u00a0messageries\u00a0priv\u00e9es. Or, on sait par notre travail de terrain que tout se passe en priv\u00e9.<\/em>\u00a0\u00bb<\/p>\n<\/p><\/div>\n<p><script>\n         !function(f,b,e,v,n,t,s){if(f.fbq)return;n=f.fbq=function()\n         {n.callMethod? n.callMethod.apply(n,arguments):n.queue.push(arguments)}\n         ;if(!f._fbq)f._fbq=n;\n             n.push=n;n.loaded=!0;n.version='2.0';n.queue=[];t=b.createElement(e);t.async=!0;\n             t.src=v;s=b.getElementsByTagName(e)[0];s.parentNode.insertBefore(t,s)}(window,\n                 document,'script','https:\/\/connect.facebook.net\/en_US\/fbevents.js');\n         fbq('init', '1065890633454496');\n         fbq('track', 'PageView');\n     <\/script><br \/>\n<br \/>[ad_2]<br \/>\n<br \/><a href=\"https:\/\/www.01net.com\/actualites\/loi-contre-la-cyber-haine-qu-est-ce-que-cela-change-pour-vous-1918801.html\">Source link <\/a><\/p>\n","protected":false},"excerpt":{"rendered":"<p>[ad_1] La proposition de loi visant \u00e0 lutter contre les contenus haineux sur Internet port\u00e9e par la d\u00e9put\u00e9e LREM Laetitia &hellip; <a href=\"https:\/\/www.affinite.fr\/index.php\/2020\/05\/24\/quest-ce-que-cela-change-pour-vous\/\" class=\"more-link\">Plus <span class=\"screen-reader-text\">qu\u2019est-ce que cela change pour vous ?<\/span> <span class=\"meta-nav\">&rarr;<\/span><\/a><\/p>\n","protected":false},"author":1,"featured_media":3171,"comment_status":"open","ping_status":"open","sticky":false,"template":"","format":"standard","meta":{"_sitemap_exclude":false,"_sitemap_priority":"","_sitemap_frequency":"","footnotes":""},"categories":[1],"tags":[],"class_list":["post-3170","post","type-post","status-publish","format-standard","has-post-thumbnail","hentry","category-tous"],"_links":{"self":[{"href":"https:\/\/www.affinite.fr\/index.php\/wp-json\/wp\/v2\/posts\/3170"}],"collection":[{"href":"https:\/\/www.affinite.fr\/index.php\/wp-json\/wp\/v2\/posts"}],"about":[{"href":"https:\/\/www.affinite.fr\/index.php\/wp-json\/wp\/v2\/types\/post"}],"author":[{"embeddable":true,"href":"https:\/\/www.affinite.fr\/index.php\/wp-json\/wp\/v2\/users\/1"}],"replies":[{"embeddable":true,"href":"https:\/\/www.affinite.fr\/index.php\/wp-json\/wp\/v2\/comments?post=3170"}],"version-history":[{"count":0,"href":"https:\/\/www.affinite.fr\/index.php\/wp-json\/wp\/v2\/posts\/3170\/revisions"}],"wp:featuredmedia":[{"embeddable":true,"href":"https:\/\/www.affinite.fr\/index.php\/wp-json\/wp\/v2\/media\/3171"}],"wp:attachment":[{"href":"https:\/\/www.affinite.fr\/index.php\/wp-json\/wp\/v2\/media?parent=3170"}],"wp:term":[{"taxonomy":"category","embeddable":true,"href":"https:\/\/www.affinite.fr\/index.php\/wp-json\/wp\/v2\/categories?post=3170"},{"taxonomy":"post_tag","embeddable":true,"href":"https:\/\/www.affinite.fr\/index.php\/wp-json\/wp\/v2\/tags?post=3170"}],"curies":[{"name":"wp","href":"https:\/\/api.w.org\/{rel}","templated":true}]}}