{"id":3138,"date":"2020-05-22T13:46:55","date_gmt":"2020-05-22T13:46:55","guid":{"rendered":"https:\/\/www.affinite.fr\/index.php\/2020\/05\/22\/apple-publie-ios-13-5-une-mise-a-jour-speciale-coronavirus\/"},"modified":"2020-05-22T13:46:55","modified_gmt":"2020-05-22T13:46:55","slug":"apple-publie-ios-13-5-une-mise-a-jour-speciale-coronavirus","status":"publish","type":"post","link":"https:\/\/www.affinite.fr\/index.php\/2020\/05\/22\/apple-publie-ios-13-5-une-mise-a-jour-speciale-coronavirus\/","title":{"rendered":"Apple publie iOS\u00a013.5, une mise \u00e0 jour sp\u00e9ciale coronavirus"},"content":{"rendered":"<p> [ad_1]<br \/>\n<br \/><img decoding=\"async\" src=\"https:\/\/img.bfmtv.com\/i\/0\/0\/a3b\/8aa8508007f13a120b7e369e1d9c1.jpg\" \/><\/p>\n<div itemprop=\"articleBody\">\n<p>Apple vient de diffuser la mise \u00e0 jour iOS\u00a013.5. Sa principale nouveaut\u00e9 est l\u2019int\u00e9gration de l\u2019interface de programmation <a href=\"https:\/\/www.01net.com\/actualites\/contact-tracing-l-api-d-apple-et-google-deployee-sur-des-millions-de-smartphones-des-aujourd-hui-1917587.html\" target=\"_blank\" rel=\"noopener noreferrer\">\u00ab\u00a0Exposure Notifications\u00a0\u00bb<\/a>, qui permettra aux agences de sant\u00e9 dans le monde d\u2019exploiter le Bluetooth pour identifier les cha\u00eenes de contamination\u00a0Covid-19. Les utilisateurs fran\u00e7ais, toutefois, n\u2019en profiteront pas, car l\u2019\u00c9tat fran\u00e7ais a pr\u00e9f\u00e9r\u00e9 d\u00e9velopper sa propre solution dans le cadre de StopCovid. On verra si elle est plus performante.<\/p>\n<p>En revanche, les utilisateurs fran\u00e7ais vont certainement se r\u00e9jouir d\u2019une autre nouveaut\u00e9, \u00e0 savoir la capacit\u00e9 de FaceID \u00e0 reconna\u00eetre le port d\u2019un masque de protection sanitaire. Jusqu\u2019\u00e0 pr\u00e9sent, si vous portiez un tel masque, le logiciel d\u2019authentification tentait d\u2019abord une reconnaissance du visage, avant de basculer vers l\u2019\u00e9cran de d\u00e9verrouillage par code secret.<\/p>\n<aside class=\"bg-color-0 padding-inside-all-s bloc border-s\">\n<h4 class=\"box-txt-normal\">\n<p><b>A d\u00e9couvrir aussi en vid\u00e9o<\/b><\/p>\n<\/h4>\n<\/aside>\n<p>D\u00e9sormais, FaceID va pouvoir directement basculer vers cet \u00e9cran s\u2019il identifie le port d\u2019un masque, ce qui \u00e9vite de perdre du temps avec une reconnaissance faciale qui ne sert \u00e0 rien. Cette am\u00e9lioration de FaceID fonctionne partout o\u00f9 cette authentification est utilis\u00e9e\u00a0: Apple Pay, App Store, iTunes, Apple Books\u2026<\/p>\n<p>Enfin, signalons qu\u2019il est d\u00e9sormais possible de d\u00e9sactiver dans FaceTime le changement de taille automatique de la vignette de l\u2019interlocuteur qui parle. La mise \u00e0 jour corrige par ailleurs un bug dans la lecture de certains flux vid\u00e9os issus du web. Pour installer la mise \u00e0 jour, il faut aller dans\u00a0 <strong>R\u00e9glages \u2192 G\u00e9n\u00e9ral \u2192 Mise \u00e0 jour logicielle<\/strong>.<\/p>\n<p><strong>Source\u00a0<\/strong>: <a href=\"https:\/\/support.apple.com\/en-us\/HT210393\" target=\"_blank\" rel=\"noopener noreferrer\">Apple<\/a><\/p>\n<\/p><\/div>\n<p><script>\n         !function(f,b,e,v,n,t,s){if(f.fbq)return;n=f.fbq=function()\n         {n.callMethod? n.callMethod.apply(n,arguments):n.queue.push(arguments)}\n         ;if(!f._fbq)f._fbq=n;\n             n.push=n;n.loaded=!0;n.version='2.0';n.queue=[];t=b.createElement(e);t.async=!0;\n             t.src=v;s=b.getElementsByTagName(e)[0];s.parentNode.insertBefore(t,s)}(window,\n                 document,'script','https:\/\/connect.facebook.net\/en_US\/fbevents.js');\n         fbq('init', '1065890633454496');\n         fbq('track', 'PageView');\n     <\/script><br \/>\n<br \/>[ad_2]<br \/>\n<br \/><a href=\"https:\/\/www.01net.com\/actualites\/apple-publie-ios13-5-une-mise-a-jour-speciale-coronavirus-1918727.html\">Source link <\/a><\/p>\n","protected":false},"excerpt":{"rendered":"<p>[ad_1] Apple vient de diffuser la mise \u00e0 jour iOS\u00a013.5. Sa principale nouveaut\u00e9 est l\u2019int\u00e9gration de l\u2019interface de programmation \u00ab\u00a0Exposure &hellip; <a href=\"https:\/\/www.affinite.fr\/index.php\/2020\/05\/22\/apple-publie-ios-13-5-une-mise-a-jour-speciale-coronavirus\/\" class=\"more-link\">Plus <span class=\"screen-reader-text\">Apple publie iOS\u00a013.5, une mise \u00e0 jour sp\u00e9ciale coronavirus<\/span> <span class=\"meta-nav\">&rarr;<\/span><\/a><\/p>\n","protected":false},"author":1,"featured_media":3139,"comment_status":"open","ping_status":"open","sticky":false,"template":"","format":"standard","meta":{"_sitemap_exclude":false,"_sitemap_priority":"","_sitemap_frequency":"","footnotes":""},"categories":[1],"tags":[],"class_list":["post-3138","post","type-post","status-publish","format-standard","has-post-thumbnail","hentry","category-tous"],"_links":{"self":[{"href":"https:\/\/www.affinite.fr\/index.php\/wp-json\/wp\/v2\/posts\/3138"}],"collection":[{"href":"https:\/\/www.affinite.fr\/index.php\/wp-json\/wp\/v2\/posts"}],"about":[{"href":"https:\/\/www.affinite.fr\/index.php\/wp-json\/wp\/v2\/types\/post"}],"author":[{"embeddable":true,"href":"https:\/\/www.affinite.fr\/index.php\/wp-json\/wp\/v2\/users\/1"}],"replies":[{"embeddable":true,"href":"https:\/\/www.affinite.fr\/index.php\/wp-json\/wp\/v2\/comments?post=3138"}],"version-history":[{"count":0,"href":"https:\/\/www.affinite.fr\/index.php\/wp-json\/wp\/v2\/posts\/3138\/revisions"}],"wp:featuredmedia":[{"embeddable":true,"href":"https:\/\/www.affinite.fr\/index.php\/wp-json\/wp\/v2\/media\/3139"}],"wp:attachment":[{"href":"https:\/\/www.affinite.fr\/index.php\/wp-json\/wp\/v2\/media?parent=3138"}],"wp:term":[{"taxonomy":"category","embeddable":true,"href":"https:\/\/www.affinite.fr\/index.php\/wp-json\/wp\/v2\/categories?post=3138"},{"taxonomy":"post_tag","embeddable":true,"href":"https:\/\/www.affinite.fr\/index.php\/wp-json\/wp\/v2\/tags?post=3138"}],"curies":[{"name":"wp","href":"https:\/\/api.w.org\/{rel}","templated":true}]}}