{"id":304,"date":"2020-03-06T01:46:36","date_gmt":"2020-03-06T01:46:36","guid":{"rendered":"https:\/\/www.affinite.fr\/index.php\/2020\/03\/06\/5g-le-conseil-detat-ne-suspend-pas-lattribution-des-frequences-mais-maintient-le-suspens\/"},"modified":"2020-03-06T01:46:36","modified_gmt":"2020-03-06T01:46:36","slug":"5g-le-conseil-detat-ne-suspend-pas-lattribution-des-frequences-mais-maintient-le-suspens","status":"publish","type":"post","link":"https:\/\/www.affinite.fr\/index.php\/2020\/03\/06\/5g-le-conseil-detat-ne-suspend-pas-lattribution-des-frequences-mais-maintient-le-suspens\/","title":{"rendered":"5G : le Conseil d\u2019\u00c9tat ne suspend pas l&#039;attribution des fr\u00e9quences&#8230; mais maintient le suspens"},"content":{"rendered":"<p> [ad_1]<br \/>\n<br \/>L&rsquo;institution estime qu&rsquo;il n&rsquo;y a pas urgence \u00e0 interrompre la proc\u00e9dure d&rsquo;attribution des fr\u00e9quences 5G. Il se prononcera toutefois sur le fond du dossier avant l&rsquo;\u00e9t\u00e9, apr\u00e8s avoir \u00e9t\u00e9 saisi par des associations oppos\u00e9es au nouveau standard.   <\/p>\n<p> <img decoding=\"async\" src=\"https:\/\/img.bfmtv.com\/c\/150\/100\/a56\/ac27ac20b673c2b46d0f802a2e780.jpeg\" \/><br \/>\n<br \/>[ad_2]<br \/>\n<br \/><a href=\"https:\/\/www.01net.com\/actualites\/5g-le-conseil-d-etat-ne-suspend-pas-l-attribution-des-frequences-mais-maintient-le-suspens-1869581.html\">Source link <\/a><\/p>\n","protected":false},"excerpt":{"rendered":"<p>[ad_1] L&rsquo;institution estime qu&rsquo;il n&rsquo;y a pas urgence \u00e0 interrompre la proc\u00e9dure d&rsquo;attribution des fr\u00e9quences 5G. Il se prononcera toutefois &hellip; <a href=\"https:\/\/www.affinite.fr\/index.php\/2020\/03\/06\/5g-le-conseil-detat-ne-suspend-pas-lattribution-des-frequences-mais-maintient-le-suspens\/\" class=\"more-link\">Plus <span class=\"screen-reader-text\">5G : le Conseil d\u2019\u00c9tat ne suspend pas l&#039;attribution des fr\u00e9quences&#8230; mais maintient le suspens<\/span> <span class=\"meta-nav\">&rarr;<\/span><\/a><\/p>\n","protected":false},"author":1,"featured_media":305,"comment_status":"open","ping_status":"open","sticky":false,"template":"","format":"standard","meta":{"_sitemap_exclude":false,"_sitemap_priority":"","_sitemap_frequency":"","footnotes":""},"categories":[1],"tags":[],"class_list":["post-304","post","type-post","status-publish","format-standard","has-post-thumbnail","hentry","category-tous"],"_links":{"self":[{"href":"https:\/\/www.affinite.fr\/index.php\/wp-json\/wp\/v2\/posts\/304"}],"collection":[{"href":"https:\/\/www.affinite.fr\/index.php\/wp-json\/wp\/v2\/posts"}],"about":[{"href":"https:\/\/www.affinite.fr\/index.php\/wp-json\/wp\/v2\/types\/post"}],"author":[{"embeddable":true,"href":"https:\/\/www.affinite.fr\/index.php\/wp-json\/wp\/v2\/users\/1"}],"replies":[{"embeddable":true,"href":"https:\/\/www.affinite.fr\/index.php\/wp-json\/wp\/v2\/comments?post=304"}],"version-history":[{"count":0,"href":"https:\/\/www.affinite.fr\/index.php\/wp-json\/wp\/v2\/posts\/304\/revisions"}],"wp:featuredmedia":[{"embeddable":true,"href":"https:\/\/www.affinite.fr\/index.php\/wp-json\/wp\/v2\/media\/305"}],"wp:attachment":[{"href":"https:\/\/www.affinite.fr\/index.php\/wp-json\/wp\/v2\/media?parent=304"}],"wp:term":[{"taxonomy":"category","embeddable":true,"href":"https:\/\/www.affinite.fr\/index.php\/wp-json\/wp\/v2\/categories?post=304"},{"taxonomy":"post_tag","embeddable":true,"href":"https:\/\/www.affinite.fr\/index.php\/wp-json\/wp\/v2\/tags?post=304"}],"curies":[{"name":"wp","href":"https:\/\/api.w.org\/{rel}","templated":true}]}}