{"id":298,"date":"2020-03-05T22:32:36","date_gmt":"2020-03-05T22:32:36","guid":{"rendered":"https:\/\/www.affinite.fr\/index.php\/2020\/03\/05\/mozilla-lance-une-extension-pour-remplacer-les-insultes-misogynes-par-le-mot-guerriere\/"},"modified":"2020-03-05T22:32:36","modified_gmt":"2020-03-05T22:32:36","slug":"mozilla-lance-une-extension-pour-remplacer-les-insultes-misogynes-par-le-mot-guerriere","status":"publish","type":"post","link":"https:\/\/www.affinite.fr\/index.php\/2020\/03\/05\/mozilla-lance-une-extension-pour-remplacer-les-insultes-misogynes-par-le-mot-guerriere\/","title":{"rendered":"Mozilla lance une extension pour remplacer les insultes misogynes par le mot \u00ab guerri\u00e8re \u00bb"},"content":{"rendered":"<p> [ad_1]<br \/>\n<br \/><img decoding=\"async\" src=\"https:\/\/img.bfmtv.com\/i\/0\/0\/393\/c924007d18d5cfeef1731eb8baa82.jpg\" \/><\/p>\n<div itemprop=\"articleBody\">\n<p>A l&rsquo;approche du 8 mars prochain, date de la journ\u00e9e internationale des femmes, Mozilla propose une extension permettant de remplacer toute insulte sexiste sur le web, comme \u00ab\u00a0pute\u00a0\u00bb ou \u00ab\u00a0salope\u00a0\u00bb par \u00ab\u00a0guerri\u00e8re\u00a0\u00bb. Elle est disponible dans le navigateur Firefox.<\/p>\n<aside class=\"bg-color-0 padding-inside-all-s bloc border-s\">\n<h4 class=\"box-txt-normal\">\n<p><strong>A d\u00e9couvrir aussi en vid\u00e9o<\/strong><\/p>\n<\/h4>\n<\/aside>\n<p>Mozilla esp\u00e8re ainsi rendre <em>\u00ab\u00a0Internet un tantinet plus poli et inclusif\u00a0\u00bb<\/em>, comme l\u2019explique le communiqu\u00e9 de presse. <em>\u00ab\u00a0C\u2019est aussi l\u2019occasion d\u2019attirer l\u2019attention sur des pratiques extr\u00eamement r\u00e9pandues et pour autant qui nous concernent toutes et tous\u00a0\u00bb<\/em>, ajoute Mozilla. Les internautes seront incit\u00e9s \u00e0 partager leurs captures d\u2019\u00e9cran.<\/p>\n<p>L\u2019extension est d\u00e9j\u00e0 accessible \u00e0 cette <a href=\"https:\/\/addons.mozilla.org\/fr\/firefox\/addon\/b-itch-to-boss\/\" target=\"_blank\" rel=\"noopener noreferrer\">adresse<\/a>.<\/p>\n<\/p><\/div>\n<p><script>\n         !function(f,b,e,v,n,t,s){if(f.fbq)return;n=f.fbq=function()\n         {n.callMethod? n.callMethod.apply(n,arguments):n.queue.push(arguments)}\n         ;if(!f._fbq)f._fbq=n;\n             n.push=n;n.loaded=!0;n.version='2.0';n.queue=[];t=b.createElement(e);t.async=!0;\n             t.src=v;s=b.getElementsByTagName(e)[0];s.parentNode.insertBefore(t,s)}(window,\n                 document,'script','https:\/\/connect.facebook.net\/en_US\/fbevents.js');\n         fbq('init', '1065890633454496');\n         fbq('track', 'PageView');\n     <\/script><br \/>\n<br \/>[ad_2]<br \/>\n<br \/><a href=\"https:\/\/www.01net.com\/actualites\/firefox-mozilla-lance-une-extension-pour-remplacer-les-insultes-misogynes-par-le-mot-guerriere-1869875.html\">Source link <\/a><\/p>\n","protected":false},"excerpt":{"rendered":"<p>[ad_1] A l&rsquo;approche du 8 mars prochain, date de la journ\u00e9e internationale des femmes, Mozilla propose une extension permettant de &hellip; <a href=\"https:\/\/www.affinite.fr\/index.php\/2020\/03\/05\/mozilla-lance-une-extension-pour-remplacer-les-insultes-misogynes-par-le-mot-guerriere\/\" class=\"more-link\">Plus <span class=\"screen-reader-text\">Mozilla lance une extension pour remplacer les insultes misogynes par le mot \u00ab guerri\u00e8re \u00bb<\/span> <span class=\"meta-nav\">&rarr;<\/span><\/a><\/p>\n","protected":false},"author":1,"featured_media":299,"comment_status":"open","ping_status":"open","sticky":false,"template":"","format":"standard","meta":{"_sitemap_exclude":false,"_sitemap_priority":"","_sitemap_frequency":"","footnotes":""},"categories":[1],"tags":[],"class_list":["post-298","post","type-post","status-publish","format-standard","has-post-thumbnail","hentry","category-tous"],"_links":{"self":[{"href":"https:\/\/www.affinite.fr\/index.php\/wp-json\/wp\/v2\/posts\/298"}],"collection":[{"href":"https:\/\/www.affinite.fr\/index.php\/wp-json\/wp\/v2\/posts"}],"about":[{"href":"https:\/\/www.affinite.fr\/index.php\/wp-json\/wp\/v2\/types\/post"}],"author":[{"embeddable":true,"href":"https:\/\/www.affinite.fr\/index.php\/wp-json\/wp\/v2\/users\/1"}],"replies":[{"embeddable":true,"href":"https:\/\/www.affinite.fr\/index.php\/wp-json\/wp\/v2\/comments?post=298"}],"version-history":[{"count":0,"href":"https:\/\/www.affinite.fr\/index.php\/wp-json\/wp\/v2\/posts\/298\/revisions"}],"wp:featuredmedia":[{"embeddable":true,"href":"https:\/\/www.affinite.fr\/index.php\/wp-json\/wp\/v2\/media\/299"}],"wp:attachment":[{"href":"https:\/\/www.affinite.fr\/index.php\/wp-json\/wp\/v2\/media?parent=298"}],"wp:term":[{"taxonomy":"category","embeddable":true,"href":"https:\/\/www.affinite.fr\/index.php\/wp-json\/wp\/v2\/categories?post=298"},{"taxonomy":"post_tag","embeddable":true,"href":"https:\/\/www.affinite.fr\/index.php\/wp-json\/wp\/v2\/tags?post=298"}],"curies":[{"name":"wp","href":"https:\/\/api.w.org\/{rel}","templated":true}]}}