{"id":2975,"date":"2020-05-17T13:56:03","date_gmt":"2020-05-17T13:56:03","guid":{"rendered":"https:\/\/www.affinite.fr\/index.php\/2020\/05\/17\/coronavirus-ou-se-trouvent-les-25-nouveaux-clusters-en-france\/"},"modified":"2020-05-17T13:56:03","modified_gmt":"2020-05-17T13:56:03","slug":"coronavirus-ou-se-trouvent-les-25-nouveaux-clusters-en-france","status":"publish","type":"post","link":"https:\/\/www.affinite.fr\/index.php\/2020\/05\/17\/coronavirus-ou-se-trouvent-les-25-nouveaux-clusters-en-france\/","title":{"rendered":"Coronavirus\u00a0: o\u00f9 se trouvent les 25\u00a0nouveaux clusters en France\u00a0?"},"content":{"rendered":"<p> [ad_1]<br \/>\n<\/p>\n<aside class=\"ccmsummary marqueur_module ccmcss_cms_summary ccmcss_cms_summary--right\">\n<div class=\"ccmsummary-title ccmcss_cms_summary__title\">&nbsp;Sommaire<\/div>\n<div class=\"ccmsummary-content\">\n<ul>\n<li><a href=\"#coronavirus-france-nombre-de-cas-courbe-evolution-epidemie\">Coronavirus en France<\/a><\/li>\n<li>&bull;&nbsp;<a href=\"#coronavirus-france-nombre-de-cas-courbe-evolution-epidemie\">Nombre de cas et courbe d&#039;&eacute;volution<\/a><\/li>\n<li>&bull;&nbsp;<a href=\"#carte-france-coronavirus-temps-reel\">Carte de l&#039;&eacute;pid&eacute;mie en temps r&eacute;el<\/a><\/li>\n<li>&bull;&nbsp;<a href=\"#coronavirus-region-france-hospitalisation-courbe-carte-departement-deces\">H&ocirc;pital : carte, d&eacute;c&egrave;s<\/a><\/li>\n<li>&bull;&nbsp;<a href=\"#coronavirus-france-ehpad-visites\">Ehpad : cas, d&eacute;c&egrave;s<\/a><\/li>\n<li>&bull; <a href=\"#nombre-de-morts-coronavirus-france-courbe-carte-departement\">Morts : nombre, carte, courbe<\/a><\/li>\n<li><a href=\"#coronavirus-carte-deconfinement-departement-region-criteres\">Carte de d&eacute;confinement par d&eacute;partements<\/a><\/li>\n<li>&bull; <a href=\"#carte-departement-deconfinement-vert-coronavirus\">D&eacute;partements verts<\/a><\/li>\n<li>&bull; <a href=\"#carte-departement-deconfinement-rouge-coronavirus\">D&eacute;partements rouges<\/a><\/li>\n<li><a href=\"#condition-plan-deconfinement-france-ecole-travail-restaurant-commerce-transport-reouverture-enfant-prioritaire-masque\">D&eacute;confinement : plan, risques<\/a><\/li>\n<li><a href=\"#coronavirus-gestes-barriere-hygiene-mains-masques-proteger-gel-hydro-alcoolique-distance-sociale\">Gestes barri&egrave;res<\/a><\/li>\n<li><a href=\"#symptome-coronavirus-que-faire\">Sympt&ocirc;mes du coronavirus<\/a><\/li>\n<li><a href=\"#coronavirus-monde\">Coronavirus dans le monde<\/a><\/li>\n<li>&bull; <a href=\"#coronavirus-carte-monde-temps-reel\">Carte<\/a><\/li>\n<li>&bull; <a href=\"#mort-coronavirus-monde-chiffres-tableau\">Nombre de morts<\/a><\/li>\n<li>&bull; <a href=\"#cas-coronavirus-monde-chiffres-tableau\">Nombre de cas<\/a><\/li>\n<li>&bull; <a href=\"#coronavirus-voyage-france-zones-a-risque-ete-etranger\">Voyage<\/a><\/li>\n<li>&bull; <a href=\"#italie-coronavirus-deconfinement-nombre-de-cas-mort\">Italie<\/a><\/li>\n<li>&bull; <a href=\"#espagne-coronavirus-deconfinement\">Espagne<\/a><\/li>\n<li>&bull; <a href=\"#coronavirus-chine-deuxieme-vague\">Chine<\/a><\/li>\n<\/ul>\n<\/div>\n<\/aside>\n<p><strong>[Mis &agrave; jour le dimanche 17 mai &agrave; 12h25]<\/strong>&nbsp;La <strong>pand&eacute;mie de coronavirus <\/strong>apparue en&nbsp;Chine en d&eacute;cembre 2019<b>,&nbsp;<\/b>a d&eacute;sormais contamin&eacute;&nbsp;<strong>4,6&nbsp;millions de personnes<\/strong> dans le monde et fait pr&egrave;s de<strong> 312 000 morts<\/strong>. En <strong>France<\/strong>, le bilan est de plus de<strong> 142 291 cas <\/strong>et <strong>27 625&nbsp;morts <\/strong>au 16&nbsp;mai au soir, selon le <a href=\"https:\/\/solidarites-sante.gouv.fr\/actualites\/presse\/communiques-de-presse\/article\/communique-de-presse-du-16-mai-2020\" target=\"_blank\" rel=\"noopener noreferrer\">minist&egrave;re de la Sant&eacute;<\/a>, soit 96&nbsp;d&eacute;c&egrave;s en plus&nbsp;sur les derni&egrave;res 24&nbsp;heures, un<strong> chiffre en baisse au sixi&egrave;me jour&nbsp;du d&eacute;confinement. 46&nbsp;nouveaux cas graves ont &eacute;t&eacute; admis en r&eacute;animation<\/strong>&nbsp;contre&nbsp;38&nbsp;il y a une semaine. La France poursuit son d&eacute;confinement alors que des <a href=\"https:\/\/sante.journaldesfemmes.fr\/fiches-maladies\/2633581-maladie-de-kawasaki-covid-19-coronavirus-france-necker-marseille-syndrome-symptomes-traitement\/#maladie-de-kawasaki-definition-symptomes\" target=\"_blank\" rel=\"noopener noreferrer\">sympt&ocirc;mes plus graves chez l&#039;enfant<\/a> associ&eacute;s &agrave; la <a href=\"https:\/\/sante.journaldesfemmes.fr\/fiches-maladies\/2633581-maladie-de-kawasaki-covid-19-coronavirus-france-necker-marseille-syndrome-symptomes-traitement\/\" target=\"_blank\" rel=\"noopener noreferrer\">maladie de Kawasaki<\/a> inqui&egrave;tent. &nbsp;Sur la <strong><a href=\"https:\/\/solidarites-sante.gouv.fr\/soins-et-maladies\/maladies\/maladies-infectieuses\/coronavirus\/etat-des-lieux-et-actualites\/article\/indicateurs-de-l-activite-epidemique\" target=\"_blank\" rel=\"noopener noreferrer\">derni&egrave;re carte des d&eacute;partements<\/a> <\/strong>figurent toujours&nbsp;<strong>32&nbsp;d&eacute;partements class&eacute;s &quot;rouge&quot;, <\/strong>principalement l&#039;Ile-de-France, le quart Nord-Est et Mayotte<strong>,<\/strong>&nbsp;et&nbsp;<strong>69 d&eacute;partements &quot;verts&quot;<\/strong>. Le minist&egrave;re de l&#039;Int&eacute;rieur a mis en ligne la&nbsp;<strong><a href=\"http:\/\/www.interieur.gouv.fr\/Actualites\/L-actu-du-Ministere\/Deconfinement-Declaration-de-deplacement\" target=\"_blank\" rel=\"noopener noreferrer\">nouvelle&nbsp;attestation<\/a>&nbsp;<\/strong>exig&eacute;e pour un&nbsp;d&eacute;placement sup&eacute;rieur &agrave; un&nbsp;rayon de 100&nbsp;km autour du lieu de r&eacute;sidence (&quot;&agrave; vol d&#039;oiseau&quot;) ou du d&eacute;partement.&nbsp;Il n&#039;est <strong>pas n&eacute;cessaire de se munir de la d&eacute;claration&nbsp;pour les d&eacute;placements de plus de 100&nbsp;km effectu&eacute;s au sein de son d&eacute;partement <\/strong>de r&eacute;sidence. La <strong><a href=\"https:\/\/media.interieur.gouv.fr\/deplacement-covid-19\/\" target=\"_blank\" rel=\"noopener noreferrer\">d&eacute;claration est t&eacute;l&eacute;chargeable en ligne<\/a><\/strong> ou<strong> <\/strong>directement depuis le site du minist&egrave;re de l&#039;Int&eacute;rieur. La<strong> France est le 7e pays du monde le plus touch&eacute; <\/strong>en nombre de cas et le <strong>5e en terme de mortalit&eacute;. <\/strong>La premi&egrave;re phase de d&eacute;confinement est &eacute;tablie jusqu&#039;au <strong>2&nbsp;juin<\/strong>. Elle permettra de v&eacute;rifier que les mesures mises en &oelig;uvre suffisent &agrave; contenir l&#039;&eacute;pid&eacute;mie. Et d&#039;envisager les mesures pour la phase suivante&nbsp;: <strong>du 2&nbsp;juin jusqu&#039;&agrave; l&#039;&eacute;t&eacute;<\/strong>. Le <strong>pays le plus impact&eacute; par l&#039;&eacute;pid&eacute;mie de Covid-19<\/strong> dans le monde est les <strong>Etats-Unis&nbsp;<\/strong>(1,46&nbsp;million de cas et 88 000&nbsp;d&eacute;c&egrave;s selon l&#039;<a href=\"https:\/\/gisanddata.maps.arcgis.com\/apps\/opsdashboard\/index.html#\/bda7594740fd40299423467b48e9ecf6\" target=\"_blank\" rel=\"noopener noreferrer\">Universit&eacute; John Hopkins<\/a>). Viennent ensuite&nbsp;<strong>la Russie<\/strong> (281 000&nbsp;cas &#8211; 2 630&nbsp;morts),<strong>&nbsp;<\/strong><strong>le&nbsp;Royaume-Uni <\/strong>(241 600&nbsp;cas-<strong>34 540&nbsp;morts),&nbsp;<\/strong>l&#039;<strong>Espagne<\/strong> (230 700&nbsp;cas-27 560 morts),<strong> et<\/strong>&nbsp;l&#039;<strong>Italie <\/strong>(224 700 cas &#8211; 31 700 morts). Pour le moment, les<strong> fronti&egrave;res de l&#039;Union europ&eacute;enne et de l&#039;espace Schengen sont ferm&eacute;es <\/strong>pour freiner la circulation du virus entre les gens et une attestation de d&eacute;placement d&eacute;rogatoire doit &ecirc;tre pr&eacute;sent&eacute;e &agrave; chaque personne voulant entrer en France depuis le&nbsp;8 avril.&nbsp;<\/p>\n<div class=\"ccminsert\">\n<aside class=\"app_widget_fo app_widget_fo--call\">\n<ul>\n<li>\n                <a href=\"https:\/\/www.journaldesfemmes.fr\/societe\/actu\/2629179-deconfinement-attestation-rassemblement-de-plus-10-personnes-maison-chez-soi-deplacement-justificatif-obligatoire-vacances-d-ete-reservation-week-end\/\" class=\"jGTMWidgetGAEventClick\" data-GTMWidgetGaEventAction=\"clickWidgetCall\" data-GTMWidgetGaEventLabel=\"D\u00e9confinement\u00a0: Week-end ensoleill\u00e9, Vacances d&#039;\u00e9t\u00e9, Rassemblement autoris\u00e9s...\"><\/p>\n<figure>\n<p>                            <img decoding=\"async\" src=\"https:\/\/img-3.journaldesfemmes.fr\/7O9t2PAdlqkPWtBghblHbhfTk_k=\/200x132\/smart\/94f7f620f73c49b0a50ab41ede354553\/ccmcms-jdf\/15653144.jpg\" alt=\"\"><figcaption>\n<h3>D\u00e9confinement\u00a0: Week-end ensoleill\u00e9, Vacances d&#039;\u00e9t\u00e9, Rassemblement autoris\u00e9s&#8230;<\/h3>\n<p>Comment reprendre le travail\u00a0? Remettre son enfant \u00e0 l&#039;\u00e9cole\u00a0? Se d\u00e9placer\u00a0? Contr\u00f4les, justificatifs et sanctions, R\u00e9ouverture des commerces, Tests g\u00e9n\u00e9ralis\u00e9s, Masques obligatoires&#8230; Derni\u00e8res infos sur le D\u00e9confinement.<\/p>\n<\/figcaption><\/figure>\n<p>                <\/a>\n            <\/li>\n<\/ul>\n<\/aside>\n<\/div>\n<p>Quels sont les <a href=\"https:\/\/sante.journaldesfemmes.fr\/fiches-maladies\/2619739-gestes-barrieres-covid-19-distance-ecole-commerce-coiffure-entreprise-creche-oms-protocole\/\" target=\"_blank\" rel=\"noopener noreferrer\">gestes barri&egrave;res<\/a> contre le virus ? <a href=\"https:\/\/sante.journaldesfemmes.fr\/fiches-maladies\/2629823-r0-coronavirus-france-allemagne-avril-2020-c-est-quoi-definition\/\" target=\"_blank\" rel=\"noopener noreferrer\">Qu&#039;est-ce que le R0<\/a> ? Les <a href=\"https:\/\/sante.journaldesfemmes.fr\/fiches-maladies\/2632039-reouverture-dentiste-cabinet-kinesitherapeute-orthodontiste-opticien-medecin-deconfinement-condition-aller\/\" target=\"_blank\" rel=\"noopener noreferrer\">cabinets m&eacute;dicaux ont-ils tous rouverts le 11 mai<\/a> ?&nbsp;<a href=\"https:\/\/sante.journaldesfemmes.fr\/maladies\/2619933-que-veut-dire-covid-19-liste-personne-risque-forme-grave-symptomes-contagion-transmission-enfant-femme-enceinte\/\" target=\"_blank\" rel=\"noopener noreferrer\">Que sait-on aujourd&#039;hui sur ce coronavirus<\/a> ? Quels <a href=\"https:\/\/sante.journaldesfemmes.fr\/fiches-maladies\/2626119-coronavirus-ibuprofene-cortisone-anti-inflammatoires-medicament-a-eviter-interdit-paracetamol-posologie\/\" target=\"_blank\" rel=\"noopener noreferrer\">m&eacute;dicaments &eacute;viter et prendre<\/a> en cas de sympt&ocirc;mes&nbsp;? <a href=\"https:\/\/sante.journaldesfemmes.fr\/fiches-maladies\/2608487-coronavirus-vacances-ete-2020-france-voyage-etranger-europe-mesures-sanitaires-gestes-barrieres-avion-train-aeroport-gare\/\" target=\"_blank\" rel=\"noopener noreferrer\">Pourra-t-on partir en vacances cet &eacute;t&eacute; et o&ugrave;&nbsp;?<\/a>&nbsp;Quelles sont&nbsp;les <a href=\"https:\/\/sante.journaldesfemmes.fr\/fiches-maladies\/2631987-effets-psychologiques-deconfinement-peur-anxiete-conseils\/\" target=\"_blank\" rel=\"noopener noreferrer\">cons&eacute;quences psychologiques du d&eacute;confinement<\/a> ? Le <a href=\"https:\/\/sante.journaldesfemmes.fr\/fiches-maladies\/2627165-coronavirus-covid-mort-duree-vie-contagion-multiplication-vetement\/\" target=\"_blank\" rel=\"noopener noreferrer\">coronavirus survit-il quand on meurt<\/a> ? Actualit&eacute;s et point de situation en direct.<\/p>\n<p><u><b>Derni&egrave;res infos en direct :<\/b><\/u><\/p>\n<section>\n<ul>\n<li>Le ministre de la Sant&eacute; Olivier V&eacute;ran annonce l<strong>&#039;identification de 25 nouveaux clusters de coronavirus en France<\/strong>, dans le Journal du Dimanche. Parmi ces foyers : un se trouve dans un abattoir de Fleury-l&egrave;s-Aubrais (Loiret)<span style=\"font-size: 1rem\">, pr&egrave;s d&#039;Orl&eacute;ans, trois&nbsp;<\/span>en Ile-de-France (dont un dans un foyer de jeunes travailleurs de <strong>Clamart<\/strong><span style=\"font-size: 1rem\"><strong>&nbsp;<\/strong>(Hauts-de-Seine)), trois en Auvergne-Rh&ocirc;ne-Alpes, en Occitanie (dont un dans le <strong>Tarn<\/strong>, parmi le personnel municipal de Carmaux), trois dans les Pays-de-la-Loire notamment &agrave; l&#039;h&ocirc;pital de Saumur (Maine-et-Loire), d<\/span>eux dans le <strong>Grand Est, les Hauts-de-France et la Bourgogne Franche-Comt&eacute;,<\/strong> deux en Bretagne (6&nbsp;personnes&nbsp;travaillant dans l&#039;abattoir Kermen&eacute; des C&ocirc;tes-d&#039;Armor ont &eacute;t&eacute; test&eacute;s positifs au Covid-19, et un autre cluster&nbsp;dans un h&ocirc;pital de Lannion), deux en Nouvelle Aquitaine (en Dordogne apr&egrave;s des obs&egrave;ques &agrave; Eglise-Neuve-de-Verg et dans un coll&egrave;ge de la Vienne, &agrave; <strong>Chauvigny<\/strong>).<\/li>\n<li>Selon <a href=\"https:\/\/www.francetvinfo.fr\/sante\/maladie\/coronavirus\/enquete-franceinfo-depistage-du-covid-19-des-livraisons-de-materiel-inadequat-suspendues-par-la-france_3966019.html\" target=\"_blank\" rel=\"noopener noreferrer\">France Info<\/a>, la France aurait command&eacute; des &eacute;couvillons de tests destin&eacute;s &agrave; des robots chinois, dont une partie serait inadapt&eacute;e pour le d&eacute;pistage du Covid-19,car utilisables dans la gorge et non dans le nez. Leur livraison aux CHU d&eacute;tenteurs des robots en question serait&nbsp;suspendue.<\/li>\n<li>Olivier V&eacute;ran annonce le lancement du<strong> S&eacute;gur de la Sant&eacute; <\/strong>le 25&nbsp;mai, avec les partenaires sociaux et les collectifs hospitaliers :&nbsp;<em>&quot;Augmentations de salaire, organisation du travail, valorisation du collectif, revalorisation des carri&egrave;res&#8230; Nous devons &ecirc;tre &agrave; la hauteur des attentes des soignants&nbsp;!&quot;<\/em><\/li>\n<li>Le Ministre de la Culture annonce que la <strong>F&ecirc;te de la Musique&nbsp;aura bien lieu en France le 21&nbsp;juin <\/strong>prochain malgr&eacute; l&#039;&eacute;pid&eacute;mie de coronavirus.<\/li>\n<li>Le <a href=\"https:\/\/twitter.com\/raoult_didier\/status\/1260874255744581632\" target=\"_blank\" rel=\"noopener noreferrer\">Pr Didier Raoult de Marseille a remis en cause l&#039;efficacit&eacute; du confinement<\/a> contre la pand&eacute;mie de coronavirus en&nbsp;s&#039;appuyant&nbsp;sur une <a href=\"https:\/\/issuu.com\/prisarevistas\/docs\/prevalencia\/3\" target=\"_blank\" rel=\"noopener noreferrer\">&eacute;tude espagnole<\/a> qui montre que les travailleurs essentiels qui ont continu&eacute; &agrave; sortir de chez eux durant le confinement ont &eacute;t&eacute; moins contamin&eacute;s par le Covid-19&nbsp;que ceux rest&eacute;s &agrave; domicile.&nbsp;<\/li>\n<li>Le <strong>port du masque est obligatoire sur tous les vols aux Etats-Unis <\/strong>pour &eacute;viter la propagation du coronavirus. Officiellement, n&#039;en sont dispens&eacute;s que les passagers ayant une raison m&eacute;dicale ou les tr&egrave;s jeunes enfants.&nbsp;<\/li>\n<li>L&#039;<strong>Ile-de-France <\/strong>est pass&eacute;e sous les 1.000&nbsp;patients et patients en r&eacute;animation ou en soins intensifs. 917&nbsp;sur 2.132&nbsp;en France.<\/li>\n<li>Le <strong>Br&eacute;sil<\/strong> passe le <strong>cap des 15&nbsp;000&nbsp;morts<\/strong> du coronavirus<\/li>\n<li>Ferm&eacute; pendant pr&egrave;s de deux mois, le <strong>Mont-Saint-Michel est de nouveau accessible<\/strong>, tout comme les venelles m&eacute;di&eacute;vales de la cit&eacute; de Carcassonne, la <strong>cath&eacute;drale de Chartres,<\/strong> le <strong>sanctuaire de Lourdes<\/strong> et le <strong>t&eacute;l&eacute;ph&eacute;rique de l&#039;aiguille du Midi,<\/strong> &agrave; Chamonix.<\/li>\n<li>La c&eacute;l&egrave;bre enseigne d&#039;ameublement et de d&eacute;coration fran&ccedil;aise <strong>Alin&eacute;a <\/strong>a<strong>&nbsp;d&eacute;pos&eacute; le bilan,<\/strong> a annonc&eacute; son directeur g&eacute;n&eacute;ral, Alexis Mulliez, &agrave;&nbsp;<em>La Provence<\/em>.<\/li>\n<li><strong>L&#039;Italie va rouvrir&nbsp;ses fronti&egrave;res<\/strong> (sans quarantaine) aux touristes de l&#039;Union europ&eacute;enne d&egrave;s le 3&nbsp;juin, annonce le gouvernement italien&nbsp;&agrave; l&#039;issue du Conseil des ministres vendredi.&nbsp;<\/li>\n<li>L&#039;Agence nationale du m&eacute;dicament, l&#039;ANSM <strong>met de nouveau en garde<\/strong> contre plus de <strong>500&nbsp;effets ind&eacute;sirables<\/strong> d&eacute;clar&eacute;s en lien avec des m&eacute;dicaments utilis&eacute;s chez des patients infect&eacute;s par le Covid-19, notamment&nbsp;le risque de troubles neuropsychiatriques&nbsp;d&eacute;j&agrave; connu avec&nbsp;l&#039;<strong>hydroxychloroquine et la chloroquine<\/strong> (psychose, nervosit&eacute;, insomnies, d&eacute;pression, etc.) qui&nbsp;pourrait &ecirc;tre aggrav&eacute; par le contexte li&eacute; &agrave; la pand&eacute;mie et au confinement. Une &eacute;valuation &agrave; ce sujet est en cours au niveau europ&eacute;en. Compte tenu de ces risques, l&#039;ANSM rappelle que ces m&eacute;dicaments doivent &ecirc;tre prioritairement utilis&eacute;s&nbsp;dans le cadre des essais cliniques contre le Covid-19.<\/li>\n<li>Cinq <strong>vaccins <\/strong>sont en cours d&#039;essais cliniques.&nbsp;2 575&nbsp;volontaires ont &eacute;t&eacute;&nbsp;vaccin&eacute;s dans le cadre des diff&eacute;rents projets,&nbsp;annoncent les autorit&eacute;s chinoises, vendredi.&nbsp;<\/li>\n<li>L&#039;Organisation Mondiale de la Sant&eacute;&nbsp;<strong>appelle &quot;tous les cliniciens dans le monde<\/strong> &agrave; travailler avec leurs autorit&eacute;s nationales et l&#039;OMS&quot;&nbsp;pour&nbsp;mieux <strong>comprendre et &eacute;tablir le possible lien <\/strong> entre la maladie Covid-19&nbsp;et la maladie de Kawasaki, un syndrome inflammatoire touchant les enfants et dont une forme proche a fait un<strong> premier mort en France le 8 mai.<\/strong>&nbsp;En cas de fi&egrave;vre &eacute;lev&eacute;e et durable, de manifestations inflammatoires (ganglions, &eacute;ruptions) chez l&#039;enfant, il convient de demander rapidement un avis m&eacute;dical. Dans le point &eacute;pid&eacute;miologique du 15&nbsp;mai, <a href=\"https:\/\/www.santepubliquefrance.fr\/maladies-et-traumatismes\/maladies-et-infections-respiratoires\/infection-a-coronavirus\/documents\/bulletin-national\/covid-19-point-epidemiologique-du-14-mai-2020\" target=\"_blank\" rel=\"noopener noreferrer\">Sant&eacute; Publique France<\/a> rapporte<strong>&nbsp;125&nbsp;signalements<\/strong> de maladies syst&eacute;miques atypiques p&eacute;diatriques confirm&eacute;es ou suspect&eacute;es d&#039;&ecirc;tre en lien avec le COVID-19&nbsp;et survenus depuis le 1er mars 2020, ont &eacute;t&eacute; rapport&eacute;s. <strong>65&nbsp;&eacute;taient positifs au Covid-19&nbsp;apr&egrave;s <a href=\"https:\/\/sante.journaldesfemmes.fr\/fiches-maladies\/2623965-coronavirus-test-france-serologique-virologique-pcr-nez-ordonnance-ou-faire-temps-resultat-laboratoire-remboursement-roche-test-serologique-autorise\/\" target=\"_blank\" rel=\"noopener noreferrer\">test PCR<\/a><\/strong>. Les sympt&ocirc;mes faisaient penser &agrave; ceux de la <strong>maladie de Kawasaki<\/strong>.&nbsp;54%&nbsp;ont concern&eacute; des <strong>filles<\/strong>.&nbsp;Un gar&ccedil;on &acirc;g&eacute; de 9&nbsp;ans, pr&eacute;sentant une comorbidit&eacute; neuro-d&eacute;veloppementale, est d&eacute;c&eacute;d&eacute;. Sa s&eacute;rologie vis-&agrave;-vis du COVID19&nbsp;&eacute;tait positive. Un s&eacute;jour en r&eacute;animation a &eacute;t&eacute; n&eacute;cessaire pour 65&nbsp;enfants et en unit&eacute; de soins critiques pour 25. Les autres enfants ont &eacute;t&eacute; hospitalis&eacute;s en service de p&eacute;diatrie.<\/li>\n<\/ul>\n<div class=\"ccminsert\">\n<aside class=\"app_widget_fo app_widget_fo--call\">\n<ul>\n<li>\n                <a href=\"https:\/\/sante.journaldesfemmes.fr\/fiches-maladies\/2633581-maladie-de-kawasaki-covid-19-coronavirus-france-necker-marseille-syndrome-symptomes-traitement\/\" class=\"jGTMWidgetGAEventClick\" data-GTMWidgetGaEventAction=\"clickWidgetCall\" data-GTMWidgetGaEventLabel=\"Maladie de Kawasaki et coronavirus\u00a0: sympt\u00f4mes, cas en France, traitement\"><\/p>\n<figure>\n<p>                            <img decoding=\"async\" src=\"https:\/\/img-3.journaldesfemmes.fr\/UMZNvBWodGDBcvJEPX_oLNoXBF0=\/200x132\/smart\/4b818f2f75a64319b35c2617f283794c\/ccmcms-jdf\/15678922.jpg\" alt=\"\"><figcaption>\n<h3>Maladie de Kawasaki et coronavirus\u00a0: sympt\u00f4mes, cas en France, traitement<\/h3>\n<p>125\u00a0enfants pr\u00e9sentant des sympt\u00f4mes similaires au syndrome ou maladie de Kawasaki sont recens\u00e9s en France. Un sur deux avait eu une infection r\u00e9cente au Covid-19\u00a0et un gar\u00e7on de 9\u00a0ans est d\u00e9c\u00e9d\u00e9 \u00e0 Marseille. Quels sont les sympt\u00f4mes d&#039;alerte\u00a0? Quand aller \u00e0 l&#039;h\u00f4pital\u00a0? Que sait-on de ces cas en France\u00a0? Quels traitements\u00a0?<\/p>\n<\/figcaption><\/figure>\n<p>                <\/a>\n            <\/li>\n<\/ul>\n<\/aside>\n<\/div>\n<ul>\n<li>Vacances scolaires d&#039;&eacute;t&eacute; : le ministre de l&#039;&eacute;ducation veut des &quot;<strong>vacances apprenantes<\/strong>&quot; : il sera possible d&#039;aller &agrave; l&#039;&eacute;cole pendant les vacances d&#039;&eacute;t&eacute;, en cours le matin et pour des activit&eacute;s sportives et culturelles l&#039;apr&egrave;s-midi, annonce Jean-Michel Blanquer. Il y aura &eacute;galement l&#039;accueil des loisirs avec des projets centr&eacute;s sur le renforcement des apprentissages, et de nouvelles colonies de vacances avec des enseignants volontaires.<\/li>\n<li><strong>Deux enfants<\/strong> issus de la m&ecirc;me fratrie, d&#039;une &eacute;cole maternelle et &eacute;l&eacute;mentaire de La Celle-Saint-Cloud dans les Yvelines ont &eacute;t&eacute; plac&eacute;s en quatorzaine ce vendredi matin. Ils seraient potentiellement des <strong>&quot;cas contacts&quot;,<\/strong> apprend-on dans <a href=\"http:\/\/www.leparisien.fr\/yvelines-78\/yvelines-alerte-au-coronavirus-dans-deux-ecoles-rouvertes-15-05-2020-8317884.php\" target=\"_blank\" rel=\"noopener noreferrer\">un article du Parisien<\/a>. Une r&eacute;union a &eacute;t&eacute; organis&eacute;e &agrave; la demande de la direction acad&eacute;mique en pr&eacute;sence de l&#039;inspecteur de secteur, du m&eacute;decin scolaire et de l&#039;&eacute;lue de La Celle-Saint-Cloud en charge des affaires scolaires. Les &eacute;coles restent malgr&eacute; tout ouvertes.&nbsp;<\/li>\n<li>Ferm&eacute;e depuis deux mois,<strong> la Basilique Saint-Pierre (Vatican) rouvre ses portes aux visiteurs<\/strong>&nbsp;&agrave; partir du lundi 18&nbsp;mai, a rapport&eacute; la salle de presse du Vatican.<\/li>\n<li>A New York, le confinement serait prolong&eacute; jusqu&#039;au 13&nbsp;juin, indique un d&eacute;cret du gouvernement.<\/li>\n<li>L&#039;Iran a connu sa plus forte hausse des contaminations en 24&nbsp;heures&nbsp;: 2&nbsp;102&nbsp;nouveaux cas par rapport au jour pr&eacute;c&eacute;dent.&nbsp;<\/li>\n<li>Le confinement aurait permis de <strong>baisser le trafic de drogues de 30&nbsp;&agrave; 40% <\/strong>selon les services responsables de la lutte anti-drogues, a indiqu&eacute; Christophe Castaner, ministre de l&#039;Int&eacute;rieur, ce vendredi 15&nbsp;mai, lors d&#039;une conf&eacute;rence de presse au si&egrave;ge de l&#039;Office anti-stup&eacute;fiants situ&eacute; &agrave; Nanterre.&nbsp;<\/li>\n<li>A Paris, la tr&ecirc;ve hivernale est prolong&eacute;e<strong> jusqu&#039;en octobre<\/strong> pour les locataires les plus pr&eacute;caires, a annonc&eacute;&nbsp;l&#039;adjoint en charge du logement, Ian Brossat.<\/li>\n<li>Muriel P&eacute;nicaud annonce que les <strong>CDD pourront &ecirc;tre renouvel&eacute;s plus de deux fois<\/strong> uniquement lors d&#039;une reprise d&#039;activit&eacute; cette ann&eacute;e.<\/li>\n<\/ul>\n<ul>\n<li>L&#039;Assembl&eacute;e a valid&eacute; la <strong>prolongation de 6 mois de la validit&eacute; des titres de s&eacute;jour des &eacute;trangers<\/strong> et de 3 mois des attestations de&nbsp;demande d&#039;asile&nbsp;expir&eacute;s entre le 16&nbsp;mai et le 15&nbsp;juin.<\/li>\n<li>Un amendement valide en France le fait que&nbsp;<strong>le ch&ocirc;mage partiel soit&nbsp;pris en compte pour la <a href=\"https:\/\/www.affinite.fr\/index.php\/2023\/07\/29\/changer-de-vie-voyager-complement-de-retraite-devenez-vendeur-de-glace-a-litalienne\/\">retraite<\/a> de base<\/strong>.&nbsp;Les d&eacute;put&eacute;s ont aussi temporairement relev&eacute; le plafond du&nbsp;<strong>temps de travail des &eacute;tudiants &eacute;trangers&nbsp;<\/strong>de 60&nbsp;&agrave; 80&nbsp;% d&#039;un temps complet, en invoquant notamment leurs besoins financiers.<\/li>\n<li>Dans son point &eacute;pid&eacute;miologique du 14 mai, Sant&eacute; Publique France note que le <strong>port syst&eacute;matique du masque en public<\/strong> est la <strong>seule mesure de protection qui a augment&eacute; de mani&egrave;re significative<\/strong>.<\/li>\n<\/ul>\n<div class=\"ccminsert\">\n<aside class=\"app_widget_fo app_widget_fo--call\">\n<ul>\n<li>\n                <a href=\"https:\/\/sante.journaldesfemmes.fr\/fiches-maladies\/2609189-masque-coronavirus-covid-19-chirurgical-afnor-tissu-lavable-grand-public-port-obligatoire-enfant-ou-acheter-prix\/\" class=\"jGTMWidgetGAEventClick\" data-GTMWidgetGaEventAction=\"clickWidgetCall\" data-GTMWidgetGaEventLabel=\"Masque coronavirus\u00a0: tissu, chirurgical, Afnor... O\u00f9 s&#039;en procurer\u00a0?\"><\/p>\n<figure>\n<p>                            <img decoding=\"async\" src=\"https:\/\/img-3.journaldesfemmes.fr\/5rzVPJCr99Xhxr-dTppJhT3Pi8g=\/200x132\/smart\/c2a46a9c1dec42ad8ff9154bd53ababd\/ccmcms-jdf\/15639309.jpg\" alt=\"\"><figcaption>\n<h3>Masque coronavirus\u00a0: tissu, chirurgical, Afnor&#8230; O\u00f9 s&#039;en procurer\u00a0?<\/h3>\n<p>MASQUE DE PROTECTION &#8211; Pour limiter la transmission du coronavirus, le port du masque est recommand\u00e9 \u00e0 tous en France et obligatoire dans les transports et certains magasins. Pharmacies, Intermarch\u00e9, Internet&#8230; O\u00f9 trouver un masque chirurgical jetable, en tissu lavable ou aux normes AFNOR\u00a0et \u00e0 quel prix\u00a0?<\/p>\n<\/figcaption><\/figure>\n<p>                <\/a>\n            <\/li>\n<\/ul>\n<\/aside>\n<\/div>\n<ul>\n<li>La <strong>Slov&eacute;nie <\/strong>a proclam&eacute; la <strong>fin de l&#039;&eacute;pid&eacute;mie de Covid-19<\/strong>&nbsp;sur son territoire et<strong> rouvert ses fronti&egrave;res <\/strong>m&ecirc;me si certaines mesures pr&eacute;ventives restent en vigueur.<\/li>\n<li><strong>L&#039;Allemagne <\/strong>a subi un recul de 2,2&nbsp;% de son produit int&eacute;rieur brut (PIB) au premier trimestre, en raison du coronavirus, entrant officiellement <strong>en r&eacute;cession<\/strong>, a annonc&eacute; vendredi l&#039;office f&eacute;d&eacute;ral des statistiques Destatis.<\/li>\n<li>La <strong>Russie a recens&eacute; plus de 10&nbsp;000&nbsp;cas<\/strong> d&#039;infection au nouveau coronavirus vendredi.<\/li>\n<li><strong>Les fronti&egrave;res restent ferm&eacute;es&nbsp;jusqu&#039;au 15&nbsp;juin<\/strong> au moins avec les pays europ&eacute;ens, sauf motifs imp&eacute;rieux (concernant la garde d&#039;enfant ou les travailleurs transfrontaliers, par exemple).&nbsp;<\/li>\n<li>En Italie,<strong>&nbsp;Rome<strong>&nbsp;<\/strong><\/strong><strong>a d&eacute;cid&eacute; d&#039;autoriser<\/strong>&nbsp;l&#039;ouverture &agrave; partir de lundi prochain de certains magasins, comme les coiffeurs ou centres de beaut&eacute;, initialement pr&eacute;vus pour le 1<sup>er&nbsp;<\/sup>juin<\/li>\n<li>La France va imposer une mise en &quot;quarantaine&quot; (14 jours) aux personnes venant d&#039;<strong>Espagne<\/strong>, indique l&#039;Elys&eacute;e jeudi,&nbsp;en r&eacute;ponse aux mesures prises par le gouvernement espagnol de placer en quarantaine (14 jours) les personnes arrivant en Espagne depuis l&#039;&eacute;tranger, &agrave; partir de vendredi 15&nbsp;mai et pendant toute la dur&eacute;e de l&#039;&eacute;tat d&#039;urgence.<\/li>\n<li>Le directeur g&eacute;n&eacute;ral de Sanofi Paul Hudson appelle jeudi 14 mai l&#039;union europ&eacute;enne &agrave; partager les risques dans le financement de la recherche d&#039;un vaccin. Apr&egrave;s avoir suscit&eacute; la pol&eacute;mique sur la distribution du vaccin qui serait trouv&eacute; en priorit&eacute;&nbsp;aux Am&eacute;ricains, le patron du g&eacute;ant pharmaceutique fran&ccedil;ais rassure &quot;Il est &eacute;vident que si <strong>Sanofi<\/strong> d&eacute;couvre un vaccin, il sera accessible &agrave; tous&quot;, mais appelle l&#039;Europe &agrave; &quot;collaborer&quot; davantage.<\/li>\n<li>Les <strong>ch&egrave;ques-vacances<\/strong> pourraient b&eacute;n&eacute;ficier aux salari&eacute;s des petites et moyennes entreprises d&egrave;s cet &eacute;t&eacute;, annonce Gabriel Attal le secr&eacute;taire d&#039;Etat dans <em>Le Monde,&nbsp;<\/em>apr&egrave;s le comit&eacute; minist&eacute;riel du tourisme qui s&#039;est tenu ce jeudi 14 mai.<\/li>\n<li>Il n&#039;y aurait pas encore de r&eacute;sultats fiables sur l&#039;efficacit&eacute;s des quatre m&eacute;dicaments test&eacute;s, dans le cadre de l&#039;essai clinique <strong>Discovery<\/strong>, a indiqu&eacute; ce jeudi 14&nbsp;mai &agrave; l&#039;AFP l&#039;un des chercheurs qui coordonne le projet &agrave; l&#039;Inserm.<\/li>\n<li>A partir du dimanche 17 mai, le port du masque sera obligatoire au Qatar dans l&#039;espace public.&nbsp;En cas de non-port, la sanction peut s&#039;&eacute;lever &agrave; 3 ans d&#039;emprisonnement et une amende allant jusqu&#039;&agrave; 51 000 euros.<\/li>\n<li>La<strong> date de r&eacute;ouverture des caf&eacute;s-restaurants sera fix&eacute;e dans la semaine du 25&nbsp;mai,<\/strong> annonce <a href=\"https:\/\/twitter.com\/EPhilippePM\/status\/1260884591730196485\" target=\"_blank\" rel=\"noopener noreferrer\">Edouard Philippe<\/a>. Une r&eacute;ouverture le <strong>2&nbsp;juin pourra &ecirc;tre envisag&eacute;e dans les d&eacute;partements verts <\/strong>si l&#039;&eacute;volution de l&#039;&eacute;pid&eacute;mie ne se d&eacute;grade pas et si les mesures sanitaires recommand&eacute;es sont parfaitement respect&eacute;es.<\/li>\n<li>Le <strong>plafond d&#039;utilisation des tickets restaurants sera doubl&eacute; d&egrave;s la r&eacute;ouverture des restaurants<\/strong>, et <strong>passera donc de 19&nbsp;&agrave; 38&nbsp;euros,<\/strong> a annonc&eacute; &Eacute;douard Philippe. Le premier ministre a aussi indiqu&eacute; qu&#039;ils seraient&nbsp;d&eacute;sormais&nbsp;<strong>utilisables le samedi et le dimanche.<\/strong><\/li>\n<li><em>&nbsp;&quot;Les Fran&ccedil;ais pourront partir en vacances en France en juillet et en ao&ucirc;t,&nbsp;<strong>sous r&eacute;serve de l&#039;&eacute;volution de l&#039;&eacute;pid&eacute;mie et de possibles restrictions localis&eacute;es<\/strong>&quot;<\/em> annonce le <a href=\"https:\/\/twitter.com\/EPhilippePM\/status\/1260883322424700928\" target=\"_blank\" rel=\"noopener noreferrer\">Premier ministre<\/a>.&nbsp;Il assure&nbsp;que<em> &quot;les Fran&ccedil;ais peuvent prendre leurs r&eacute;servations&quot;, et ce gr&acirc;ce &agrave; &quot;l&#039;engagement, des professionnels du tourisme&quot; <\/em>qui promettent un<em> &quot;remboursement int&eacute;gral en cas d&#039;annulations li&eacute;es au coronavirus&quot;<\/em> de ces nouvelles r&eacute;servations.&nbsp;<\/li>\n<li>Concernant les <strong>voyages en Outre-Mer,&nbsp;<\/strong>pr&eacute;cis&eacute;ment en&nbsp;la Guyane, Martinique, Guadeloupe, Saint-Martin, la R&eacute;union et la Polyn&eacute;sie fran&ccedil;aise, le Conseil Scientifique recommande&nbsp;de n&#039;accro&icirc;tre la fr&eacute;quence des transports de voyageurs, <strong>qu&#039;&agrave; partir du mois de juin, <\/strong>en <strong>privil&eacute;giant les rapprochements familiaux et les d&eacute;placements professionnels<\/strong>.&nbsp;<\/li>\n<li>En <strong>Corse<\/strong>, o&ugrave; seulement 1,6% des &eacute;coliers ont &eacute;t&eacute; accueillis ce mardi 12&nbsp;mai,<strong> aucun coll&egrave;ge ou lyc&eacute;e ne rouvrira ses portes avant la rentr&eacute;e de septembre.<\/strong><\/li>\n<li>Le service &quot;<strong>Contact Covid-19<\/strong>&quot; est ouvert depuis mercredi matin, selon un d&eacute;cret paru au <a href=\"https:\/\/www.legifrance.gouv.fr\/affichTexte.do?cidTexte=JORFTEXT000041869923&amp;dateTexte=&amp;categorieLien=id\" target=\"_blank\" rel=\"noopener noreferrer\">Journal Officiel<\/a>. Il donne la possibilit&eacute; aux pharmaciens d&#039;avoir acc&egrave;s &agrave; toutes les informations du patient z&eacute;ro et des &quot;cas contacts&quot;, de leur dispenser des masques rembours&eacute;s par l&#039;Assurance maladie. Ce t&eacute;l&eacute;service&nbsp;pr&eacute;cise les conditions d&#039;identification et de prise en charge du patient z&eacute;ro et celles des cas &quot;contacts&quot;.&nbsp;La Cnil aura pour r&ocirc;le de contr&ocirc;ler<strong>&nbsp;les fichiers de tra&ccedil;age.<\/strong><\/li>\n<li>La ministre du Travail a confirm&eacute; lundi 11 mai que le <strong>dispositif de prise en charge du ch&ocirc;mage partiel allait &ecirc;tre progessivement r&eacute;duit<\/strong>.<em> <\/em><em>&quot;Aujourd&#039;hui, les conditions de la reprise sont l&agrave;. Donc il n&#039;y a pas tellement de raison que ce soit l&#039;Etat qui continue &agrave; payer l&#039;int&eacute;gralit&eacute; des salaires de 12&nbsp;millions de salari&eacute;s en France. On va d&eacute;finir je pense dans la semaine quelle est la part de salaire que paiera l&#039;entreprise&quot;,<\/em> un&nbsp;montant<em> &quot;pas encore d&eacute;cid&eacute;&quot;. &quot;&nbsp;Ce sera modeste dans un premier temps mais progressif&nbsp;&quot;, <\/em>a-t-elle promis.<\/li>\n<li>La Mairie de Paris a lanc&eacute;, sur son site Internet,&nbsp;<strong><a href=\"https:\/\/www.paris.fr\/pages\/inscription-un-masque-en-tissu-reutilisable-gratuit-pour-chacun-7784\" rel=\"nofollow noopener noreferrer\" target=\"_blank\">une page d&#039;inscriptions pour obtenir gratuitement un masque en tissu r&eacute;utilisable<\/a><\/strong>. Ce site g&eacute;n&egrave;re un bon de retrait que les Parisiens pourront &eacute;changer contre un masque dans une pharmacie de leur choix, &agrave; un cr&eacute;neau horaire choisi.<\/li>\n<li>Un dispositif national grand public de <strong>soutien psychologique <\/strong>au b&eacute;n&eacute;fice des personnes qui en auraient besoin est d&eacute;ploy&eacute; &agrave; partir du num&eacute;ro vert 0&nbsp;800&nbsp;130&nbsp;000.<\/li>\n<\/ul>\n<\/section>\n<section>\n<h2><a id=\"coronavirus-france-nombre-de-cas-courbe-evolution-epidemie\" name=\"coronavirus-france-nombre-de-cas-courbe-evolution-epidemie\" style=\"font-size: 1.125rem\">Coronavirus en France : bilan en direct<\/a><\/h2>\n<p>La France est en<strong>&nbsp;<a href=\"https:\/\/sante.journaldesfemmes.fr\/fiches-maladies\/2625289-coronavirus-stade-3-combien-de-temps-consequence\/\" target=\"_blank\" rel=\"noopener noreferrer\">stade 3<\/a>&nbsp;de l&#039;&eacute;pid&eacute;mie<\/strong> de coronavirus depuis le 14&nbsp;mars&nbsp;puisque le virus circule activement sur tout le territoire et plus uniquement dans certaines r&eacute;gions et villes. Au 16&nbsp;mai, le <a href=\"https:\/\/solidarites-sante.gouv.fr\/actualites\/presse\/communiques-de-presse\/article\/communique-de-presse-du-16-mai-2020\" target=\"_blank\" rel=\"noopener noreferrer\">bilan <\/a>est&nbsp;de <strong>142&nbsp;291<\/strong>,&nbsp;<strong>19 432<\/strong><strong>&nbsp;personnes sont hospitalis&eacute;es<\/strong>&nbsp;pour infection COVID-19 dont<strong>&nbsp;2 132&nbsp;patients dans un &eacute;tat grave<\/strong>&nbsp;en r&eacute;animation, soit un solde n&eacute;gatif de -71&nbsp;personnes<strong>&nbsp;<\/strong>ces derni&egrave;res 24h.&nbsp;4&nbsp;r&eacute;gions (Ile de France, Grand-Est, Auvergne-Rh&ocirc;ne-Alpes, Hauts-de-France) regroupent 75% des cas hospitalis&eacute;s. En Outre-Mer (Guadeloupe, Guyane, La R&eacute;union, Martinique, Mayotte), on rel&egrave;ve<strong> 103&nbsp;hospitalisations, dont 23&nbsp;en r&eacute;animation.&nbsp;<\/strong>Depuis le d&eacute;but de l&#039;&eacute;pid&eacute;mie, plus de&nbsp;<strong>98 440&nbsp;personnes ont &eacute;t&eacute; hospitalis&eacute;es. 61 066&nbsp;personnes sont rentr&eacute;es &agrave; domicile<\/strong>.&nbsp;Depuis le 1er mars, <strong>27 625&nbsp;d&eacute;c&egrave;s li&eacute;s au COVID-19 sont d&eacute;plor&eacute;s<\/strong>, 17 412&nbsp;d&eacute;c&egrave;s dans les h&ocirc;pitaux et 10 213&nbsp;d&eacute;c&egrave;s dans les &eacute;tablissements sociaux et m&eacute;dico-sociaux. Selon la nouvelle&nbsp;<a href=\"https:\/\/dashboard.covid19.data.gouv.fr\/activite-epidemique?location=FRA\" target=\"_blank\" rel=\"noopener noreferrer\">carte des d&eacute;partements<\/a>, <strong>le virus circule activement dans 3&nbsp;d&eacute;partements situ&eacute;s en zone rouge (Paris, Val-d&#039;Oise et Mayotte), 13&nbsp;sont class&eacute;s orange, 89 sont class&eacute;s vert.<\/strong><\/p>\n<div style=\"text-align:center\">\n<figure class=\"image\"><a class=\"fancy\" href=\"https:\/\/img-3.journaldesfemmes.fr\/_0lHLSuHOHCQ_7lFu5IvBmqJo4Y=\/1080x\/smart\/2a2eea48feaf422b9ee5ce066c116229\/ccmcms-jdf\/15494568.jpg\"><img decoding=\"async\" alt=\"carte coronavirus 7 mai\" src=\"https:\/\/img-3.journaldesfemmes.fr\/_0lHLSuHOHCQ_7lFu5IvBmqJo4Y=\/1080x\/smart\/2a2eea48feaf422b9ee5ce066c116229\/ccmcms-jdf\/15494568.jpg\" \/><\/a><figcaption data-credit=\"Minist\u00e8re de la Sant\u00e9\" data-legend=\"Carte de circulation active du virus en France le 7 mai\">Carte de circulation active du virus en France le 7 mai <small>&copy;&nbsp;Minist&egrave;re de la Sant&eacute;<\/small><\/figcaption><\/figure>\n<\/div>\n<p>Le <strong>14&nbsp;mai, Sant&eacute; Publique France indique dans son dernier&nbsp;<a href=\"https:\/\/www.santepubliquefrance.fr\/maladies-et-traumatismes\/maladies-et-infections-respiratoires\/infection-a-coronavirus\/documents\/bulletin-national\/covid-19-point-epidemiologique-du-14-mai-2020\" target=\"_blank\" rel=\"noopener noreferrer\">point &eacute;pid&eacute;miologique<\/a>&nbsp;:<\/strong><\/p>\n<ul>\n<li>Une baisse des indicateurs &eacute;pid&eacute;miologiques de circulation du SARS-CoV-2 depuis 6 semaines en France, &agrave; l&#039;exception de Mayotte\n<ul>\n<li>diminution des recours pour COVID-19&nbsp;dans le r&eacute;seau SOS M&eacute;decins et aux urgences hospitali&egrave;res traduisant une diminution des nouvelles contaminations<\/li>\n<li>diminution du nombre des nouvelles hospitalisations, des nouvelles admissions en r&eacute;animation de patients COVID-19, des nombres de patients hospitalis&eacute;s et des patients en r&eacute;animation<\/li>\n<\/ul>\n<\/li>\n<li>Forte circulation du SARS-CoV-2&nbsp;&agrave; Mayotte<\/li>\n<li>81% des cas Covid-19 en r&eacute;animation ont des&nbsp;comorbidit&eacute;s et 54% sont &acirc;g&eacute;s de 65&nbsp;ans et plus.<\/li>\n<li>Au moins 84% des d&eacute;c&egrave;s pr&eacute;sentent des&nbsp;comorbidit&eacute;s et au moins 93% &acirc;g&eacute;s de 65&nbsp;ans et plus.<\/li>\n<li>Exc&egrave;s de mortalit&eacute; toutes causes au niveau national, particuli&egrave;rement marqu&eacute; dans les r&eacute;gions Grand Est et Ile-de-France.<\/li>\n<li>Adoption moins syst&eacute;matique des mesures de protection au cours du temps et depuis le d&eacute;but du confinement, seul le port du masque en public est en augmentation.<\/li>\n<\/ul>\n<ul>\n<\/ul>\n<blockquote>\n<p style=\"text-align: right\">&nbsp;<\/p>\n<\/blockquote>\n<h2><a id=\"carte-france-coronavirus-temps-reel\" name=\"carte-france-coronavirus-temps-reel\" target=\"_blank\" rel=\"noopener noreferrer\">Carte du coronavirus en&nbsp;France en temps r&eacute;el<\/a><\/h2>\n<\/p>\n<h2><a id=\"coronavirus-region-france-hospitalisation-courbe-carte-departement-deces\" name=\"coronavirus-region-france-hospitalisation-courbe-carte-departement-deces\">Hospitalisations en France : carte, par r&eacute;gion, d&eacute;c&egrave;s&#8230;<\/a><\/h2>\n<p>Depuis le d&eacute;but de l&#039;&eacute;pid&eacute;mie, plus de&nbsp;<strong>98 449&nbsp;personnes ont &eacute;t&eacute; hospitalis&eacute;es. 61 066&nbsp;personnes sont rentr&eacute;es &agrave; domicile<\/strong>.&nbsp;<strong>17 412&nbsp;d&eacute;c&egrave;s dans les h&ocirc;pitaux.&nbsp;<\/strong>Samedi 16&nbsp;mai, <strong>19 432<\/strong><strong>&nbsp;personnes &eacute;taient encore hospitalis&eacute;es pour une infection COVID-19. <\/strong>L&#039;<strong>&acirc;ge m&eacute;dian<\/strong> des personnes ayant &eacute;t&eacute; hospitalis&eacute;es &eacute;tait de <strong>71&nbsp;ans<\/strong>.&nbsp;<\/p>\n<p>Selon la carte des d&eacute;partements du 7&nbsp;mai (derni&egrave;re publi&eacute;e par le minist&egrave;re de la Sant&eacute;), <strong>la tension hospitali&egrave;re sur les capacit&eacute;s de r&eacute;animation subsiste dans 27 d&eacute;partements : dont l&#039;ensemble de l&#039;Ile-de-France, le Grand-Est et la Bourgogne-Franche-Comt&eacute;,&nbsp;situ&eacute;s en zone rouge <\/strong>pour la semaine &eacute;coul&eacute;e. Quatre&nbsp;r&eacute;gions (Ile de France, Auvergne Rh&ocirc;ne Alpes, Grand Est et Hauts de France) ont concentr&eacute;&nbsp;pr&egrave;s de <strong>72% des patients hospitalis&eacute;s en r&eacute;animation<\/strong>. En outre-mer (Guadeloupe, Guyane, La R&eacute;union, Martinique, Mayotte), on rel&egrave;ve 81&nbsp;hospitalisations, dont 22&nbsp;en r&eacute;animation.&nbsp;<\/p>\n<div style=\"text-align:center\">\n<figure class=\"image\"><a class=\"fancy\" href=\"https:\/\/img-3.journaldesfemmes.fr\/N3EsedGJ9KGfTU35s-SMwxX7KLY=\/1080x\/smart\/fd92d0e780e34a79b81634d198c4b666\/ccmcms-jdf\/15494649.jpg\"><img decoding=\"async\" alt=\"carte hopital coronavirus 7 mai\" src=\"https:\/\/img-3.journaldesfemmes.fr\/N3EsedGJ9KGfTU35s-SMwxX7KLY=\/1080x\/smart\/fd92d0e780e34a79b81634d198c4b666\/ccmcms-jdf\/15494649.jpg\" \/><\/a><figcaption data-credit=\"Minist\u00e8re de la Sant\u00e9\" data-legend=\"Carte de la tension hospitali\u00e8re en raison de l'\u00e9pid\u00e9mie de coronavirus dans les d\u00e9partements fran\u00e7ais.\">Carte de la tension hospitali&egrave;re en raison de l&#039;&eacute;pid&eacute;mie de coronavirus dans les d&eacute;partements fran&ccedil;ais. <small>&copy;&nbsp;Minist&egrave;re de la Sant&eacute;<\/small><\/figcaption><\/figure>\n<\/div>\n<h3 data-link=\"getSelectedFicIndicLabel()\"><strong>Dans les &eacute;tablissements de sant&eacute;,&nbsp;le gouvernement a activ&eacute; plusieurs plans&nbsp;:&nbsp;<\/strong><\/h3>\n<ul>\n<li>La France applique le<strong>&nbsp;<a href=\"https:\/\/sante.journaldesfemmes.fr\/fiches-maladies\/2624681-plan-blanc-elargi-c-est-quoi-hopital-coronavirus-hospitalisation-deprogrammees-non-urgentes\/\" target=\"_blank\" rel=\"noopener noreferrer\">plan blanc<\/a><\/strong><a href=\"https:\/\/sante.journaldesfemmes.fr\/fiches-maladies\/2624681-plan-blanc-elargi-c-est-quoi-hopital-coronavirus-hospitalisation-deprogrammees-non-urgentes\/\" target=\"_blank\" rel=\"noopener noreferrer\"> <\/a>&eacute;largi g&eacute;n&eacute;ralis&eacute; (plan de mobilisation interne) depuis le 19&nbsp;mars, dans tous les &eacute;tablissements de sant&eacute; (publics et priv&eacute;s), pour mettre en place rapidement des moyens mat&eacute;riel, logistiques et humains indispensables en cas d&#039;afflux de patients dans les &eacute;tablissements hospitaliers. Les consultations et les hospitalisations non urgentes sont d&eacute;programm&eacute;es.<\/li>\n<li>La France a d&eacute;clench&eacute; le <strong><a href=\"https:\/\/sante.journaldesfemmes.fr\/fiches-maladies\/2624771-plan-bleu-c-est-quoi-quelles-maisons-de-retraites-ehpad-coronavirus\/\" target=\"_blank\" rel=\"noopener noreferrer\">plan bleu<\/a> dans les Ehpad<\/strong> (Etablissement H&eacute;bergeant des Personnes &Acirc;g&eacute;es D&eacute;pendantes) le <strong>6&nbsp;mars. <\/strong>Le principe est le m&ecirc;me que dans les h&ocirc;pitaux&nbsp;: le chef d&#039;&eacute;tablissement doit permettre &quot;<em>la mise en oeuvre rapide et coh&eacute;rente des moyens indispensables pour faire face efficacement &agrave; une situation exceptionnelle<\/em>&quot;. Le plan bleu peut induire notamment&nbsp;&quot;<em>le confinement des r&eacute;sidents, usagers et personnels ; l&#039;&eacute;vacuation des r&eacute;sidents, usagers et personnels<\/em>&quot;.<\/li>\n<li>La<strong> <a href=\"https:\/\/sante.journaldesfemmes.fr\/fiches-maladies\/2624921-reserve-sanitaire-coronavirus-s-inscrire-salaire-missions-france-reserviste\/\" target=\"_blank\" rel=\"noopener noreferrer\">r&eacute;serve sanitaire<\/a><\/strong>&nbsp;et la r&eacute;serve civique (aide alimentaire d&#039;urgence, garde exceptionnelle d&#039;enfants, lien avec les personnes fragiles isol&eacute;es, solidarit&eacute; de proximit&eacute;)&nbsp;sont&nbsp;aussi mobilis&eacute;es.&nbsp;<\/li>\n<\/ul>\n<h3 data-link=\"getSelectedFicIndicLabel()\" style=\"text-align: center\">Courbe d&#039;&eacute;volution du nombre de personnes actuellement en r&eacute;animation ou soins intensifs pour covid-19&nbsp;&#8211; hommes et femmes &#8211; entre le 20 mars et le 14 mai 2020.<\/h3>\n<div style=\"text-align:center\">\n<figure class=\"image\"><a class=\"fancy\" href=\"https:\/\/img-3.journaldesfemmes.fr\/bp4sZ1yVYvBCty-T-P2dfIbiBts=\/1080x\/smart\/73a2a803385a4a1dbda8e5f084d601be\/ccmcms-jdf\/15678317.jpg\"><img decoding=\"async\" alt=\"Nombre de personnes actuellement en r\u00e9animation ou soins intensifs pour covid-19 - hommes et femmes\" src=\"https:\/\/img-3.journaldesfemmes.fr\/bp4sZ1yVYvBCty-T-P2dfIbiBts=\/1080x\/smart\/73a2a803385a4a1dbda8e5f084d601be\/ccmcms-jdf\/15678317.jpg\" \/><\/a><figcaption data-credit=\"G\u00e9odes Sant\u00e9 Publique France\" data-legend=\"Evolution du nombre de personnes actuellement en r\u00e9animation ou soins intensifs pour covid-19 - hommes et femmes- du 20 mars au 14 mai 2020\">Evolution du nombre de personnes actuellement en r&eacute;animation ou soins intensifs pour covid-19 &#8211; hommes et femmes- du 20 mars au 14 mai 2020 <small>&copy;&nbsp;G&eacute;odes Sant&eacute; Publique France<\/small><\/figcaption><\/figure>\n<\/div>\n<p>Selon les <a href=\"https:\/\/www.gouvernement.fr\/info-coronavirus\/carte-et-donnees\">chiffres communiqu&eacute;s par le gouvernement<\/a>, consolid&eacute;s avec l&#039;Agence Sant&eacute; Publique France et&nbsp;les ARS (Agences r&eacute;gionales de Sant&eacute;), voici le nombre de personnes hospitalis&eacute;es en France par r&eacute;gion, celles en r&eacute;animation et celles qui sont gu&eacute;ries et ont pu rentrer chez elles. Pour l&#039;instant, Sant&eacute; Publique France&nbsp;ne publie plus le nombre de cas recens&eacute;s par r&eacute;gions.<\/p>\n<table border=\"1\" cellpadding=\"1\" cellspacing=\"1\" style=\"width:100%\">\n<caption>Nombre d&#039;hospitalisations et de d&eacute;c&egrave;s &agrave; l&#039;h&ocirc;pital &agrave; cause du coronavirus par r&eacute;gions de France (16 mai 2020)<\/caption>\n<thead>\n<tr>\n<th scope=\"col\" style=\"width: 210px\">R&eacute;gions<\/th>\n<th scope=\"col\" style=\"width: 217px\">Personnes hospitalis&eacute;es<\/th>\n<th scope=\"col\" style=\"width: 230px\">R&eacute;animations<\/th>\n<th scope=\"col\" style=\"width: 236px\">Retours &agrave; domicile<\/th>\n<th scope=\"col\" style=\"width: 236px\">D&eacute;c&egrave;s &agrave; l&#039;h&ocirc;pital<\/th>\n<\/tr>\n<\/thead>\n<tbody>\n<tr>\n<td style=\"width: 210px\"><b>&Icirc;le-de-France<\/b><\/td>\n<td style=\"width: 217px\">8 164<\/td>\n<td style=\"width: 230px\">917<\/td>\n<td style=\"width: 236px\">22 119<\/td>\n<td style=\"width: 236px\">6 710<\/td>\n<\/tr>\n<tr>\n<td style=\"width: 210px\"><strong>Grand Est<\/strong><\/td>\n<td style=\"width: 217px\">2 834<\/td>\n<td style=\"width: 230px\">247<\/td>\n<td style=\"width: 236px\">9 704<\/td>\n<td style=\"width: 236px\">3 256<\/td>\n<\/tr>\n<tr>\n<td style=\"width: 210px\"><strong>Auvergne-Rh&ocirc;ne-Alpes<\/strong><\/td>\n<td style=\"width: 217px\">1 769<\/td>\n<td style=\"width: 230px\">189<\/td>\n<td style=\"width: 236px\">6 235<\/td>\n<td style=\"width: 236px\">1 562<\/td>\n<\/tr>\n<tr>\n<td style=\"width: 210px\"><strong>Hauts-de-France<\/strong><\/td>\n<td style=\"width: 217px\">&nbsp;1767<\/td>\n<td style=\"width: 230px\">186<\/td>\n<td style=\"width: 236px\">5 111<\/td>\n<td style=\"width: 236px\">1 616<\/td>\n<\/tr>\n<tr>\n<td style=\"width: 210px\"><strong>Bourgogne-Franche-Comt&eacute;<\/strong><\/td>\n<td style=\"width: 217px\">811<\/td>\n<td style=\"width: 230px\">94<\/td>\n<td style=\"width: 236px\">2 975<\/td>\n<td style=\"width: 236px\">959<\/td>\n<\/tr>\n<tr>\n<td style=\"width: 210px\"><strong>Provence-Alpes-C&ocirc;te d&#039;Azur<\/strong><\/td>\n<td style=\"width: 217px\">1 120<\/td>\n<td style=\"width: 230px\">122<\/td>\n<td style=\"width: 236px\">4 537<\/td>\n<td style=\"width: 236px\">836<\/td>\n<\/tr>\n<tr>\n<td style=\"width: 210px\"><strong>Occitanie<\/strong><\/td>\n<td style=\"width: 217px\">349<\/td>\n<td style=\"width: 230px\">80<\/td>\n<td style=\"width: 236px\">2 492<\/td>\n<td style=\"width: 236px\">469<\/td>\n<\/tr>\n<tr>\n<td style=\"width: 210px\"><strong>Bretagne<\/strong><\/td>\n<td style=\"width: 217px\">264<\/td>\n<td style=\"width: 230px\">29<\/td>\n<td style=\"width: 236px\">1 033<\/td>\n<td style=\"width: 236px\">235<\/td>\n<\/tr>\n<tr>\n<td style=\"width: 210px\"><strong>Nouvelle-Aquitaine<\/strong><\/td>\n<td style=\"width: 217px\">433<\/td>\n<td style=\"width: 230px\">64<\/td>\n<td style=\"width: 236px\">1 736<\/td>\n<td style=\"width: 236px\">371<\/td>\n<\/tr>\n<tr>\n<td style=\"width: 210px\"><strong><a href=\"https:\/\/www.affinite.fr\/index.php\/2024\/11\/21\/construire-votre-maison-en-normandie\/\">Normandie<\/a><\/strong><\/td>\n<td style=\"width: 217px\">464<\/td>\n<td style=\"width: 230px\">36<\/td>\n<td style=\"width: 236px\">1 303<\/td>\n<td style=\"width: 236px\">394<\/td>\n<\/tr>\n<tr>\n<td style=\"width: 210px\"><strong>Centre Val-de-Loire<\/strong><\/td>\n<td style=\"width: 217px\">755<\/td>\n<td style=\"width: 230px\">60<\/td>\n<td style=\"width: 236px\">1 577<\/td>\n<td style=\"width: 236px\">471<\/td>\n<\/tr>\n<tr>\n<td style=\"width: 210px\"><strong>Pays de la Loire<\/strong><\/td>\n<td style=\"width: 217px\">497<\/td>\n<td style=\"width: 230px\">39<\/td>\n<td style=\"width: 236px\">1 538<\/td>\n<td style=\"width: 236px\">407<\/td>\n<\/tr>\n<tr>\n<td style=\"width: 210px\"><strong>Corse<\/strong><\/td>\n<td style=\"width: 217px\">42<\/td>\n<td style=\"width: 230px\">5<\/td>\n<td style=\"width: 236px\">211<\/td>\n<td style=\"width: 236px\">56<\/td>\n<\/tr>\n<tr>\n<td style=\"width: 210px\"><strong>Martinique<\/strong><\/td>\n<td style=\"width: 217px\">19<\/td>\n<td style=\"width: 230px\">5<\/td>\n<td style=\"width: 236px\">80<\/td>\n<td style=\"width: 236px\">14<\/td>\n<\/tr>\n<tr>\n<td style=\"width: 210px\"><strong>Guadeloupe<\/strong><\/td>\n<td style=\"width: 217px\">14<\/td>\n<td style=\"width: 230px\">3<\/td>\n<td style=\"width: 236px\">72<\/td>\n<td style=\"width: 236px\">19<\/td>\n<\/tr>\n<tr>\n<td style=\"width: 210px\"><strong>La R&eacute;union<\/strong><\/td>\n<td style=\"width: 217px\">12<\/td>\n<td style=\"width: 230px\">4<\/td>\n<td style=\"width: 236px\">115<\/td>\n<td style=\"width: 236px\">0<\/td>\n<\/tr>\n<tr>\n<td style=\"width: 210px\"><strong>Guyane<\/strong><\/td>\n<td style=\"width: 217px\">8<\/td>\n<td style=\"width: 230px\">0<\/td>\n<td style=\"width: 236px\">43<\/td>\n<td style=\"width: 236px\">1<\/td>\n<\/tr>\n<tr>\n<td style=\"width: 210px\"><strong>Mayotte<\/strong><\/td>\n<td style=\"width: 217px\">50<\/td>\n<td style=\"width: 230px\">11<\/td>\n<td style=\"width: 236px\">176<\/td>\n<td style=\"width: 236px\">17<\/td>\n<\/tr>\n<tr>\n<td style=\"width: 210px\"><strong>TOTAL<\/strong><\/td>\n<td style=\"width: 217px\"><b>19 432<\/b><\/td>\n<td style=\"width: 230px\"><b>2 132<\/b><\/td>\n<td style=\"width: 236px\"><b>61 066<\/b><\/td>\n<td style=\"width: 236px\"><strong>17 412<\/strong><\/td>\n<\/tr>\n<\/tbody>\n<\/table>\n<blockquote>\n<p style=\"text-align: right\">&nbsp;<\/p>\n<\/blockquote>\n<p><strong>A noter : <\/strong>Le d&eacute;compte des cas ne se fonde plus uniquement sur les cas diagnostiqu&eacute;s biologiquement, mais sur des estimations &eacute;pid&eacute;miologiques, comme cela se fait pour la grippe tous les ans (nombre de consultations, nombre de cas graves ou de d&eacute;c&egrave;s&hellip;).&nbsp;Sant&eacute; Publique France pr&eacute;vient des difficult&eacute;s de l&#039;identification et de la&nbsp;confirmation biologique de l&#039;ensemble des cas de COVID-19 et indiquent que ces chiffres&nbsp;sous-estiment le nombre r&eacute;el de cas. Dans le cadre du passage en phase 3&nbsp;les recommandations &eacute;tant maintenant de r&eacute;aliser un pr&eacute;l&egrave;vement &agrave; vis&eacute;e diagnostique uniquement pour certaines cat&eacute;gories de patients, cette sous-estimation devient plus importante.&nbsp;<\/p>\n<h2><a id=\"coronavirus-france-ehpad-visites\" name=\"coronavirus-france-ehpad-visites\">Quelle situation dans les Ehpad ?<\/a><\/h2>\n<p>Les personnes &acirc;g&eacute;es sont tr&egrave;s &agrave; risque de d&eacute;c&egrave;s face au coronavirus, sans compter les m&eacute;faits du confinement sur cette population qui souffre particuli&egrave;rement de l&#039;isolement. Au 16&nbsp;mai, selon le gouvernement, on compte<strong>&nbsp;10 213 d&eacute;c&egrave;s <\/strong>dans les &eacute;tablissements sociaux et m&eacute;dico-sociaux et Ehpad (Etablissement d&#039;h&eacute;bergement pour personnes &acirc;g&eacute;es d&eacute;pendantes). Il y aurait <strong>73 249 cas <\/strong>dont<strong>&nbsp;36 175&nbsp;cas&nbsp;confirm&eacute;s<\/strong> par tests PCR dans plus de 7 000&nbsp;&eacute;tablissements sociaux et m&eacute;dico-sociaux depuis le d&eacute;but de l&#039;&eacute;pid&eacute;mie. De plus, selon les <a href=\"https:\/\/www.gouvernement.fr\/info-coronavirus\/carte-et-donnees\" target=\"_blank\" rel=\"noopener noreferrer\">donn&eacute;es du gouvernement<\/a>, il y aurait plus de<strong>&nbsp;37 000 cas probables suppl&eacute;mentaires <\/strong>de Covid-19. Le 14&nbsp;mai, Sant&eacute; Publique France indique que la proportion de nouveaux cas, possibles ou confirm&eacute;s, chez les r&eacute;sidents des Ehpad a encore&nbsp;<strong>diminu&eacute; sur les 14&nbsp;derniers jours<\/strong>&nbsp;(semaines 18&nbsp;et 19&nbsp;: du 27&nbsp;avril au 10&nbsp;mai 2020) compar&eacute;e aux 14&nbsp;jours pr&eacute;c&eacute;dents (semaines 16&nbsp;et 17&nbsp;: du 13&nbsp;au 26&nbsp;avril 2020)<strong>, <\/strong>en particulier dans les r&eacute;gions les plus touch&eacute;es. Le 19 avril, le ministre de la Sant&eacute; Olivier V&eacute;ran a annonc&eacute; que les <strong>visites <\/strong>suspendues dans ces &eacute;tablissements depuis d&eacute;but mars pouvaient <strong>reprendre sous certaines conditions &agrave; partir du 20 avril<\/strong> :<em> &quot;Ce sera &agrave; la demande du r&eacute;sident, pas plus de deux personnes de la famille, pas tout le monde en m&ecirc;me temps (&#8230;) et avec l<strong>&#039;impossibilit&eacute; maintenue d&#039;aller toucher la personne<\/strong>, il y aura un contact visuel, on peut passer beaucoup de choses avec le regard.&quot;<\/em>&nbsp;Les responsables techniques des &eacute;tablissements vont am&eacute;nager des espaces d&#039;accueil pour les familles. En attendant, les visites auront lieu &agrave; travers une porte-fen&ecirc;tre o&ugrave; les r&eacute;sidents resteront &agrave; l&#039;int&eacute;rieur, et les visiteurs &agrave; l&#039;ext&eacute;rieur, et ce, durant seulement 30&nbsp;minutes. Le 21 avril,&nbsp;le Conseil d&#039;&Eacute;tat a rejet&eacute;&nbsp;la demande de d&eacute;pistage syst&eacute;matique du personnel soignant et des r&eacute;sidents dans les Ehpad.<\/p>\n<div class=\"ccminsert\">\n<aside class=\"app_widget_fo app_widget_fo--call\">\n<ul>\n<li>\n                <a href=\"https:\/\/sante.journaldesfemmes.fr\/fiches-maladies\/2633397-deconfinement-personnes-agees-annonce-edouard-philippe-senior-quand-comment-precaution-gestes-barriere-visite-sortie-masque-ehpad\/\" class=\"jGTMWidgetGAEventClick\" data-GTMWidgetGaEventAction=\"clickWidgetCall\" data-GTMWidgetGaEventLabel=\"D\u00e9confinement des personnes \u00e2g\u00e9es\u00a0: &quot;Limitez vos sorties et contacts&quot;\"><\/p>\n<figure>\n<p>                            <img decoding=\"async\" src=\"https:\/\/img-3.journaldesfemmes.fr\/0kGkK1NNpcplzW9_bcl9-F21S8A=\/200x132\/smart\/17d9312c2f3749aba0ba4f84ad8cc1fe\/ccmcms-jdf\/15493599.jpg\" alt=\"\"><figcaption>\n<h3>D\u00e9confinement des personnes \u00e2g\u00e9es\u00a0: &quot;Limitez vos sorties et contacts&quot;<\/h3>\n<p>Les personnes de plus de 65\u00a0ans comptent parmi les plus \u00e0 risque de formes graves du coronavirus et de d\u00e9c\u00e8s en France. Elles pourront \u00eatre d\u00e9confin\u00e9es le 11\u00a0mai confirme Edouard Philippe le 7\u00a0mai mais devront \u00eatre tr\u00e8s prudentes, mart\u00e8le-t-il. Conseils pour un d\u00e9confinement sans risque et d\u00e9cisions pour les Ehpad.<\/p>\n<\/figcaption><\/figure>\n<p>                <\/a>\n            <\/li>\n<\/ul>\n<\/aside>\n<\/div>\n<h2><a id=\"nombre-de-morts-coronavirus-france-courbe-carte-departement\" name=\"nombre-de-morts-coronavirus-france-courbe-carte-departement\">Combien de morts du Covid-19 en France ?<\/a><\/h2>\n<p>Le premier d&eacute;c&egrave;s du coronavirus est survenu &agrave; Paris le 14&nbsp;f&eacute;vrier, il s&#039;agissait d&#039;un&nbsp;patient chinois de 80&nbsp;ans.<strong>&nbsp;<\/strong>Au 16&nbsp;mai 2020,<strong>&nbsp;27 625&nbsp;<\/strong><strong>d&eacute;c&egrave;s <\/strong>sont li&eacute;s au COVID 19&nbsp;en France&nbsp;:&nbsp;<strong>17 412&nbsp;d&eacute;c&egrave;s dans les h&ocirc;pitaux et 10 213&nbsp;d&eacute;c&egrave;s dans les &eacute;tablissements sociaux et m&eacute;dico-sociaux.<\/strong>&nbsp;Au 7 mai, selon <a href=\"https:\/\/www.santepubliquefrance.fr\/maladies-et-traumatismes\/maladies-et-infections-respiratoires\/infection-a-coronavirus\/documents\/bulletin-national\/covid-19-point-epidemiologique-du-7-mai-2020\" target=\"_blank\" rel=\"noopener noreferrer\">Sant&eacute; Publique France<\/a>,<strong>&nbsp;92% des cas <\/strong>de COVID-19&nbsp;d&eacute;c&eacute;d&eacute;s entre le 1er mars et le 5&nbsp;mai 2020 &eacute;taient &acirc;g&eacute;s de<strong> 65&nbsp;ans ou plus<\/strong>. Les plus forts taux de d&eacute;c&egrave;s de patients COVID-19&nbsp;rapport&eacute;s &agrave; la population &eacute;taient observ&eacute;s en Ile-de-France, Grand Est, Bourgogne-Franche-Comt&eacute; et Centre-Val de Loire. Le nombre hebdomadaire de d&eacute;c&egrave;s pour 100&nbsp;000&nbsp;habitants en France a diminu&eacute; entre les semaines 17&nbsp;et 18&nbsp;(3&nbsp;418&nbsp;versus 2&nbsp;138).<\/p>\n<ul>\n<\/ul>\n<h3 data-link=\"getSelectedFicIndicLabel()\">&nbsp;<\/h3>\n<table border=\"1\" cellpadding=\"1\" cellspacing=\"1\" style=\"width:100%\">\n<caption>Evolution du nombre de d&eacute;c&egrave;s par Covid-19 dans les h&ocirc;pitaux en France (Source : G&eacute;odes Sant&eacute; Publique France).<\/caption>\n<tbody>\n<tr>\n<td style=\"text-align: center;width: 151px\"><strong>DATE<\/strong><\/td>\n<td style=\"text-align: center;width: 588px\"><strong>Nombre de nouveaux d&eacute;c&egrave;s dans les h&ocirc;pitaux sur la journ&eacute;e<\/strong><\/td>\n<td style=\"text-align: center\"><strong>Nombre total de d&eacute;c&egrave;s<\/strong><\/td>\n<\/tr>\n<tr>\n<td style=\"width: 151px\"><strong>15&nbsp;mars<\/strong><\/td>\n<td style=\"text-align: center;width: 588px\">36<\/td>\n<td style=\"text-align: center\">101<\/td>\n<\/tr>\n<tr>\n<td style=\"width: 151px\"><strong>16&nbsp;mars<\/strong><\/td>\n<td style=\"text-align: center;width: 588px\">21<\/td>\n<td style=\"text-align: center\">122<\/td>\n<\/tr>\n<tr>\n<td style=\"width: 151px\"><strong>17&nbsp;mars<\/strong><\/td>\n<td style=\"text-align: center;width: 588px\">27<\/td>\n<td style=\"text-align: center\">149<\/td>\n<\/tr>\n<tr>\n<td style=\"width: 151px\"><strong>18&nbsp;mars<\/strong><\/td>\n<td style=\"text-align: center;width: 588px\">69<\/td>\n<td style=\"text-align: center\">218<\/td>\n<\/tr>\n<tr>\n<td style=\"width: 151px\"><strong>19&nbsp;mars<\/strong><\/td>\n<td style=\"text-align: center;width: 588px\">109<\/td>\n<td style=\"text-align: center\">327<\/td>\n<\/tr>\n<tr>\n<td style=\"width: 151px\"><strong>20&nbsp;mars&nbsp;<\/strong><\/td>\n<td style=\"text-align: center;width: 588px\">123<\/td>\n<td style=\"text-align: center\">450<\/td>\n<\/tr>\n<tr>\n<td style=\"width: 151px\"><strong>21&nbsp;mars<\/strong><\/td>\n<td style=\"text-align: center;width: 588px\">75<\/td>\n<td style=\"text-align: center\">525<\/td>\n<\/tr>\n<tr>\n<td style=\"width: 151px\"><strong>22&nbsp;mars<\/strong><\/td>\n<td style=\"text-align: center;width: 588px\">107<\/td>\n<td style=\"text-align: center\">632<\/td>\n<\/tr>\n<tr>\n<td style=\"width: 151px\"><strong>23&nbsp;mars<\/strong><\/td>\n<td style=\"text-align: center;width: 588px\">228<\/td>\n<td style=\"text-align: center\">860<\/td>\n<\/tr>\n<tr>\n<td style=\"width: 151px\"><strong>24&nbsp;mars<\/strong><\/td>\n<td style=\"text-align: center;width: 588px\">240<\/td>\n<td style=\"text-align: center\">1100<\/td>\n<\/tr>\n<tr>\n<td style=\"width: 151px\"><strong>25&nbsp;mars<\/strong><\/td>\n<td style=\"text-align: center;width: 588px\">288<\/td>\n<td style=\"text-align: center\">1388<\/td>\n<\/tr>\n<tr>\n<td style=\"width: 151px\"><strong>26&nbsp;mars<\/strong><\/td>\n<td style=\"text-align: center;width: 588px\">308<\/td>\n<td style=\"text-align: center\">1696<\/td>\n<\/tr>\n<tr>\n<td style=\"width: 151px\"><strong>27&nbsp;mars<\/strong><\/td>\n<td style=\"text-align: center;width: 588px\">299<\/td>\n<td style=\"text-align: center\">1995<\/td>\n<\/tr>\n<tr>\n<td style=\"width: 151px\"><strong>28&nbsp;mars<\/strong><\/td>\n<td style=\"text-align: center;width: 588px\">319<\/td>\n<td style=\"text-align: center\">2314<\/td>\n<\/tr>\n<tr>\n<td style=\"width: 151px\"><strong>29&nbsp;mars<\/strong><\/td>\n<td style=\"text-align: center;width: 588px\">292<\/td>\n<td style=\"text-align: center\">2606<\/td>\n<\/tr>\n<tr>\n<td style=\"width: 151px\"><strong>30&nbsp;mars<\/strong><\/td>\n<td style=\"text-align: center;width: 588px\">418<\/td>\n<td style=\"text-align: center\">3024<\/td>\n<\/tr>\n<tr>\n<td style=\"width: 151px\"><strong>31&nbsp;mars<\/strong><\/td>\n<td style=\"text-align: center;width: 588px\">499<\/td>\n<td style=\"text-align: center\">3523<\/td>\n<\/tr>\n<tr>\n<td style=\"width: 151px\"><strong>01 avril<\/strong><\/td>\n<td style=\"text-align: center;width: 588px\">509<\/td>\n<td style=\"text-align: center\">4032<\/td>\n<\/tr>\n<tr>\n<td style=\"width: 151px\"><strong>02 avril<\/strong><\/td>\n<td style=\"text-align: center;width: 588px\">471<\/td>\n<td style=\"text-align: center\">4 503<\/td>\n<\/tr>\n<tr>\n<td style=\"width: 151px\"><strong>03 avril<\/strong><\/td>\n<td style=\"text-align: center;width: 588px\">588<\/td>\n<td style=\"text-align: center\">5 091<\/td>\n<\/tr>\n<tr>\n<td style=\"width: 151px\"><strong>04 avril<\/strong><\/td>\n<td style=\"text-align: center;width: 588px\">441<\/td>\n<td style=\"text-align: center\">5 532<\/td>\n<\/tr>\n<tr>\n<td style=\"width: 151px\"><strong>05 avril<\/strong><\/td>\n<td style=\"text-align: center;width: 588px\">357<\/td>\n<td style=\"text-align: center\">5 889<\/td>\n<\/tr>\n<tr>\n<td style=\"width: 151px\"><strong>06&nbsp;avril<\/strong><\/td>\n<td style=\"text-align: center;width: 588px\">605<\/td>\n<td style=\"text-align: center\">6 494<\/td>\n<\/tr>\n<tr>\n<td style=\"width: 151px\"><strong>07 avril<\/strong><\/td>\n<td style=\"text-align: center;width: 588px\">597<\/td>\n<td style=\"text-align: center\">7&nbsp;091<\/td>\n<\/tr>\n<tr>\n<td style=\"width: 151px\"><strong>08 avril<\/strong><\/td>\n<td style=\"text-align: center;width: 588px\">541<\/td>\n<td style=\"text-align: center\">7&nbsp;632<\/td>\n<\/tr>\n<tr>\n<td style=\"width: 151px\"><strong>09 avril<\/strong><\/td>\n<td style=\"text-align: center;width: 588px\">412<\/td>\n<td style=\"text-align: center\">8 044<\/td>\n<\/tr>\n<tr>\n<td style=\"width: 151px\"><b>10 avril<\/b><\/td>\n<td style=\"text-align: center;width: 588px\">554<\/td>\n<td style=\"text-align: center\">8 698<\/td>\n<\/tr>\n<tr>\n<td style=\"width: 151px\"><b>11 avril<\/b><\/td>\n<td style=\"text-align: center;width: 588px\">345<\/td>\n<td style=\"text-align: center\">8 943<\/td>\n<\/tr>\n<tr>\n<td style=\"width: 151px\"><strong>12&nbsp;avril<\/strong><\/td>\n<td style=\"text-align: center;width: 588px\">310<\/td>\n<td style=\"text-align: center\">9 253<\/td>\n<\/tr>\n<tr>\n<td style=\"width: 151px\">\n<p><strong>13 avril<\/strong><\/p>\n<\/td>\n<td style=\"text-align: center;width: 588px\">335<\/td>\n<td style=\"text-align: center\">9 588<\/td>\n<\/tr>\n<tr>\n<td style=\"width: 151px\"><strong>14 avril<\/strong><\/td>\n<td style=\"text-align: center;width: 588px\">541<\/td>\n<td style=\"text-align: center\">10 129<\/td>\n<\/tr>\n<tr>\n<td style=\"width: 151px\"><strong>15 avril<\/strong><\/td>\n<td style=\"text-align: center;width: 588px\">514<\/td>\n<td style=\"text-align: center\">10 643<\/td>\n<\/tr>\n<tr>\n<td style=\"width: 151px\"><strong>16 avril<\/strong><\/td>\n<td style=\"text-align: center;width: 588px\">417<\/td>\n<td style=\"text-align: center\">11 060<\/td>\n<\/tr>\n<tr>\n<td style=\"width: 151px\"><strong>17 avril<\/strong><\/td>\n<td style=\"text-align: center;width: 588px\">418<\/td>\n<td style=\"text-align: center\">11 478<\/td>\n<\/tr>\n<tr>\n<td style=\"width: 151px\"><strong>18 avril<\/strong><\/td>\n<td style=\"text-align: center;width: 588px\">364<\/td>\n<td style=\"text-align: center\">11 842<\/td>\n<\/tr>\n<tr>\n<td style=\"width: 151px\"><strong>19 avril<\/strong><\/td>\n<td style=\"text-align: center;width: 588px\">227<\/td>\n<td style=\"text-align: center\">12 069<\/td>\n<\/tr>\n<tr>\n<td style=\"width: 151px\"><strong>20 avril<\/strong><\/td>\n<td style=\"text-align: center;width: 588px\">444<\/td>\n<td style=\"text-align: center\">12 513<\/td>\n<\/tr>\n<tr>\n<td style=\"width: 151px\"><strong>21 avril<\/strong><\/td>\n<td style=\"text-align: center;width: 588px\">387<\/td>\n<td style=\"text-align: center\">12 900<\/td>\n<\/tr>\n<tr>\n<td style=\"width: 151px\"><strong>22 avril<\/strong><\/td>\n<td style=\"text-align: center;width: 588px\">336<\/td>\n<td style=\"text-align: center\">13 236<\/td>\n<\/tr>\n<tr>\n<td style=\"width: 151px\"><strong>23 avril<\/strong><\/td>\n<td style=\"text-align: center;width: 588px\">311<\/td>\n<td style=\"text-align: center\">13 547<\/td>\n<\/tr>\n<tr>\n<td style=\"width: 151px\"><strong>24 avril<\/strong><\/td>\n<td style=\"text-align: center;width: 588px\">305<\/td>\n<td style=\"text-align: center\">13 852<\/td>\n<\/tr>\n<tr>\n<td style=\"width: 151px\"><strong>25 avril<\/strong><\/td>\n<td style=\"text-align: center;width: 588px\">198<\/td>\n<td style=\"text-align: center\">14 050<\/td>\n<\/tr>\n<tr>\n<td style=\"width: 151px\"><strong>26 avril<\/strong><\/td>\n<td style=\"text-align: center;width: 588px\">152<\/td>\n<td style=\"text-align: center\">14 202<\/td>\n<\/tr>\n<tr>\n<td style=\"width: 151px\"><strong>27 avril<\/strong><\/td>\n<td style=\"text-align: center;width: 588px\">295<\/td>\n<td style=\"text-align: center\">14 497<\/td>\n<\/tr>\n<tr>\n<td style=\"width: 151px\"><strong>28 avril<\/strong><\/td>\n<td style=\"text-align: center;width: 588px\">313<\/td>\n<td style=\"text-align: center\">14 810<\/td>\n<\/tr>\n<tr>\n<td style=\"width: 151px\"><strong>29 avril<\/strong><\/td>\n<td style=\"text-align: center;width: 588px\">243<\/td>\n<td style=\"text-align: center\">15 053<\/td>\n<\/tr>\n<tr>\n<td style=\"width: 151px\"><strong>30 avril<\/strong><\/td>\n<td style=\"text-align: center;width: 588px\">191<\/td>\n<td style=\"text-align: center\">15 244<\/td>\n<\/tr>\n<tr>\n<td style=\"width: 151px\"><strong>1er mai<\/strong><\/td>\n<td style=\"text-align: center;width: 588px\">125<\/td>\n<td style=\"text-align: center\">15 369<\/td>\n<\/tr>\n<tr>\n<td style=\"width: 151px\"><strong>2 mai<\/strong><\/td>\n<td style=\"text-align: center;width: 588px\">118<\/td>\n<td style=\"text-align: center\">15 487<\/td>\n<\/tr>\n<tr>\n<td style=\"width: 151px\"><strong>3 mai<\/strong><\/td>\n<td style=\"text-align: center;width: 588px\">96<\/td>\n<td style=\"text-align: center\">15 583<\/td>\n<\/tr>\n<tr>\n<td style=\"width: 151px\"><strong>4&nbsp;<\/strong><strong>mai<\/strong><\/td>\n<td style=\"text-align: center;width: 588px\">243<\/td>\n<td style=\"text-align: center\">15&nbsp;826<\/td>\n<\/tr>\n<tr>\n<td style=\"width: 151px\"><strong>5&nbsp;<\/strong><strong>mai<\/strong><\/td>\n<td style=\"text-align: center;width: 588px\">234<\/td>\n<td style=\"text-align: center\">16 060<\/td>\n<\/tr>\n<tr>\n<td style=\"width: 151px\"><strong>6 mai<\/strong><\/td>\n<td style=\"text-align: center;width: 588px\">177<\/td>\n<td style=\"text-align: center\">16 237<\/td>\n<\/tr>\n<tr>\n<td style=\"width: 151px\"><strong>7 mai<\/strong><\/td>\n<td style=\"text-align: center;width: 588px\">149<\/td>\n<td style=\"text-align: center\">16&nbsp;386<\/td>\n<\/tr>\n<tr>\n<td style=\"width: 151px\"><strong>8 mai<\/strong><\/td>\n<td style=\"text-align: center;width: 588px\">118<\/td>\n<td style=\"text-align: center\">16&nbsp;497<\/td>\n<\/tr>\n<tr>\n<td style=\"width: 151px\"><strong>9 mai<\/strong><\/td>\n<td style=\"text-align: center;width: 588px\">76<\/td>\n<td style=\"text-align: center\">16&nbsp;573<\/td>\n<\/tr>\n<tr>\n<td style=\"width: 151px\"><strong>10 mai<\/strong><\/td>\n<td style=\"text-align: center;width: 588px\">70<\/td>\n<td style=\"text-align: center\">16 642<\/td>\n<\/tr>\n<tr>\n<td style=\"width: 151px\"><strong>11 mai<\/strong><\/td>\n<td style=\"text-align: center;width: 588px\">178<\/td>\n<td style=\"text-align: center\">16&nbsp;820<\/td>\n<\/tr>\n<tr>\n<td style=\"width: 151px\"><strong>12 mai<\/strong><\/td>\n<td style=\"text-align: center;width: 588px\">183<\/td>\n<td style=\"text-align: center\">17 003<\/td>\n<\/tr>\n<tr>\n<td style=\"width: 151px\"><strong>13 mai<\/strong><\/td>\n<td style=\"text-align: center;width: 588px\">98<\/td>\n<td style=\"text-align: center\">17 101<\/td>\n<\/tr>\n<tr>\n<td style=\"width: 151px\"><strong>14 mai<\/strong><\/td>\n<td style=\"text-align: center;width: 588px\">123<\/td>\n<td style=\"text-align: center\">17&nbsp;224<\/td>\n<\/tr>\n<tr>\n<td style=\"width: 151px\"><strong>15 mai<\/strong><\/td>\n<td style=\"text-align: center;width: 588px\">104<\/td>\n<td style=\"text-align: center\">17 342<\/td>\n<\/tr>\n<tr>\n<td style=\"width: 151px\"><strong>16 mai<\/strong><\/td>\n<td style=\"text-align: center;width: 588px\">96<\/td>\n<td style=\"text-align: center\"><strong>17 412<\/strong><\/td>\n<\/tr>\n<\/tbody>\n<\/table>\n<ul>\n<\/ul>\n<h2><a id=\"coronavirus-carte-deconfinement-departement-region-criteres\" name=\"coronavirus-carte-deconfinement-departement-region-criteres\" target=\"_blank\" rel=\"noopener noreferrer\">Carte du d&eacute;confinement par d&eacute;partement&nbsp;: crit&egrave;res, d&eacute;partements verts ou rouge, d&eacute;placements&#8230;<\/a><\/h2>\n<p>Lors de la pr&eacute;sentation du plan de d&eacute;confinement le mardi 28&nbsp;avril &agrave; l&#039;Assembl&eacute;e nationale, le Premier ministre Edouard Philippe a annonc&eacute; que <strong>le d&eacute;confinement se ferait progressivement, par d&eacute;partement<\/strong>. Une <a href=\"https:\/\/solidarites-sante.gouv.fr\/soins-et-maladies\/maladies\/maladies-infectieuses\/coronavirus\/etat-des-lieux-et-actualites\/article\/indicateurs-de-l-activite-epidemique\" target=\"_blank\" rel=\"noopener noreferrer\">carte des d&eacute;partements &quot;bicolore&quot;<\/a> des moins touch&eacute;s (en vert) aux plus touch&eacute;s (en rouge) par le Covid-19 remplace les cartes &quot;tricolores&quot; des jours pr&eacute;c&eacute;dents. Cette nouvelle carte&nbsp;actualis&eacute;e quotidiennement a pour objectif de suivre l&#039;&eacute;volution de la situation &eacute;pid&eacute;mique dans&nbsp;chaque d&eacute;partement afin de suivre des modalit&eacute;s de d&eacute;confinement pr&eacute;cises. Trois crit&egrave;res d&eacute;terminent l&#039;&eacute;volution de l&#039;&eacute;pid&eacute;mie et la couleur attribu&eacute;e &agrave; chaque d&eacute;partement&nbsp;:&nbsp;<\/p>\n<ul>\n<li><strong>la circulation active du virus (nombre de cas),<\/strong><\/li>\n<li><strong>la tension hospitali&egrave;re sur les capacit&eacute;s en r&eacute;animation<\/strong>.<\/li>\n<li><strong>le taux de couverture des besoins en tests estim&eacute;s.&nbsp;<\/strong><\/li>\n<\/ul>\n<p>La carte&nbsp;est une synth&egrave;se des trois indicateurs dans chaque d&eacute;partement.<\/p>\n<div style=\"text-align:center\">\n<figure class=\"image\"><a class=\"fancy\" href=\"https:\/\/img-3.journaldesfemmes.fr\/pXc4U_LR6z3g0FK-107WNxsDtiU=\/1080x\/smart\/469a7347cd474222845da58b2fc3d167\/ccmcms-jdf\/15494870.jpg\"><img decoding=\"async\" alt=\"carte synth\u00e8se 7 mai coronavirus\" src=\"https:\/\/img-3.journaldesfemmes.fr\/pXc4U_LR6z3g0FK-107WNxsDtiU=\/1080x\/smart\/469a7347cd474222845da58b2fc3d167\/ccmcms-jdf\/15494870.jpg\" \/><\/a><figcaption data-credit=\"Minist\u00e8re de la Sant\u00e9\" data-legend=\"Carte de France au 7 mai de la synth\u00e8se des deux indicateurs par d\u00e9partements.\">Carte de France au 7 mai de la synth&egrave;se des deux indicateurs par d&eacute;partements. <small>&copy;&nbsp;Minist&egrave;re de la Sant&eacute;<\/small><\/figcaption><\/figure>\n<\/div>\n<p>Sur&nbsp;<strong>la carte d&eacute;sormais bicolore,<\/strong> tout le&nbsp;quart Nord-Est (r&eacute;gions Ile-de-France, Hauts-de-France, Grand-Est et Bourgogne-Franche-Comt&eacute;) et Mayotte sont en rouge, tandis que le reste du pays et des territoires d&#039;outre-mer sont en vert.&nbsp;Pour les zones rouges, cela veut dire que le taux de contamination ou que le nombre d&#039;hospitalisations sont encore trop &eacute;lev&eacute;s. <strong>Les restrictions de d&eacute;placement devront &ecirc;tre plus importantes<\/strong> et la r&eacute;ouverture des coll&egrave;ges, des parcs et des jardins retard&eacute;e&nbsp;dans ces r&eacute;gions.<\/p>\n<h3>&bull; <a id=\"carte-departement-deconfinement-vert-coronavirus\" name=\"carte-departement-deconfinement-vert-coronavirus\" target=\"_blank\" rel=\"noopener noreferrer\">D&eacute;partements en vert<\/a><\/h3>\n<p>Il s&#039;agit des&nbsp;d&eacute;partements o&ugrave;&nbsp;moins de 6% des patients sont admis&nbsp;aux urgences pour suspicion de Covid-19&nbsp;et\/o&ugrave;&nbsp;moins de 60% des capacit&eacute;s initiales en r&eacute;animation sont mobilis&eacute;es, et\/o&ugrave; 100% des&nbsp;besoins en tests sont couverts. La France compte 69 d&eacute;partements dans le vert.<\/p>\n<h3>&bull; <a id=\"carte-departement-deconfinement-rouge-coronavirus\" name=\"carte-departement-deconfinement-rouge-coronavirus\" target=\"_blank\" rel=\"noopener noreferrer\">D&eacute;partements en rouge<\/a><\/h3>\n<p>Il s&#039;agit des&nbsp;d&eacute;partements o&ugrave; 10&nbsp;&agrave; 100&nbsp;% des patients arrivent aux urgences&nbsp;pour une suspicion de Covid-19&nbsp;et\/o&ugrave; 80&nbsp;&agrave; 100% des capacit&eacute;s en r&eacute;animation sont mobilis&eacute;es, et\/o&ugrave; moins de 70% des&nbsp;besoins en tests sont couverts.<\/p>\n<p>&rarr; <strong>quatre r&eacute;gions m&eacute;tropolitaines restent en rouge&nbsp;:&nbsp;<\/strong>l&#039;Ile-de-France, les Hauts-de-France, la Bourgogne-Franche-Comt&eacute; et le Grand-Est, ainsi que Mayotte.<\/p>\n<p>&rarr; Soit <strong>32&nbsp;d&eacute;partements :&nbsp;<\/strong>Nord, Pas-de-Calais, Somme, Oise, Aisne, Bas-Rhin, Haut-Rhin, Vosges, Meurthe-et-Moselle, Moselle, Meuse, Ardennes, Marne, Aube, Haute-Marne, Haute-Sa&ocirc;ne C&ocirc;te d&#039;Or, Jura, Doubs, Territoire de Belfort, Sa&ocirc;ne-et-Loire, Ni&egrave;vre, Yonne, Seine-et-Marne, Essonne, Yvelines, Val-d&#039;Oise, Seine-Saint-Denis, Val-de-Marne, Hauts-de-Seine, Paris et Mayotte.<\/p>\n<h2><a id=\"condition-plan-deconfinement-france-ecole-travail-restaurant-commerce-transport-reouverture-enfant-prioritaire-masque\" name=\"condition-plan-deconfinement-france-ecole-travail-restaurant-commerce-transport-reouverture-enfant-prioritaire-masque\">Mesures de d&eacute;confinement&nbsp;: travail, &eacute;cole, commerce, d&eacute;placement &agrave; 100 km&#8230;<\/a><\/h2>\n<ul>\n<\/ul>\n<figure class=\"image\" style=\"float:right\"><a class=\"fancy\" href=\"https:\/\/img-3.journaldesfemmes.fr\/x8sKo58E19PnF_kXzkVKVIIn1sE=\/1080x\/smart\/fa19314e95644c8aa2313921aa275295\/ccmcms-jdf\/15412690.jpg\"><img decoding=\"async\" alt=\"infographie d\u00e9confinement france\" src=\"https:\/\/img-3.journaldesfemmes.fr\/LhhnYE0Iz1hHZPmHZ2pyN6I0rvE=\/450x\/smart\/fa19314e95644c8aa2313921aa275295\/ccmcms-jdf\/15412690.jpg\" \/><\/a><figcaption data-credit=\"Minist\u00e8re de la Sant\u00e9\" data-legend=\"Plan de d\u00e9confinement avec les lieux ouverts ou ferm\u00e9s du 11 mai au 1er juin\">Plan de d&eacute;confinement avec les lieux ouverts ou ferm&eacute;s du 11 mai au 1er juin <small>&copy;&nbsp;Minist&egrave;re de la Sant&eacute;<\/small><\/figcaption><\/figure>\n<p>La&nbsp;plus importante mesure contre la pand&eacute;mie de coronavirus en France&nbsp;a &eacute;t&eacute; le placement de la population en &quot;confinement&quot;, d&eacute;cid&eacute; par le Pr&eacute;sident de la R&eacute;publique Emmanuel Macron <strong>&agrave; partir du 17 mars et jusqu&#039;au 11 mai<\/strong>. Cela a permis de diminuer la transmission du virus mais pour des raisons &eacute;conomiques et sociales, il ne pouvait pas durer plus longtemps. A partir du 11 mai, la France se d&eacute;confine selon un plan strict pr&eacute;sent&eacute; le 7 mai par le Premier ministre Edouard Philippe. La situation sanitaire permet un d&eacute;confinement progressif d&egrave;s lundi 11 mai, suivie par&nbsp;une <strong>seconde phase qui s&#039;&eacute;tendra jusqu&#039;au 2&nbsp;juin.<\/strong> Elle permettra de v&eacute;rifier que les mesures mises en &oelig;uvre permettent de contenir l&#039;&eacute;pid&eacute;mie. Et d&#039;<strong>envisager les mesures pour la phase suivante&nbsp;: du 2&nbsp;juin jusqu&#039;&agrave; l&#039;&eacute;t&eacute;.&nbsp;<\/strong>Le d&eacute;confinement prend&nbsp;une forme plus stricte dans les d&eacute;partements class&eacute;s rouges. Les grandes mesures du d&eacute;confinement :<\/p>\n<ul>\n<li><strong>Reprise du travail&nbsp;<\/strong>&agrave; partir du 11&nbsp;mai mais <strong>le t&eacute;l&eacute;travail est encourag&eacute; jusqu&#039;au 2 juin<\/strong>. Quand il n&#039;est pas possible,&nbsp;les horaires d&eacute;cal&eacute;s doivent&nbsp;&ecirc;tre encourag&eacute;s, pour r&eacute;duire au maximum la pr&eacute;sence simultan&eacute;e des personnes &agrave; la fois sur le lieu de travail et dans les transports.&nbsp;<strong>54 guides m&eacute;tiers<\/strong>&nbsp;pour aider les entreprises &agrave; s&#039;organiser, secteur par secteur sont disponibles sur le&nbsp;<a data-smarttag-click=\"{&quot;name&quot;: &quot;https\/\/travail-emploi.gouv.fr\/le-ministere-en-action\/coronavirus-covid-19\/proteger-les-travailleurs\/article\/fiches-conseils-metiers-et-guides-pour-les-salaries-et-les-employeurs&quot;, &quot;type&quot;: &quot;exit&quot;}\" href=\"https:\/\/travail-emploi.gouv.fr\/le-ministere-en-action\/coronavirus-covid-19\/proteger-les-travailleurs\/article\/fiches-conseils-metiers-et-guides-pour-les-salaries-et-les-employeurs\" target=\"_blank\" rel=\"noopener noreferrer\">site du minist&egrave;re du Travail<\/a>. Ces guides sectoriels sont compl&eacute;t&eacute;s par un<a data-smarttag-click=\"{&quot;name&quot;: &quot;https\/\/travail-emploi.gouv.fr\/actualites\/presse\/communiques-de-presse\/article\/protocole-national-de-deconfinement-pour-les-entreprises-pour-assurer-la&quot;, &quot;type&quot;: &quot;exit&quot;}\" href=\"https:\/\/travail-emploi.gouv.fr\/actualites\/presse\/communiques-de-presse\/article\/protocole-national-de-deconfinement-pour-les-entreprises-pour-assurer-la\" target=\"_blank\" rel=\"noopener noreferrer\">&nbsp;protocole national de d&eacute;confinement<\/a>.<\/li>\n<li><strong>Reprise de l&#039;&eacute;cole : <\/strong>80&nbsp;&agrave; 85% des &eacute;coles maternelles et &eacute;l&eacute;mentaires seront ouvertes dans la semaine du 11&nbsp;mai, dans 87&nbsp;&agrave; 90% des communes. Pour les <strong>&eacute;coles maternelles et &eacute;l&eacute;mentaires&nbsp;: &agrave; partir du 11&nbsp;mai, <\/strong>sur la base du <strong>volontariat <\/strong>;&nbsp;pour les <strong>coll&egrave;ges&nbsp;<\/strong>: &agrave; partir du <strong>18&nbsp;mai<\/strong>, en commen&ccedil;ant par les classes de 6e et de 5e, seulement dans les d&eacute;partements o&ugrave; le virus circule peu ; pour les lyc&eacute;es&nbsp;: la d&eacute;cision sera prise fin mai ; la reprise se ferait d&eacute;but juin en commen&ccedil;ant par les lyc&eacute;es professionnels. Sur les <strong>conditions suivantes <\/strong>:&nbsp;15&nbsp;&eacute;l&egrave;ves par classe maximum ;&nbsp;une vie scolaire organis&eacute;e autour des gestes barri&egrave;res (port du masque obligatoire pour les personnels coll&eacute;giens, lyc&eacute;ens&#8230;), et la distanciation physique ;&nbsp;mise &agrave; disposition de gel hydroalcoolique. Certains <strong>enfants sont prioritaires<\/strong> :&nbsp;enfants handicap&eacute;s ;&nbsp;enfants de personnels soignants ou sans solution de garde ;&nbsp;enfants d&#039;enseignants ;&nbsp;enfants d&eacute;crocheurs ou en voie de d&eacute;rochage.<\/li>\n<li><strong>Sur la r&eacute;ouverture des commerces :<\/strong>&nbsp;400&nbsp;000&nbsp;entreprises vont rouvrir <strong>sauf les caf&eacute;s, les bars et les restaurants<\/strong> dont la date de r&eacute;ouverture sera examin&eacute;e fin mai. Dans les commerces, il faut respecter les mesures barri&egrave;res :&nbsp;distanciation physique de 1&nbsp;m&egrave;tre entre chaque personne devra &ecirc;tre respect&eacute;e ;&nbsp;port du masque recommand&eacute; pour le personnel comme pour les clients lorsque la distanciation physique n&#039;est pas possible. Les march&eacute;s de plein air et halles couvertes rouvrent&nbsp;&agrave; partir du 11&nbsp;mai si les distances de s&eacute;curit&eacute; entre les consommateurs sont garanties.&nbsp;<\/li>\n<li><strong>Les m&eacute;diath&egrave;ques, les biblioth&egrave;ques, les disquaires, les libraires et les petits mus&eacute;es<\/strong> rouvrent&nbsp;le 11&nbsp;mai.<\/li>\n<li><strong>Restent ferm&eacute;s&nbsp;:<\/strong> les cin&eacute;mas, les lieux de sports ferm&eacute;s, les piscines, les salles de spectacle et de concert, les grands mus&eacute;es, les salles polyvalentes, les salles des f&ecirc;tes&#8230;&nbsp;<\/li>\n<li><strong>Sur les d&eacute;placements&nbsp;:<\/strong>&nbsp;chacun peut de nouveau circuler sans attestation avec, s&#039;il est en voiture, un<strong> justificatif de domicile<\/strong> tel qu&#039;un ch&eacute;quier, une pi&egrave;ce d&#039;identit&eacute;, un justificatif d&#039;assurance de la voiture, une facture.&nbsp;En revanche, les d&eacute;placements au-del&agrave; de <strong>100&nbsp;km &agrave; vol d&#039;oiseau<\/strong> du domicile sont interdits, sauf si ces 100&nbsp;km se font au sein d&#039;un m&ecirc;me d&eacute;partement.&nbsp;Des <strong>d&eacute;rogations <\/strong>sont possibles pour des <strong>motifs professionnels ou familiaux imp&eacute;rieux comme un d&eacute;c&egrave;s, l&#039;assistance &agrave; une personne vuln&eacute;rable ou l&#039;exercice par exemple de son m&eacute;tier de transporteur.&nbsp;<\/strong>L&#039;<strong>attestation d&eacute;rogatoire<\/strong> sera bient&ocirc;t disponible sur le site du gouvernement ou du minist&egrave;re de l&#039;Int&eacute;rieur. Des contr&ocirc;les seront effectu&eacute;s dans les gares, a&eacute;rogares, sur les routes et les autoroutes et l&#039;<strong>amende sera de 135&euro; pour les personnes qui ne seraient pas en r&egrave;gle.<\/strong><\/li>\n<li><strong>Sur les transports&nbsp;:<\/strong>&nbsp;d&egrave;s le 11&nbsp;mai, l&#039;offre des transports en commun sera assur&eacute;e au minimum &agrave; 50%, avec un objectif d&#039;offre normale d&#039;ici d&eacute;but juin. Le<strong> retour &agrave; la normale devrait intervenir au d&eacute;but du mois de juin<\/strong>. La r&eacute;gion Ile-de-France a sign&eacute; avec l&#039;Etat, les collectivit&eacute;s, les employeurs, les syndicats et les op&eacute;rateurs de transports<strong>&nbsp;<\/strong><strong>une charte visant &agrave; lisser les heures de pointe dans les transports&nbsp;<\/strong>et &agrave; <strong>maintenir au maximum le t&eacute;l&eacute;travail dans les entreprises<\/strong>, a rappel&eacute; la ministre, en accord avec&nbsp;Val&eacute;rie P&eacute;cresse, pr&eacute;sidente du conseil r&eacute;gional et de l&#039;autorit&eacute; des transports Ile-de-France Mobilit&eacute;s. Les modes de transport alternatifs doivent &ecirc;tre encourag&eacute;s.&nbsp;Des pistes cyclables temporaires peuvent &ecirc;tre dans ce contexte cr&eacute;&eacute;es.<strong> Le port du masque grand public&nbsp;sera obligatoire dans tous les transports en commun<\/strong> <strong>pour tous les usagers de plus de 11&nbsp;ans<\/strong> et du personnel ayant contact avec des usagers. Un non port du masque, une utilisation des transports aux heures de pointe sans motif imp&eacute;rieux ou un voyage sans r&eacute;servation dans les trains sera sanctionn&eacute;e par <strong>une amende de 135&nbsp;euros<\/strong>. 20&nbsp;000&nbsp;policiers et gendarmes seront mobilis&eacute;s pour permettre un usage des transports en toute s&eacute;curit&eacute;.<\/li>\n<li>Les plages restent inaccessibles au moins jusqu&#039;au 2&nbsp;juin mais certains sites pourront &ecirc;tre accessibles, &quot;&agrave; la demande des maires sur autorisation du pr&eacute;fet&quot;&nbsp;a indiqu&eacute; Christophe Castaner.<\/li>\n<li>Les c&eacute;r&eacute;monies fun&eacute;raires restent&nbsp;limit&eacute;es &agrave; 20&nbsp;personnes ;<\/li>\n<li>Les cimeti&egrave;res rouvrent au public ;<\/li>\n<li>Les rassemblements limit&eacute;s &agrave; 10&nbsp;personnes sont autoris&eacute;s.<\/li>\n<li>Les<strong> manifestations de plus de 5000&nbsp;participants<\/strong> (sportives, culturelles, etc.) ne pourront pas se tenir avant le mois de septembre ;<\/li>\n<li>La saison actuelle des sports professionnels dont le football ne reprendra pas ;<\/li>\n<li>Les mariages continuent d&#039;&ecirc;tre report&eacute;s, sauf urgences.<\/li>\n<\/ul>\n<h2><a id=\"coronavirus-gestes-barriere-hygiene-mains-masques-proteger-gel-hydro-alcoolique-distance-sociale\" name=\"coronavirus-gestes-barriere-hygiene-mains-masques-proteger-gel-hydro-alcoolique-distance-sociale\" target=\"_blank\" rel=\"noopener noreferrer\">Quels sont les gestes barri&egrave;res ?<\/a><\/h2>\n<p>Comme il n&#039;y a ni vaccin, ni m&eacute;dicament efficace contre le coronavirus, <a href=\"https:\/\/sante.journaldesfemmes.fr\/fiches-maladies\/2619739-gestes-barrieres-covid-19-distance-ecole-commerce-coiffure-entreprise-creche-oms-protocole\/\" target=\"_blank\" rel=\"noopener noreferrer\">le meilleur moyen de s&#039;en prot&eacute;ger<\/a>&nbsp;&#8211; surtout depuis le d&eacute;confinement- est l&#039;application de mesures barri&egrave;re :&nbsp;respect de la distanciation physique minimale d&#039;un m&egrave;tre,&nbsp;r&eacute;duction du nombre de nos contacts doivent &ecirc;tre respect&eacute;s par tous. Les <strong>personnes &acirc;g&eacute;es ou atteintes de pathologies chroniques (atteintes respiratoire, cardiaque, ob&eacute;sit&eacute;, diab&egrave;te&hellip;) <\/strong>consid&eacute;r&eacute;es comme des facteurs de risque de d&eacute;velopper une forme grave de la maladie sont appel&eacute;es &agrave; la plus<strong> grande prudence <\/strong>tant que le virus circule.<\/p>\n<div class=\"ccminsert\">\n<aside class=\"app_widget_fo app_widget_fo--call\">\n<ul>\n<li>\n                <a href=\"https:\/\/sante.journaldesfemmes.fr\/fiches-maladies\/2619739-gestes-barrieres-covid-19-distance-ecole-commerce-coiffure-entreprise-creche-oms-protocole\/\" class=\"jGTMWidgetGAEventClick\" data-GTMWidgetGaEventAction=\"clickWidgetCall\" data-GTMWidgetGaEventLabel=\"Gestes barri\u00e8res Covid-19\u00a0: commerce, entreprise, \u00e9cole, lesquels\u00a0?\"><\/p>\n<figure>\n<p>                            <img decoding=\"async\" src=\"https:\/\/img-3.journaldesfemmes.fr\/WKERxeOKg_bHzuLEOVvvRAdai9c=\/200x132\/smart\/02e835e612a04778ac14e9707b678e29\/ccmcms-jdf\/15592639.jpg\" alt=\"\"><figcaption>\n<h3>Gestes barri\u00e8res Covid-19\u00a0: commerce, entreprise, \u00e9cole, lesquels\u00a0?<\/h3>\n<p>A partir du d\u00e9confinement, le respect des gestes barri\u00e8res et de mesures de distanciation sociale prend encore plus d&#039;importance pour \u00e9viter la transmission du coronavirus. Quels gestes barri\u00e8res appliquer dans les commerces, coiffeurs, entreprises, \u00e9coles, cr\u00e8ches\u00a0? Quels sont les protocoles publi\u00e9s par les minist\u00e8res\u00a0? Que recommande l&#039;OMS\u00a0?<\/p>\n<\/figcaption><\/figure>\n<p>                <\/a>\n            <\/li>\n<\/ul>\n<\/aside>\n<\/div>\n<h2><a id=\"symptome-coronavirus-que-faire\" name=\"symptome-coronavirus-que-faire\" style=\"font-size: 1.125rem;font-family: Raleway, sans-serif\" target=\"_blank\" rel=\"noopener noreferrer\">Sympt&ocirc;mes&nbsp;:&nbsp;que faire&nbsp;?<\/a><\/h2>\n<p>Si au d&eacute;but, on ne parlait que de fi&egrave;vre, toux s&egrave;che, rhume, &eacute;tat grippal et de fatigue, les sympt&ocirc;mes de l&#039;infection par le coronavirus ont &eacute;volu&eacute;. On sait d&eacute;sormais que le virus peut avoir des effets sur la peau, la sph&egrave;re digestive et m&ecirc;me le cerveau. <strong>D&egrave;s les premiers signes &eacute;vocateurs de la maladie COVID-19,<\/strong> consultez votre <strong>m&eacute;decin <\/strong>traitant ou un m&eacute;decin de permanence afin qu&#039;il puisse vous prescrire un <a href=\"https:\/\/sante.journaldesfemmes.fr\/fiches-maladies\/2623965-coronavirus-test-france-serologique-virologique-pcr-nez-ordonnance-ou-faire-temps-resultat-laboratoire-remboursement-roche-test-serologique-autorise\/\" target=\"_blank\" rel=\"noopener noreferrer\">test de recherche du virus<\/a> (PCR) et <strong>respectez scrupuleusement l&#039;isolement<\/strong>.<em>&nbsp;&quot;Les capacit&eacute;s de tests virologiques pour rechercher le virus de la maladie COVID-19&nbsp;sont disponibles sur tout le territoire.&nbsp;Tout est fait pour tester rapidement, tracer les personnes contacts, isoler les porteurs du virus et <strong>mettre en quatorzaine leurs personnes contacts<\/strong>, prendre en charge de fa&ccedil;on optimale les personnes malades&quot; <\/em>rappelle le minist&egrave;re de la Sant&eacute; dans le <a href=\"https:\/\/solidarites-sante.gouv.fr\/actualites\/presse\/communiques-de-presse\/article\/communique-de-presse-du-11-mai-2020-429447\" target=\"_blank\" rel=\"noopener noreferrer\">communiqu&eacute; du 11 mai<\/a>.<\/p>\n<div class=\"ccminsert\">\n<aside class=\"app_widget_fo app_widget_fo--call\">\n<ul>\n<li>\n                <a href=\"https:\/\/sante.journaldesfemmes.fr\/fiches-maladies\/2630075-symptomes-coronavirus-premiers-courants-digestifs-peau-sans-fievre-que-faire-homme-femme-france\/\" class=\"jGTMWidgetGAEventClick\" data-GTMWidgetGaEventAction=\"clickWidgetCall\" data-GTMWidgetGaEventLabel=\"Sympt\u00f4mes du coronavirus\u00a0: les plus courants, hommes-femmes, dur\u00e9e\"><\/p>\n<figure>\n<p>                            <img decoding=\"async\" src=\"https:\/\/img-3.journaldesfemmes.fr\/1eVOUvQwwTaysnCkVrqe9zSv16Y=\/200x132\/smart\/76a5fb59606947babe2f600b4f93580c\/ccmcms-jdf\/15653655.jpg\" alt=\"\"><figcaption>\n<h3>Sympt\u00f4mes du coronavirus\u00a0: les plus courants, hommes-femmes, dur\u00e9e<\/h3>\n<p>Troubles digestifs, fi\u00e8vre, toux&#8230; Les sympt\u00f4mes du coronavirus ont \u00e9t\u00e9 initialement d\u00e9crits \u00e0 partir des patients chinois. Mais ils diff\u00e9reraient en Europe, selon l&#039;\u00e2ge et entre hommes et femmes. Quels sont les plus courants en France\u00a0? Les premiers\u00a0? Ceux qui doivent alerter\u00a0? Liste et conseils.<\/p>\n<\/figcaption><\/figure>\n<p>                <\/a>\n            <\/li>\n<\/ul>\n<\/aside>\n<\/div>\n<ul>\n<li><strong>Si vous pr&eacute;sentez des&nbsp;sympt&ocirc;mes (toux, fi&egrave;vre, mal de t&ecirc;te) : <\/strong>&eacute;viter les contacts, rester &agrave; domicile, prenez du parac&eacute;tamol si besoin, appeler un m&eacute;decin, faites une t&eacute;l&eacute;-consultation ou appeler le num&eacute;ro de permanence de soins de la r&eacute;gion.&nbsp;<\/li>\n<li><strong>Appeler le&nbsp;15 en cas de&nbsp;difficult&eacute;s respiratoires : &quot;<\/strong><em>Si cette toux et cette fi&egrave;vre s&#039;accompagnent d&#039;une g&ecirc;ne respiratoire qui devient permanente avec souffle court, difficult&eacute; &agrave; inspirer et &agrave; expirer, d&#039;une aggravation importante de la toux, cela peut signifier une &eacute;volution de la maladie sous la forme d&#039;une pneumopathie. Il s&#039;agit alors d&#039;une urgence respiratoire potentielle et comme dans tous les cas d&#039;urgence, il faut alors appeler le 15&nbsp;qui prendra les meilleures dispositions pour r&eacute;pondre &agrave; la situation&quot;, <\/em>pr&eacute;vient le Dr&nbsp;Patrick Aub&eacute;, m&eacute;decin g&eacute;n&eacute;raliste.<\/li>\n<\/ul>\n<h2><a id=\"coronavirus-monde\" name=\"coronavirus-monde\" target=\"_blank\" rel=\"noopener noreferrer\">Coronavirus dans le monde : cas positifs, d&eacute;c&egrave;s&#8230;<\/a><\/h2>\n<p>Le coronavirus Sars-CoV-2 poursuit son extension dans le monde. La pand&eacute;mie a infect&eacute; plus de<strong>&nbsp;4,59 millions de personnes <\/strong>dans le monde et fait plus de<strong>&nbsp;309 680&nbsp;morts<\/strong>. <strong>188&nbsp;pays et territoires sont touch&eacute;s<\/strong> (sur les 198 pays comptabilis&eacute;s dans le monde). Il y a une forte augmentation des cas aux <strong>Etats-Unis qui demeure le premier pays le plus touch&eacute;<\/strong>&nbsp;avec 1,45&nbsp;millions de cas de covid-19 et plus de 87 840 morts.&nbsp;<\/p>\n<h3>Courbe du nombre de cas de Covid-19&nbsp;dans le monde entre le 22&nbsp;janvier et le 11 mai 2020.<\/h3>\n<div style=\"text-align:center\">\n<figure class=\"image\"><a class=\"fancy\" href=\"https:\/\/img-3.journaldesfemmes.fr\/jXc1G0ZlOTcL2INlGg3ENxa0TSc=\/1080x\/smart\/c74d1d9130b349c6b8dfdbc538262256\/ccmcms-jdf\/15610409.jpg\"><img decoding=\"async\" alt=\"courbe des cas de covid dans le monde\" src=\"https:\/\/img-3.journaldesfemmes.fr\/jXc1G0ZlOTcL2INlGg3ENxa0TSc=\/1080x\/smart\/c74d1d9130b349c6b8dfdbc538262256\/ccmcms-jdf\/15610409.jpg\" \/><\/a><figcaption data-credit=\"Universit\u00e9 John Hopkins\" data-legend=\"Courbe des cas de Covid-19 dans le monde du 22 janvier au 11 mai 2020\">Courbe des cas de Covid-19 dans le monde du 22 janvier au 11 mai 2020 <small>&copy;&nbsp;Universit&eacute; John Hopkins<\/small><\/figcaption><\/figure>\n<\/div>\n<h2><a id=\"coronavirus-carte-monde-temps-reel\" name=\"coronavirus-carte-monde-temps-reel\" target=\"_blank\" rel=\"noopener noreferrer\">Carte en temps r&eacute;el de l&#039;&eacute;volution de l&#039;&eacute;pid&eacute;mie dans le monde<\/a><\/h2>\n<p>Une <strong>carte interactive<\/strong> montrant l&#039;&eacute;volution de l&#039;&eacute;pid&eacute;mie de coronavirus dans le monde<strong> en temps r&eacute;el<\/strong> a &eacute;t&eacute; mise au point par l&#039;&eacute;diteur de cartographie en ligne&nbsp;HERE Technologies. Bas&eacute;e sur des donn&eacute;es du Center for Systems Science and Engineering (CSSE) de l&#039;Universit&eacute; Johns Hopkins et de DXY, cette carte permet de suivre<strong> la progression du nombre de personnes infect&eacute;es<\/strong>&nbsp;rapport&eacute;es par les agences gouvernementales, ainsi que <strong>le nombre de d&eacute;c&egrave;s<\/strong>.<\/p>\n<div class=\"ccminsert\"><\/div>\n<h3><a id=\"mort-coronavirus-monde-chiffres-tableau\" name=\"mort-coronavirus-monde-chiffres-tableau\">Combien de d&eacute;c&egrave;s &agrave; cause du coronavirus dans le monde ?<\/a><\/h3>\n<table border=\"1\" cellpadding=\"1\" cellspacing=\"1\" style=\"width:80%\">\n<caption>\n<p style=\"text-align: center\">NOMBRE DE MORTS DU CORONAVIRUS DANS LES 30&nbsp;PAYS LES PLUS TOUCHES. Dimanche 17 mai &agrave; 12h49.<\/p>\n<\/caption>\n<thead>\n<tr>\n<th scope=\"col\" style=\"width: 472px\">PAYS<\/th>\n<th scope=\"col\" style=\"width: 324px\">NOMBRE DE MORTS<\/th>\n<\/tr>\n<\/thead>\n<tbody>\n<tr>\n<td style=\"width: 472px\"><b>Etats-Unis<\/b><\/td>\n<td style=\"width: 324px\">88 754<\/td>\n<\/tr>\n<tr>\n<td style=\"width: 472px\"><strong>Royaume-Uni<\/strong><\/td>\n<td style=\"width: 324px\">34 546<\/td>\n<\/tr>\n<tr>\n<td style=\"width: 472px\"><strong>Italie <\/strong><\/td>\n<td style=\"width: 324px\">31 763<\/td>\n<\/tr>\n<tr>\n<td style=\"width: 472px\"><strong>Espagne<\/strong><\/td>\n<td style=\"width: 324px\">27 563<\/td>\n<\/tr>\n<tr>\n<td style=\"width: 472px\"><strong>France<\/strong><\/td>\n<td style=\"width: 324px\">27 532<\/td>\n<\/tr>\n<tr>\n<td style=\"width: 472px\"><strong>Br&eacute;sil<\/strong><\/td>\n<td style=\"width: 324px\">15&nbsp;662<\/td>\n<\/tr>\n<tr>\n<td style=\"width: 472px\"><strong>Belgique<\/strong><\/td>\n<td style=\"width: 324px\">9&nbsp;052<\/td>\n<\/tr>\n<tr>\n<td style=\"width: 472px\"><strong>Allemagne<\/strong><\/td>\n<td style=\"width: 324px\">7 947<\/td>\n<\/tr>\n<tr>\n<td style=\"width: 472px\"><strong>Iran<\/strong><\/td>\n<td style=\"width: 324px\">6 937<\/td>\n<\/tr>\n<tr>\n<td style=\"width: 472px\"><strong>Canada<\/strong><\/td>\n<td style=\"width: 324px\">5&nbsp;800<\/td>\n<\/tr>\n<tr>\n<td style=\"width: 472px\"><strong>Pays-Bas<\/strong><\/td>\n<td style=\"width: 324px\">5 689<\/td>\n<\/tr>\n<tr>\n<td style=\"width: 472px\"><strong>Mexique<\/strong><\/td>\n<td style=\"width: 324px\">5&nbsp;045<\/td>\n<\/tr>\n<tr>\n<td style=\"width: 472px\"><strong>Chine<\/strong><\/td>\n<td style=\"width: 324px\">4&nbsp;638<\/td>\n<\/tr>\n<tr>\n<td style=\"width: 472px\"><strong>Turquie<\/strong><\/td>\n<td style=\"width: 324px\">4 096<\/td>\n<\/tr>\n<tr>\n<td style=\"width: 472px\"><strong>Su&egrave;de<\/strong><\/td>\n<td style=\"width: 324px\">3 674<\/td>\n<\/tr>\n<tr>\n<td style=\"width: 472px\"><strong>Inde<\/strong><\/td>\n<td style=\"width: 324px\">2 857<\/td>\n<\/tr>\n<tr>\n<td style=\"width: 472px\"><b>Equateur<\/b><\/td>\n<td style=\"width: 324px\">2 594<\/td>\n<\/tr>\n<tr>\n<td style=\"width: 472px\"><strong>Russie<\/strong><\/td>\n<td style=\"width: 324px\">2 537<\/td>\n<\/tr>\n<tr>\n<td style=\"width: 472px\"><strong>P&eacute;rou<\/strong><\/td>\n<td style=\"width: 324px\">2 392<\/td>\n<\/tr>\n<tr>\n<td style=\"width: 472px\"><strong>Suisse<\/strong><\/td>\n<td style=\"width: 324px\">1&nbsp;876<\/td>\n<\/tr>\n<tr>\n<td style=\"width: 472px\"><strong>Irlande<\/strong><\/td>\n<td style=\"width: 324px\">1 533<\/td>\n<\/tr>\n<tr>\n<td style=\"width: 472px\"><strong>Portugal<\/strong><\/td>\n<td style=\"width: 324px\">1 203<\/td>\n<\/tr>\n<tr>\n<td style=\"width: 472px\"><strong>Roumanie<\/strong><\/td>\n<td style=\"width: 324px\">1&nbsp;094<\/td>\n<\/tr>\n<tr>\n<td style=\"width: 472px\"><strong>Indon&eacute;sie<\/strong><\/td>\n<td style=\"width: 324px\">1 089<\/td>\n<\/tr>\n<tr>\n<td style=\"width: 472px\"><strong>Pologne<\/strong><\/td>\n<td style=\"width: 324px\">915<\/td>\n<\/tr>\n<tr>\n<td style=\"width: 472px\"><strong>Philippines<\/strong><\/td>\n<td style=\"width: 324px\">817<\/td>\n<\/tr>\n<tr>\n<td style=\"width: 472px\"><b>Pakistan<\/b><\/td>\n<td style=\"width: 324px\">834<\/td>\n<\/tr>\n<tr>\n<td style=\"width: 472px\"><strong>Japon<\/strong><\/td>\n<td style=\"width: 324px\">713<\/td>\n<\/tr>\n<tr>\n<td style=\"width: 472px\"><strong>Autriche<\/strong><\/td>\n<td style=\"width: 324px\">629<\/td>\n<\/tr>\n<tr>\n<td style=\"width: 472px\"><strong>Egypte<\/strong><\/td>\n<td style=\"width: 324px\">612<\/td>\n<\/tr>\n<tr>\n<td style=\"width: 472px\"><strong>Autres<\/strong><\/td>\n<td style=\"width: 324px\">10 585<\/td>\n<\/tr>\n<tr>\n<td style=\"width: 472px\"><strong><u>TOTAL<\/u><\/strong><\/td>\n<td style=\"width: 324px\"><b>30<\/b><strong>9&nbsp;685<\/strong><\/td>\n<\/tr>\n<\/tbody>\n<\/table>\n<p><em>&nbsp;Sources : <a href=\"https:\/\/gisanddata.maps.arcgis.com\/apps\/opsdashboard\/index.html#\/bda7594740fd40299423467b48e9ecf6\" target=\"_blank\" rel=\"noopener noreferrer\">Universit&eacute; John Hopkins<\/a>,&nbsp;<a href=\"https:\/\/www.who.int\/emergencies\/diseases\/novel-coronavirus-2019\/situation-reports\" target=\"_blank\" rel=\"noopener noreferrer\">WHO<\/a>,&nbsp;<a href=\"https:\/\/www.cdc.gov\/coronavirus\/2019-ncov\/index.html\" target=\"_blank\" rel=\"noopener noreferrer\">CDC<\/a>,&nbsp;<a href=\"https:\/\/www.ecdc.europa.eu\/en\/geographical-distribution-2019-ncov-cases\" target=\"_blank\" rel=\"noopener noreferrer\">ECDC<\/a>,&nbsp;<a href=\"http:\/\/www.nhc.gov.cn\/xcs\/yqtb\/list_gzbd.shtml\" target=\"_blank\" rel=\"noopener noreferrer\">NHC&nbsp;<\/a>and&nbsp;<a href=\"https:\/\/3g.dxy.cn\/newh5\/view\/pneumonia?scene=2&amp;clicktime=1579582238&amp;enterid=1579582238&amp;from=singlemessage&amp;isappinstalled=0\" target=\"_blank\" rel=\"noopener noreferrer\">DXY<\/a>.<\/em><\/p>\n<h3><a id=\"cas-coronavirus-monde-chiffres-tableau\" name=\"cas-coronavirus-monde-chiffres-tableau\">Combien de cas de coronavirus dans le monde ?<\/a><\/h3>\n<table border=\"1\" cellpadding=\"1\" cellspacing=\"1\" style=\"width:80%\">\n<caption>\n<p style=\"text-align: center\">NOMBRE DE CAS CONFIRM&Eacute;S ET PR&Eacute;SUM&Eacute;S POSITIFS AU&nbsp;CORONAVIRUS DANS LES 20 PAYS LES PLUS TOUCH&Eacute;S. Samedi 16&nbsp;mai &agrave; 20h10.<\/p>\n<\/caption>\n<thead>\n<tr>\n<th scope=\"col\" style=\"text-align: center\">PAYS<\/th>\n<th scope=\"col\" style=\"text-align: center\">CAS CONFIRMES DE CORONAVIRUS<\/th>\n<th scope=\"col\" style=\"text-align: center\">NOMBRE D&#039;HABITANTS DANS LE PAYS (en millions)<\/th>\n<\/tr>\n<\/thead>\n<tbody>\n<tr>\n<td style=\"text-align: center;width: 231px\"><strong>&nbsp;Etats-Unis <\/strong><\/td>\n<td style=\"text-align: center\">\n<h5><strong>1 454 504<\/strong><\/h5>\n<\/td>\n<td style=\"text-align: center\">327,2&nbsp;<\/td>\n<\/tr>\n<tr>\n<td style=\"text-align: center;width: 231px\"><strong>Russie<\/strong><\/td>\n<td style=\"text-align: center\">\n<h5><strong>272 043<\/strong><\/h5>\n<\/td>\n<td style=\"text-align: center\">144.5<\/td>\n<\/tr>\n<tr>\n<td style=\"text-align: center;width: 231px\"><strong>Royaume-Uni<\/strong><\/td>\n<td style=\"text-align: center\">\n<h5><strong>241<\/strong>&nbsp;455<\/h5>\n<\/td>\n<td style=\"text-align: center\">66<\/td>\n<\/tr>\n<tr>\n<td style=\"text-align: center;width: 231px\"><strong>Espagne<\/strong><\/td>\n<td style=\"text-align: center\">\n<h5><strong>230 698<\/strong><\/h5>\n<\/td>\n<td style=\"text-align: center\">47<\/td>\n<\/tr>\n<tr>\n<td style=\"text-align: center;width: 231px\"><strong>Italie<\/strong><\/td>\n<td style=\"text-align: center\">\n<h5><strong>224<\/strong>&nbsp;760<\/h5>\n<\/td>\n<td style=\"text-align: center\">60,5<\/td>\n<\/tr>\n<tr>\n<td style=\"text-align: center;width: 231px\"><strong>Br&eacute;sil<\/strong><\/td>\n<td style=\"text-align: center\">\n<h5>222 877<\/h5>\n<\/td>\n<td style=\"text-align: center\">211.7<\/td>\n<\/tr>\n<tr>\n<td style=\"text-align: center;width: 231px\"><strong>France<\/strong><\/td>\n<td style=\"text-align: center\">\n<h5><strong>179<\/strong>&nbsp;630<\/h5>\n<\/td>\n<td style=\"text-align: center\">67<\/td>\n<\/tr>\n<tr>\n<td style=\"text-align: center;width: 231px\"><strong>Allemagne<\/strong><\/td>\n<td style=\"text-align: center\">\n<h5><strong>175<\/strong>&nbsp;715<\/h5>\n<\/td>\n<td style=\"text-align: center\">83<\/td>\n<\/tr>\n<tr>\n<td style=\"text-align: center;width: 231px\"><strong>Turquie<\/strong><\/td>\n<td style=\"text-align: center\">\n<h5><strong>148<\/strong>&nbsp;067<\/h5>\n<\/td>\n<td style=\"text-align: center\">83<\/td>\n<\/tr>\n<tr>\n<td style=\"text-align: center;width: 231px\"><strong>Iran<\/strong><\/td>\n<td style=\"text-align: center\">\n<h5><strong>118<\/strong>&nbsp;392<\/h5>\n<\/td>\n<td style=\"text-align: center\">81<\/td>\n<\/tr>\n<tr>\n<td style=\"text-align: center;width: 231px\"><strong>Chine<\/strong><\/td>\n<td style=\"text-align: center\">\n<h5><strong>84&nbsp;038<\/strong><\/h5>\n<\/td>\n<td style=\"text-align: center\">1 386<\/td>\n<\/tr>\n<tr>\n<td style=\"text-align: center;width: 231px\"><strong>Inde<\/strong><\/td>\n<td style=\"text-align: center\">\n<h5>90&nbsp;343<\/h5>\n<\/td>\n<td style=\"text-align: center\">1&nbsp;353<\/td>\n<\/tr>\n<tr>\n<td style=\"text-align: center;width: 231px\"><strong>P&eacute;rou<\/strong><\/td>\n<td style=\"text-align: center\">\n<h5>84 495<\/h5>\n<\/td>\n<td style=\"text-align: center\">31,9<\/td>\n<\/tr>\n<tr>\n<td style=\"text-align: center;width: 231px\"><strong>Canada<\/strong><\/td>\n<td style=\"text-align: center\">\n<h5><strong>76<\/strong>&nbsp;117<\/h5>\n<\/td>\n<td style=\"text-align: center\">37.5<\/td>\n<\/tr>\n<tr>\n<td style=\"text-align: center;width: 231px\"><strong>Belgique<\/strong><\/td>\n<td style=\"text-align: center\">\n<h5><strong>54 989<\/strong><\/h5>\n<\/td>\n<td style=\"text-align: center\">11<\/td>\n<\/tr>\n<tr>\n<td style=\"text-align: center;width: 231px\"><strong>Arabie Saoudite<\/strong><\/td>\n<td style=\"text-align: center\">\n<h5>52&nbsp;016<\/h5>\n<\/td>\n<td style=\"text-align: center\">33,7<\/td>\n<\/tr>\n<tr>\n<td style=\"text-align: center;width: 231px\"><strong>Pays-Bas <\/strong><\/td>\n<td style=\"text-align: center\">\n<h5><strong>44<\/strong>&nbsp;069<\/h5>\n<\/td>\n<td style=\"text-align: center\">17<\/td>\n<\/tr>\n<tr>\n<td style=\"text-align: center;width: 231px\"><strong>Mexique<\/strong><\/td>\n<td style=\"text-align: center\">\n<h5><strong>45<\/strong>&nbsp;032<\/h5>\n<\/td>\n<td style=\"text-align: center\">126,2<\/td>\n<\/tr>\n<tr>\n<td style=\"text-align: center;width: 231px\"><b>Pakistan<\/b><\/td>\n<td style=\"text-align: center\">\n<h5><strong>38<\/strong>&nbsp;799<\/h5>\n<\/td>\n<td style=\"text-align: center\">212,2<\/td>\n<\/tr>\n<tr>\n<td style=\"text-align: center;width: 231px\"><strong>Chili<\/strong><\/td>\n<td style=\"text-align: center\">\n<h5>41 428<\/h5>\n<\/td>\n<td style=\"text-align: center\">18,73<\/td>\n<\/tr>\n<tr>\n<td style=\"text-align: center;width: 231px\"><strong>Autres pays<\/strong><\/td>\n<td style=\"text-align: center\">681 164<\/td>\n<td style=\"text-align: center\">&nbsp;<\/td>\n<\/tr>\n<tr>\n<td style=\"text-align: center;width: 231px\"><u><strong>TOTAL<\/strong><\/u><\/td>\n<td style=\"text-align: center\"><strong>4 596&nbsp;304<\/strong><\/td>\n<td style=\"text-align: center\">&nbsp;<\/td>\n<\/tr>\n<\/tbody>\n<\/table>\n<blockquote>\n<p style=\"text-align: right\">&nbsp;<\/p>\n<\/blockquote>\n<p>&gt; <strong><a href=\"https:\/\/gisanddata.maps.arcgis.com\/apps\/opsdashboard\/index.html#\/bda7594740fd40299423467b48e9ecf6\" target=\"_blank\" rel=\"noopener noreferrer\">Voir le nombre de cas dans d&#039;autres pays&nbsp;<\/a><\/strong><\/p>\n<p><em>Sources&nbsp;:&nbsp;<a href=\"https:\/\/gisanddata.maps.arcgis.com\/apps\/opsdashboard\/index.html#\/bda7594740fd40299423467b48e9ecf6\" target=\"_blank\" rel=\"noopener noreferrer\">Universit&eacute; John Hopkins<\/a>,&nbsp;<a href=\"https:\/\/www.who.int\/emergencies\/diseases\/novel-coronavirus-2019\/situation-reports\" target=\"_blank\" rel=\"noopener noreferrer\">WHO<\/a>,&nbsp;<a href=\"https:\/\/www.cdc.gov\/coronavirus\/2019-ncov\/index.html\" target=\"_blank\" rel=\"noopener noreferrer\">CDC<\/a>,&nbsp;<a href=\"https:\/\/www.ecdc.europa.eu\/en\/geographical-distribution-2019-ncov-cases\" target=\"_blank\" rel=\"noopener noreferrer\">ECDC<\/a>,&nbsp;<a href=\"http:\/\/www.nhc.gov.cn\/xcs\/yqtb\/list_gzbd.shtml\" target=\"_blank\" rel=\"noopener noreferrer\">NHC&nbsp;<\/a>and&nbsp;<a href=\"https:\/\/3g.dxy.cn\/newh5\/view\/pneumonia?scene=2&amp;clicktime=1579582238&amp;enterid=1579582238&amp;from=singlemessage&amp;isappinstalled=0\" target=\"_blank\" rel=\"noopener noreferrer\">DXY<\/a>.<\/em><\/p>\n<h2><a id=\"coronavirus-voyage-france-zones-a-risque-ete-etranger\" name=\"coronavirus-voyage-france-zones-a-risque-ete-etranger\" target=\"_blank\" rel=\"noopener noreferrer\">Voyages&nbsp;: l&#039;Europe conserve&nbsp;ses fronti&egrave;res ferm&eacute;es<\/a><\/h2>\n<p>Le 7&nbsp;mai, lors de la pr&eacute;sentation du plan de d&eacute;confinement, le Premier ministre a indiqu&eacute; que la circulation en dehors ou en provenance de l&#039;espace europ&eacute;en restait&nbsp;interdite. Une r&eacute;&eacute;valuation sera op&eacute;r&eacute;e au niveau europ&eacute;en le 15&nbsp;juin.&nbsp;Le pr&eacute;sident de la R&eacute;publique avait annonc&eacute; le 16 mars la <strong>fermeture des fronti&egrave;res de l&#039;Europe et de l&#039;espace Schengen.&nbsp;<\/strong>Des mesures de <strong>quatorzaine ou d&#039;isolement sont possibles pour les personnes qui entrent sur le territoire et ne proviennent pas de l&#039;espace europ&eacute;en<\/strong>. A l&#039;approche des vacances d&#039;&eacute;t&eacute;, le gouvernement se montre prudent quant aux voyages &agrave; l&#039;&eacute;tranger. Le 19 avril, lors d&#039;une allocution t&eacute;l&eacute;vis&eacute;e, le Premier ministre Edouard Philippe a dit craindre que&nbsp;<strong><a href=\"https:\/\/sante.journaldesfemmes.fr\/fiches-maladies\/2608487-coronavirus-vacances-ete-2020-france-voyage-etranger-europe-mesures-sanitaires-gestes-barrieres-avion-train-aeroport-gare\/\" target=\"_blank\" rel=\"noopener noreferrer\">des voyages loin &agrave; l&#039;&eacute;tranger ne soient pas avis&eacute;s dans l&#039;imm&eacute;diat<\/a>.<\/strong>&nbsp;Il a aussi &eacute;mis des doutes sur&nbsp;<em>&quot;les conditions d&#039;entr&eacute;e ou de &quot;r&eacute;-entr&eacute;e&quot; sur le territoire national&nbsp;&quot;<\/em>&nbsp;qui seront certainement&nbsp;<em>&quot;&nbsp;assez exigeantes vis-&agrave;-vis de ceux qui arrivent de l&#039;&eacute;tranger&quot;<\/em>, dans le contexte d&#039;une pand&eacute;mie.&nbsp;<\/p>\n<div class=\"ccminsert\">\n<aside class=\"app_widget_fo app_widget_fo--call\">\n<ul>\n<li>\n                <a href=\"https:\/\/sante.journaldesfemmes.fr\/fiches-maladies\/2608487-coronavirus-vacances-ete-2020-france-voyage-etranger-europe-mesures-sanitaires-gestes-barrieres-avion-train-aeroport-gare\/\" class=\"jGTMWidgetGAEventClick\" data-GTMWidgetGaEventAction=\"clickWidgetCall\" data-GTMWidgetGaEventLabel=\"Coronavirus et vacances\u00a0: mesures sanitaires en train, en avion, en gare...\"><\/p>\n<figure>\n<p>                            <img decoding=\"async\" src=\"https:\/\/img-3.journaldesfemmes.fr\/-LZGx3kn952H6FhGmD2aF8x2NSk=\/200x132\/smart\/5e535ff8dd3a4a26aa13f7bc495519fc\/ccmcms-jdf\/15679612.jpg\" alt=\"\"><figcaption>\n<h3>Coronavirus et vacances\u00a0: mesures sanitaires en train, en avion, en gare&#8230;<\/h3>\n<p>VACANCES ET CORONAVIRUS\u00a0&#8211; Les Fran\u00e7ais pourront partir en vacances en France, Corse et en Outre-mer en juillet et ao\u00fbt, a assur\u00e9 \u00c9douard Philippe, mais en respectant les gestes barri\u00e8res. Quelles mesures sanitaires dans les a\u00e9roports et les gares\u00a0? Quelles sont les r\u00e8gles pour voyager en train ou en avion\u00a0? O\u00f9 le port du masque est-il obligatoire\u00a0? Notre guide pour voyager sans risque.<\/p>\n<\/figcaption><\/figure>\n<p>                <\/a>\n            <\/li>\n<\/ul>\n<\/aside>\n<\/div>\n<h2><a id=\"italie-coronavirus-deconfinement-nombre-de-cas-mort\" name=\"italie-coronavirus-deconfinement-nombre-de-cas-mort\" target=\"_blank\" rel=\"noopener noreferrer\">Italie&nbsp;: un d&eacute;confinement qui s&#039;acc&eacute;l&egrave;re<\/a><\/h2>\n<p>L&#039;&eacute;pid&eacute;mie a fait <strong>31 763&nbsp;morts en Italie<\/strong>&nbsp;au samedi 16&nbsp;mai.&nbsp;L&#039;Italie est le<strong> troisi&egrave;me pays le plus meurtri<\/strong> par le Covid-19&nbsp;apr&egrave;s les Etats-Unis et le Royaume-Uni et&nbsp;le second&nbsp;<strong>pays d&#039;Europe le plus endeuill&eacute; par l&#039;&eacute;pid&eacute;mie de coronavirus.<\/strong>&nbsp;<strong>Rome<strong>&nbsp;<\/strong><\/strong><strong>a d&eacute;cid&eacute; d&#039;autoriser<\/strong>&nbsp;l&#039;ouverture &agrave; partir de lundi prochain de certains magasins, comme les coiffeurs ou centres de beaut&eacute;, initialement pr&eacute;vus pour le 1<sup>er&nbsp;<\/sup>juin. La r&eacute;gion a engag&eacute; une campagne de tests s&eacute;rologiques dont le but est d&#039;avoir une estimation du nombre de personnes touch&eacute;es par le coronavirus depuis le d&eacute;but de la pand&eacute;mie et de cartographier la propagation de l&#039;infection. Le <strong>18&nbsp;mai, tous les commerces de d&eacute;tail pourront rouvrir,<\/strong> ainsi que mus&eacute;es, lieux culturels et biblioth&egrave;ques. Les <strong>&eacute;coles resteront ferm&eacute;es jusqu&#039;en septembre<\/strong>. <strong>Bars et restaurants <\/strong>auront le droit de vendre &agrave; emporter. Leur <strong>r&eacute;ouverture compl&egrave;te aura lieu le 1er juin<\/strong>. Les effets de la pand&eacute;mie, pour 2020, sur la troisi&egrave;me &eacute;conomie de la zone euro, sont synth&eacute;tis&eacute;s par ces pr&eacute;visions du minist&egrave;re du Tr&eacute;sor&nbsp;: <strong>chute du PIB &agrave; -8&nbsp;%<\/strong>, d&eacute;ficit &agrave; 10,4%, dette publique &agrave; 155,7&nbsp;%, contre 134&nbsp;% en 2019.&nbsp;<strong>Le pays a &eacute;t&eacute; confin&eacute;&nbsp;le lundi 9&nbsp;mars.<\/strong>&nbsp;&nbsp;<strong>Le pic de l&#039;&eacute;pid&eacute;mie aurait &eacute;t&eacute; atteint le 5&nbsp;avril.&nbsp;<\/strong>Le directeur g&eacute;n&eacute;ral de la Sant&eacute; en France, J&eacute;r&ocirc;me Salomon avait indiqu&eacute; le 11&nbsp;avril que le pays&nbsp;<em>&quot;entame une lente, tr&egrave;s lente r&eacute;gression de l&#039;&eacute;pid&eacute;mie&quot;.<\/em><\/p>\n<h2><a id=\"espagne-coronavirus-deconfinement\" name=\"espagne-coronavirus-deconfinement\">Espagne : 14 jours d&#039;isolement pour tous les &eacute;trangers<\/a><\/h2>\n<p>L&#039;Espagne a enregistr&eacute; 27 563&nbsp;d&eacute;c&egrave;s li&eacute;s au coronavirus, un chiffre en hausse avait &nbsp;annonc&eacute; jeudi le minist&egrave;re de la Sant&eacute; qui fait &eacute;galement &eacute;tat d&#039;une <strong>progression des infections<\/strong> &agrave; 230 698&nbsp;cas confirm&eacute;s (+515&nbsp;durant ces derni&egrave;res 24 heures). Les <strong>personnes arrivant en Espagne depuis l&#039;&eacute;tranger seront soumises &agrave; une quarantaine de 14&nbsp;jours,<\/strong> &agrave; partir de vendredi 15 mai et pendant toute la dur&eacute;e de l&#039;&eacute;tat d&#039;urgence, selon une d&eacute;cision du gouvernement publi&eacute;e au Journal officiel. Ces personnes plac&eacute;es &agrave; l&#039;isolement ne seront autoris&eacute;es &agrave; sortir que pour acheter des produits de premi&egrave;re n&eacute;cessit&eacute; ou se faire soigner, et ce toujours en portant un masque. Le&nbsp;13&nbsp;avril, les autorit&eacute;s espagnoles ont autoris&eacute; une <strong>reprise partielle du travail m&ecirc;me si le pays reste confin&eacute; jusqu&#039;au 9 mai<\/strong>. Le 26 avril, les Espagnols ont &eacute;t&eacute; autoris&eacute;s &agrave; sortir de chez eux pour se promener une heure&nbsp;avec un adulte pour les enfants et, depuis samedi 2&nbsp;mai, avec l&#039;autorisation pour les plus de 14&nbsp;ans de faire du sport individuellement ou se promener sous conditions strictes.&nbsp;<strong>&Agrave; partir du 4&nbsp;mai,<\/strong> certains petits commerces comme les <strong>coiffeurs <\/strong>peuvent recevoir des clients individuellement et uniquement sur rendez-vous. <strong>Bars et restaurants ont le droit de vendre &agrave; emporter<\/strong>. Les <strong>deux plus grandes villes espagnoles,&nbsp;Madrid&nbsp;et Barcelone, ne passeront pas lundi &agrave; la nouvelle &eacute;tape du&nbsp;d&eacute;confinement&nbsp;<\/strong>contrairement &agrave; d&#039;autres r&eacute;gions o&ugrave; les terrasses pourront rouvrir et les gens se r&eacute;unir avec leurs proches.&nbsp;Dans les Bal&eacute;ares et les Canaries, la plupart des magasins, les mus&eacute;es et les terrasses des bars et restaurants sont autoris&eacute;s &agrave; rouvrir avec des capacit&eacute;s limit&eacute;es, tout comme les h&ocirc;tels sous conditions. Le reste du pays sera d&eacute;confin&eacute; le 11 mai. Cin&eacute;mas et th&eacute;&acirc;tres rouvriront normalement deux semaines plus tard. Les<strong> &eacute;coles seront ferm&eacute;es jusqu&#039;en septembre.<\/strong><\/p>\n<h2><a id=\"coronavirus-chine-deuxieme-vague\" name=\"coronavirus-chine-deuxieme-vague\" target=\"_blank\" rel=\"noopener noreferrer\">Chine : de nouveaux cas &agrave; Wuhan inqui&egrave;tent<\/a><\/h2>\n<p>Apparu en Chine en d&eacute;cembre 2019 sur un march&eacute; locale de Wuhan, le coronavirus y a fait de nombreuses victimes. Sur les 4,59&nbsp;millions&nbsp;de&nbsp;malades recens&eacute;s dans le monde, <strong>84 038&nbsp;sont&nbsp;en Chine et 4 637&nbsp;en sont mortes,<\/strong> selon les chiffres transmis par les autorit&eacute;s mais le bilan serait bien plus lourd comme l&#039;ont d&eacute;nonc&eacute; le pr&eacute;sident des Etats-Unis Donald Trump le 17 avril et le pr&eacute;sident de la France, Emmanuel Macron le 16 avril. Le<strong> 1er mai, la Cit&eacute; interdite de P&eacute;kin a rouvert <\/strong>pour la premi&egrave;re fois depuis trois mois. Au total,&nbsp;70% des sites touristiques r&eacute;ouvrent &agrave; partir du 1er mai. &Agrave; Wuhan, berceau de l&#039;&eacute;pid&eacute;mie, la Tour de la Grue jaune a aussi rouvert ses portes apr&egrave;s une fermeture de&nbsp;98&nbsp;jours. &Agrave; l&#039;entr&eacute;e de tous ces sites :&nbsp;<strong>contr&ocirc;les de temp&eacute;rature, contr&ocirc;le de code de bonne sant&eacute;<\/strong>, un code QR sur le t&eacute;l&eacute;phone portable, et port du masque obligatoire. Malgr&eacute; ces pr&eacute;cautions, de nouveaux cas de Covid-19 sont annonc&eacute;s &agrave; Wuhan la semaine du 11 mai. Le 12 mai, selon les autorit&eacute;s chinoises, 6 nouveaux cas de plus ont &eacute;t&eacute; d&eacute;tect&eacute;s en 48&nbsp;heures dans une m&ecirc;me r&eacute;sidence de cette ville du centre du pays.&nbsp;Les<strong> 11&nbsp;millions d&#039;habitants de la m&eacute;tropole devront se soumettre &agrave;&nbsp;un test durant 10&nbsp;jours pour savoir s&#039;ils sont positifs ou non<\/strong>.&nbsp;<\/p>\n<p><u><strong>Autres actualit&eacute;s li&eacute;es au coronavirus&nbsp;:&nbsp;<\/strong><\/u><\/p>\n<div class=\"ccminsert\">\n<aside class=\"app_widget_fo app_widget_fo--list\">\n<ul>\n<li>\n<h3>\n                    <a href=\"https:\/\/www.journaldesfemmes.fr\/maman\/bebe\/2625411-garde-d-enfant-coronavirus\/\" class=\"jGTMWidgetGAEventClick\" data-GTMWidgetGaEventAction=\"clickWidgetList\" data-GTMWidgetGaEventLabel=\"Garde d&#039;enfant et coronavirus\u00a0: les parents \u00e0 la recherche d&#039;un plan B\"><br \/>\n                        Garde d&#039;enfant et coronavirus\u00a0: les parents \u00e0 la recherche d&#039;un plan B<br \/>\n                    <\/a><br \/>\n                <\/h3>\n<\/li>\n<li>\n<h3>\n                    <a href=\"https:\/\/www.journaldesfemmes.fr\/maman\/enfant\/2619747-rentree-reprise-des-cours\/\" class=\"jGTMWidgetGAEventClick\" data-GTMWidgetGaEventAction=\"clickWidgetList\" data-GTMWidgetGaEventLabel=\"Retour \u00e0 l&#039;\u00e9cole: reprise des cours pour 150\u00a0000\u00a0coll\u00e9giens ce lundi\"><br \/>\n                        Retour \u00e0 l&#039;\u00e9cole: reprise des cours pour 150\u00a0000\u00a0coll\u00e9giens ce lundi<br \/>\n                    <\/a><br \/>\n                <\/h3>\n<\/li>\n<li>\n<h3>\n                    <a href=\"https:\/\/www.journaldesfemmes.fr\/societe\/actu\/2629179-deconfinement-attestation-rassemblement-de-plus-10-personnes-maison-chez-soi-deplacement-justificatif-obligatoire-vacances-d-ete-reservation-week-end\/\" class=\"jGTMWidgetGAEventClick\" data-GTMWidgetGaEventAction=\"clickWidgetList\" data-GTMWidgetGaEventLabel=\"D\u00e9confinement\u00a0: Week-end ensoleill\u00e9, Vacances d&#039;\u00e9t\u00e9, Rassemblement autoris\u00e9s...\"><br \/>\n                        D\u00e9confinement\u00a0: Week-end ensoleill\u00e9, Vacances d&#039;\u00e9t\u00e9, Rassemblement autoris\u00e9s&#8230;<br \/>\n                    <\/a><br \/>\n                <\/h3>\n<\/li>\n<li>\n<h3>\n                    <a href=\"https:\/\/www.journaldesfemmes.fr\/maman\/guide-des-parents\/1444813-bac-francais-oral-2020\/\" class=\"jGTMWidgetGAEventClick\" data-GTMWidgetGaEventAction=\"clickWidgetList\" data-GTMWidgetGaEventLabel=\"Bac fran\u00e7ais\u00a0: Jean-Michel Blanquer pr\u00e9cisera fin mai si l&#039;oral est maintenu\"><br \/>\n                        Bac fran\u00e7ais\u00a0: Jean-Michel Blanquer pr\u00e9cisera fin mai si l&#039;oral est maintenu<br \/>\n                    <\/a><br \/>\n                <\/h3>\n<\/li>\n<li>\n<h3>\n                    <a href=\"https:\/\/www.journaldesfemmes.fr\/maman\/magazine\/2626129-sorties-et-deconfinement-que-peut-on-faire-avec-les-enfants\/\" class=\"jGTMWidgetGAEventClick\" data-GTMWidgetGaEventAction=\"clickWidgetList\" data-GTMWidgetGaEventLabel=\"Sorties et d\u00e9confinement\u00a0: que peut-on faire avec les enfants\u00a0?\"><br \/>\n                        Sorties et d\u00e9confinement\u00a0: que peut-on faire avec les enfants\u00a0?<br \/>\n                    <\/a><br \/>\n                <\/h3>\n<\/li>\n<\/ul>\n<\/aside>\n<\/div>\n<table border=\"1\" cellpadding=\"1\" cellspacing=\"1\" style=\"width:100%\">\n<thead>\n<tr>\n<th scope=\"col\" style=\"text-align: center\"><strong>DATES CL&Eacute;S DE L&#039;&Eacute;PID&Eacute;MIE<\/strong><\/th>\n<\/tr>\n<\/thead>\n<tbody>\n<tr>\n<td>\n<ul>\n<li><strong>Le 31&nbsp;d&eacute;cembre 2019,<\/strong> l&#039;Organisation mondiale de la Sant&eacute; en Chine est inform&eacute;e de plusieurs cas de pneumonies dans la ville de Wuhan. 44&nbsp;personnes sont infect&eacute;es entre cette date et le 3&nbsp;janvier 2020.<\/li>\n<li><strong>Le 7&nbsp;janvier 2020, <\/strong>les autorit&eacute;s chinoises identifient un &quot;nouveau type de coronavirus&quot;.<\/li>\n<li><strong>Le 13&nbsp;janvier, <\/strong>un cas import&eacute; est recens&eacute; en Tha&iuml;lande.<\/li>\n<li><strong>Le 15&nbsp;janvier<\/strong>, le virus cause&nbsp;la mort d&#039;<strong>une premi&egrave;re&nbsp;personne &agrave; Wuhan<\/strong>, un homme de 69&nbsp;ans.&nbsp;<\/li>\n<li><strong>Le 23&nbsp;janvier,<\/strong> trois villes chinoises dont Wuhan sont plac&eacute;es en quarantaine.<\/li>\n<li><strong>Le 25&nbsp;janvier, trois personnes&nbsp;contamin&eacute;es sont recens&eacute;es en France<\/strong>, deux &agrave; Paris et une Bordeaux. Ce sont les premiers cas enregistr&eacute;s sur le continent europ&eacute;en.<\/li>\n<li><strong>Le 30&nbsp;janvier, <\/strong>l&#039;Organisation mondiale de la Sant&eacute; <strong>d&eacute;cr&egrave;te&nbsp;l&#039;<a href=\"https:\/\/sante.journaldesfemmes.fr\/fiches-maladies\/2608035-urgence-de-sante-publique-de-portee-internationale-definition-oms-coronavirus\/\" target=\"_blank\" rel=\"noopener noreferrer\">urgence de sant&eacute; mondiale<\/a><\/strong>.&nbsp;Cette mesure n&#039;avait &eacute;t&eacute; d&eacute;cr&eacute;t&eacute;e que 5&nbsp;fois depuis sa cr&eacute;ation (pour Ebola (deux fois), la grippe H1N1, Zika et la poliomy&eacute;lite).&nbsp;<\/li>\n<li><strong>Le 23 f&eacute;vrier, <\/strong>la France d&eacute;clenche le <a href=\"https:\/\/sante.journaldesfemmes.fr\/fiches-maladies\/2622449-plan-orsan-reb-definition-signification-qui-declenche-coronavirus-definition-duree\/\" target=\"_blank\" rel=\"noopener noreferrer\">plan ORSAN<\/a>, un dispositif exceptionnel d&#039;organisation des soins.<\/li>\n<li><strong>Le 28 f&eacute;vrier,<\/strong> la France passe en stade 2 de l&#039;&eacute;pid&eacute;mie.<\/li>\n<li><strong>Le 11 mars, <\/strong>l&#039;OMS classifie de <strong>pand&eacute;mie <\/strong>la diffusion de la maladie &agrave; coronavirus Covid-19 dans le monde.<\/li>\n<li><strong>Le 12&nbsp;mars<\/strong>, le pr&eacute;sident de la R&eacute;publique Emmanuel Macron annonce la fermeture nationale des cr&egrave;ches et &eacute;tablissements scolaires de France &agrave; compter du 16&nbsp;mars et &quot;jusqu&#039;&agrave; nouvel ordre&quot;.<\/li>\n<li><strong>Le 13 mars<\/strong>, l&#039;OMS d&eacute;signe d&eacute;sormais l&#039;Europe comme &eacute;picentre.<\/li>\n<li><strong>Le 14 mars<\/strong>, la France passe au <a href=\"https:\/\/sante.journaldesfemmes.fr\/fiches-maladies\/2625289-coronavirus-stade-3-combien-de-temps-consequence\/\" target=\"_blank\" rel=\"noopener noreferrer\"><strong>stade 3 <\/strong><\/a>de l&#039;&eacute;pid&eacute;mie.<\/li>\n<li><strong>Le 16 mars, <\/strong>l&#039;Europe <a href=\"https:\/\/www.affinite.fr\/index.php\/2022\/10\/22\/la-creme-glacee-la-nouvelle-culture-commerciale\/\">ferme<\/a> ses fronti&egrave;res ainsi que celles de l&#039;espace Schengen. La France met en place un dispositif de confinement interdisant les d&eacute;placements.<\/li>\n<li><strong>Le&nbsp;18&nbsp;mars<\/strong> le premier transfert de patients Covid-19 en France est r&eacute;alis&eacute;&nbsp;gr&acirc;ce &agrave; l&#039;Arm&eacute;e, par voie terrestre et a&eacute;rienne.&nbsp;<\/li>\n<li><strong>Le 20 mars<\/strong>, plusieurs villes fran&ccedil;aises, dont Nice, Montpellier, Perpignan, Arras&#8230; imposent un <strong>couvre-feu<\/strong> le soir et la nuit.<\/li>\n<li><strong>Le 26 mars<\/strong>, un premier cas jeune meurt en France, une adolescente de 16 ans, en Ile-de-France originaire de Morsang-sur-Orge.<\/li>\n<li><strong>Le 27 mars,<\/strong> le confinement de la population fran&ccedil;aise est renouvel&eacute; jusqu&#039;au 15 avril.<\/li>\n<li><strong>Le 2 avril,<\/strong>&nbsp;le <strong>million de cas<\/strong> de coronavirus dans le monde est d&eacute;pass&eacute;, et plus de 51.000&nbsp;morts, selon le d&eacute;compte de l&#039;h&ocirc;pital am&eacute;ricain de r&eacute;f&eacute;rence Johns-Hopkins.<\/li>\n<li><strong>Le 13 avril,<\/strong> Emmanuel Macron annonce le prolongement du confinement jusqu&#039;au 11 mai.<\/li>\n<li><strong>Le 15 avril,<\/strong> le cap des <strong>2 millions de cas<\/strong>&nbsp;de coronavirus dans le monde est franchi, et pr&egrave;s de 129 000 d&eacute;c&egrave;s, selon les chiffres donn&eacute;es par&nbsp;l&#039;h&ocirc;pital am&eacute;ricain de r&eacute;f&eacute;rence Johns-Hopkins.<\/li>\n<li><strong>Le 27 avril,<\/strong> <strong>3&nbsp;millions de cas<\/strong>&nbsp;de coronavirus sont r&eacute;pertori&eacute;s dans le monde, et plus de 208&nbsp;000&nbsp;d&eacute;c&egrave;s, selon les chiffres donn&eacute;es par&nbsp;l&#039;h&ocirc;pital am&eacute;ricain de r&eacute;f&eacute;rence Johns-Hopkins.<\/li>\n<li><strong>Le 28 avril,<\/strong> le gouvernement fran&ccedil;ais pr&eacute;sente son plan de d&eacute;confinement valable &agrave; partir du 11 mai.<\/li>\n<li><strong>Le 11 mai, <\/strong>la France commence son d&eacute;confinement.<\/li>\n<\/ul>\n<\/td>\n<\/tr>\n<\/tbody>\n<\/table>\n<p><em>Cet article est mis &agrave; jour quotidiennement par <a href=\"https:\/\/www.journaldesfemmes.fr\/account\/ablaize-11409696\" target=\"_blank\" rel=\"noopener noreferrer\">Aur&eacute;lie Blaize<\/a>, <a href=\"https:\/\/www.journaldesfemmes.fr\/account\/anaisthiebaux-10573564\" target=\"_blank\" rel=\"noopener noreferrer\">Ana&iuml;s Thi&eacute;baux<\/a> et <a href=\"https:\/\/www.journaldesfemmes.fr\/account\/samanthapages-11598093\" target=\"_blank\" rel=\"noopener noreferrer\">Samantha Pag&egrave;s<\/a>.&nbsp;<\/em><\/p>\n<\/section>\n<p><script async src=\"https:\/\/platform.twitter.com\/widgets.js\" charset=\"utf-8\"><\/script><br \/>\n<br \/>[ad_2]<br \/>\n<br \/><a href=\"https:\/\/sante.journaldesfemmes.fr\/maladies\/2605417-coronavirus-france-cluster-olivier-veran-fete-de-la-musique-kawasaki-symptome-test-depistage-didier-raoult-confinement-epidemie-covid-monde-infos-direct\/\">Source link <\/a><\/p>\n","protected":false},"excerpt":{"rendered":"<p>[ad_1] &nbsp;Sommaire Coronavirus en France &bull;&nbsp;Nombre de cas et courbe d&#039;&eacute;volution &bull;&nbsp;Carte de l&#039;&eacute;pid&eacute;mie en temps r&eacute;el &bull;&nbsp;H&ocirc;pital : carte, &hellip; <a href=\"https:\/\/www.affinite.fr\/index.php\/2020\/05\/17\/coronavirus-ou-se-trouvent-les-25-nouveaux-clusters-en-france\/\" class=\"more-link\">Plus <span class=\"screen-reader-text\">Coronavirus\u00a0: o\u00f9 se trouvent les 25\u00a0nouveaux clusters en France\u00a0?<\/span> <span class=\"meta-nav\">&rarr;<\/span><\/a><\/p>\n","protected":false},"author":1,"featured_media":2976,"comment_status":"open","ping_status":"open","sticky":false,"template":"","format":"standard","meta":{"_sitemap_exclude":false,"_sitemap_priority":"","_sitemap_frequency":"","footnotes":""},"categories":[1],"tags":[],"class_list":["post-2975","post","type-post","status-publish","format-standard","has-post-thumbnail","hentry","category-tous"],"_links":{"self":[{"href":"https:\/\/www.affinite.fr\/index.php\/wp-json\/wp\/v2\/posts\/2975"}],"collection":[{"href":"https:\/\/www.affinite.fr\/index.php\/wp-json\/wp\/v2\/posts"}],"about":[{"href":"https:\/\/www.affinite.fr\/index.php\/wp-json\/wp\/v2\/types\/post"}],"author":[{"embeddable":true,"href":"https:\/\/www.affinite.fr\/index.php\/wp-json\/wp\/v2\/users\/1"}],"replies":[{"embeddable":true,"href":"https:\/\/www.affinite.fr\/index.php\/wp-json\/wp\/v2\/comments?post=2975"}],"version-history":[{"count":0,"href":"https:\/\/www.affinite.fr\/index.php\/wp-json\/wp\/v2\/posts\/2975\/revisions"}],"wp:featuredmedia":[{"embeddable":true,"href":"https:\/\/www.affinite.fr\/index.php\/wp-json\/wp\/v2\/media\/2976"}],"wp:attachment":[{"href":"https:\/\/www.affinite.fr\/index.php\/wp-json\/wp\/v2\/media?parent=2975"}],"wp:term":[{"taxonomy":"category","embeddable":true,"href":"https:\/\/www.affinite.fr\/index.php\/wp-json\/wp\/v2\/categories?post=2975"},{"taxonomy":"post_tag","embeddable":true,"href":"https:\/\/www.affinite.fr\/index.php\/wp-json\/wp\/v2\/tags?post=2975"}],"curies":[{"name":"wp","href":"https:\/\/api.w.org\/{rel}","templated":true}]}}