{"id":296,"date":"2020-03-05T21:21:15","date_gmt":"2020-03-05T21:21:15","guid":{"rendered":"https:\/\/www.affinite.fr\/index.php\/2020\/03\/05\/le-gouvernement-va-plancher-sur-le-statut-des-travailleurs-independants-des-plates-formes-numeriques\/"},"modified":"2020-03-05T21:21:15","modified_gmt":"2020-03-05T21:21:15","slug":"le-gouvernement-va-plancher-sur-le-statut-des-travailleurs-independants-des-plates-formes-numeriques","status":"publish","type":"post","link":"https:\/\/www.affinite.fr\/index.php\/2020\/03\/05\/le-gouvernement-va-plancher-sur-le-statut-des-travailleurs-independants-des-plates-formes-numeriques\/","title":{"rendered":"Le gouvernement va plancher sur le statut des travailleurs ind\u00e9pendants des plates-formes num\u00e9riques"},"content":{"rendered":"<p> [ad_1]<br \/>\n<br \/><img decoding=\"async\" src=\"https:\/\/img.bfmtv.com\/i\/0\/0\/e3f\/3e5ed20b00a8c61cc302deda32eba.jpeg\" \/><\/p>\n<div itemprop=\"articleBody\">\n<p>Le gouvernement r\u00e9agit au <a href=\"https:\/\/www.01net.com\/actualites\/la-france-considere-que-les-chauffeurs-uber-sont-des-salaries-1869076.html\" target=\"_blank\" rel=\"noopener noreferrer\">jugement de la Cour de cassation prononc\u00e9 hier sur un chauffeur Uber<\/a>. La ministre du Travail Muriel P\u00e9nicaud a annonc\u00e9 jeudi matin, au micro d\u2019Europe 1, le lancement d&rsquo;une mission sur le statut des travailleurs des plates-formes num\u00e9riques de services et des <em>\u00ab\u00a0propositions d&rsquo;ici l&rsquo;\u00e9t\u00e9\u00a0\u00bb<\/em>.\u00a0\u00a0<\/p>\n<p>La plus haute juridiction de l&rsquo;ordre judiciaire a valid\u00e9 mercredi la requalification en contrat de travail du lien entre Uber et un de ses anciens chauffeurs, une premi\u00e8re en France contre le num\u00e9ro un des plates-formes de voitures avec chauffeurs (VTC). La Cour a estim\u00e9 que le lien de subordination entre le chauffeur et la plate-forme am\u00e9ricaine \u00e9tait caract\u00e9ris\u00e9 lors de la connexion et que le statut d&rsquo;ind\u00e9pendant du conducteur \u00e9tait donc <em>\u00ab\u00a0fictif\u00a0\u00bb<\/em>.<\/p>\n<aside class=\"bg-color-0 padding-inside-all-s bloc border-s\">\n<h4 class=\"box-txt-normal\">\n<p><strong>A d\u00e9couvrir aussi en vid\u00e9o<\/strong><\/p>\n<\/h4>\n<\/aside>\n<h3 style=\"color:#333; font-family:arial,helvetica,sans-serif; font-size:23px; font-weight:700\">Une zone de flou<\/h3>\n<p><em>\u00ab\u00a0La Cour de cassation juge en droit\u00a0\u00bb<\/em>, a r\u00e9agi Muriel P\u00e9nicaud jeudi \u00e0 l&rsquo;antenne d&rsquo;Europe 1. <em>\u00ab\u00a0Ce qu&rsquo;elle dit c&rsquo;est qu&rsquo;aujourd&rsquo;hui, dans le droit du travail, soit on est un salari\u00e9, soit on est un travailleur ind\u00e9pendant\u00a0\u00bb<\/em>. Or, <em>\u00ab\u00a0on a une zone de flou parce que la grande majorit\u00e9 des travailleurs des plateformes veulent \u00eatre ind\u00e9pendants, veulent la libert\u00e9 mais veulent \u00e0 juste titre aussi avoir des protections\u00a0\u00bb<\/em>, a affirm\u00e9 Mme P\u00e9nicaud. <em>\u00ab\u00a0Il faut inventer des r\u00e8gles qui permettent la libert\u00e9 et la protection (&#8230;), tout en donnant un cadre qui est clair pour les plates-formes\u00a0\u00bb<\/em>, a-t-elle estim\u00e9. <em>\u00ab\u00a0On en a d\u00e9j\u00e0 discut\u00e9 avec les organisations syndicales, avec les plateformes. Il faut trouver un cadre qui permette aux travailleurs d&rsquo;\u00eatre prot\u00e9g\u00e9s, qu&rsquo;ils veuillent ou non \u00eatre salari\u00e9s\u00a0\u00bb<\/em>, a-t-elle poursuivi.\u00a0<em>\u00ab\u00a0En attendant\u00a0\u00bb<\/em>, la d\u00e9cision de la Cour de cassation <em>\u00ab\u00a0fait jurisprudence\u00a0\u00bb<\/em>, a indiqu\u00e9 la ministre.<\/p>\n<p>La loi d&rsquo;orientation des mobilit\u00e9s (Lom), adopt\u00e9e fin 2019, a mis en place un socle d&rsquo;obligations (droit \u00e0 la d\u00e9connexion et transparence du prix des courses) pour les plateformes. Mais le Conseil constitutionnel a partiellement censur\u00e9 un article qui emp\u00eachait un juge de requalifier en contrat de travail l&rsquo;engagement des travailleurs ind\u00e9pendants. Matignon a d\u00e9j\u00e0 charg\u00e9 mi-janvier Jean-Yves Frouin, ancien pr\u00e9sident de la chambre sociale de la Cour de cassation, d&rsquo;une mission destin\u00e9e \u00e0 r\u00e9fl\u00e9chir \u00e0 une meilleure repr\u00e9sentation des travailleurs des plates-formes. La mission \u00e9voqu\u00e9e par Mme P\u00e9nicaud sera <em>\u00ab\u00a0\u00e0 la fois compl\u00e9mentaire et diff\u00e9rente\u00a0\u00bb<\/em>, et lanc\u00e9e <em>\u00ab\u00a0tr\u00e8s prochainement\u00a0<\/em>\u00bb, selon l&rsquo;entourage de la ministre.<\/p>\n<\/p><\/div>\n<p><script>\n         !function(f,b,e,v,n,t,s){if(f.fbq)return;n=f.fbq=function()\n         {n.callMethod? n.callMethod.apply(n,arguments):n.queue.push(arguments)}\n         ;if(!f._fbq)f._fbq=n;\n             n.push=n;n.loaded=!0;n.version='2.0';n.queue=[];t=b.createElement(e);t.async=!0;\n             t.src=v;s=b.getElementsByTagName(e)[0];s.parentNode.insertBefore(t,s)}(window,\n                 document,'script','https:\/\/connect.facebook.net\/en_US\/fbevents.js');\n         fbq('init', '1065890633454496');\n         fbq('track', 'PageView');\n     <\/script><br \/>\n<br \/>[ad_2]<br \/>\n<br \/><a href=\"https:\/\/www.01net.com\/actualites\/le-gouvernement-va-plancher-sur-le-statut-des-travailleurs-independants-des-plates-formes-numeriques-1869964.html\">Source link <\/a><\/p>\n","protected":false},"excerpt":{"rendered":"<p>[ad_1] Le gouvernement r\u00e9agit au jugement de la Cour de cassation prononc\u00e9 hier sur un chauffeur Uber. La ministre du &hellip; <a href=\"https:\/\/www.affinite.fr\/index.php\/2020\/03\/05\/le-gouvernement-va-plancher-sur-le-statut-des-travailleurs-independants-des-plates-formes-numeriques\/\" class=\"more-link\">Plus <span class=\"screen-reader-text\">Le gouvernement va plancher sur le statut des travailleurs ind\u00e9pendants des plates-formes num\u00e9riques<\/span> <span class=\"meta-nav\">&rarr;<\/span><\/a><\/p>\n","protected":false},"author":1,"featured_media":297,"comment_status":"open","ping_status":"open","sticky":false,"template":"","format":"standard","meta":{"_sitemap_exclude":false,"_sitemap_priority":"","_sitemap_frequency":"","footnotes":""},"categories":[1],"tags":[],"class_list":["post-296","post","type-post","status-publish","format-standard","has-post-thumbnail","hentry","category-tous"],"_links":{"self":[{"href":"https:\/\/www.affinite.fr\/index.php\/wp-json\/wp\/v2\/posts\/296"}],"collection":[{"href":"https:\/\/www.affinite.fr\/index.php\/wp-json\/wp\/v2\/posts"}],"about":[{"href":"https:\/\/www.affinite.fr\/index.php\/wp-json\/wp\/v2\/types\/post"}],"author":[{"embeddable":true,"href":"https:\/\/www.affinite.fr\/index.php\/wp-json\/wp\/v2\/users\/1"}],"replies":[{"embeddable":true,"href":"https:\/\/www.affinite.fr\/index.php\/wp-json\/wp\/v2\/comments?post=296"}],"version-history":[{"count":0,"href":"https:\/\/www.affinite.fr\/index.php\/wp-json\/wp\/v2\/posts\/296\/revisions"}],"wp:featuredmedia":[{"embeddable":true,"href":"https:\/\/www.affinite.fr\/index.php\/wp-json\/wp\/v2\/media\/297"}],"wp:attachment":[{"href":"https:\/\/www.affinite.fr\/index.php\/wp-json\/wp\/v2\/media?parent=296"}],"wp:term":[{"taxonomy":"category","embeddable":true,"href":"https:\/\/www.affinite.fr\/index.php\/wp-json\/wp\/v2\/categories?post=296"},{"taxonomy":"post_tag","embeddable":true,"href":"https:\/\/www.affinite.fr\/index.php\/wp-json\/wp\/v2\/tags?post=296"}],"curies":[{"name":"wp","href":"https:\/\/api.w.org\/{rel}","templated":true}]}}