{"id":2955,"date":"2020-05-15T22:54:34","date_gmt":"2020-05-15T22:54:34","guid":{"rendered":"https:\/\/www.affinite.fr\/index.php\/2020\/05\/15\/un-velo-electrique-pour-la-ville-a-599-euros\/"},"modified":"2020-05-15T22:54:34","modified_gmt":"2020-05-15T22:54:34","slug":"un-velo-electrique-pour-la-ville-a-599-euros","status":"publish","type":"post","link":"https:\/\/www.affinite.fr\/index.php\/2020\/05\/15\/un-velo-electrique-pour-la-ville-a-599-euros\/","title":{"rendered":"un v\u00e9lo \u00e9lectrique pour la ville \u00e0 599 euros"},"content":{"rendered":"<p> [ad_1]<br \/>\n<br \/><img decoding=\"async\" src=\"https:\/\/img.bfmtv.com\/i\/0\/0\/7bd\/578d6b0af8e083d14d16d118f9190.jpg\" \/><\/p>\n<div itemprop=\"articleBody\">\n<p>Si vous recherchez un v\u00e9lo \u00e0 assistance \u00e9lectrique et que votre budget est limit\u00e9, Boulanger fait une remise de 100 euros sur un mod\u00e8le d&rsquo;entr\u00e9e de gamme. Le v\u00e9lo\u00a0Essentielb\u00a0URBAN 400 est vendu <a href=\"http:\/\/track.effiliation.com\/servlet\/effi.redir?id_compteur=15187135&amp;effi_id=articleconso&amp;url=https%3A%2F%2Fwww.boulanger.com%2Fc%2Ftous-les-velos\" target=\"_blank\" rel=\"noopener noreferrer\">599 euros au lieu de 699 euros.<\/a><\/p>\n<p>Destin\u00e9 aux adultes, ce v\u00e9lo de ville poss\u00e8de un cadre en acier, des roues de 26 pouces et un moteur de 250 W situ\u00e9 dans la roue arri\u00e8re. Il offre une vitesse jusqu&rsquo;\u00e0 25 km\/h et une autonomie maximale de 45 km. Il faut 4 heures pour recharger compl\u00e8tement sa batterie. Le v\u00e9lo p\u00e8se 23,8 kg.<\/p>\n<p><a href=\"http:\/\/track.effiliation.com\/servlet\/effi.redir?id_compteur=15187135&amp;effi_id=articleconso&amp;url=https%3A%2F%2Fwww.boulanger.com%2Fc%2Ftous-les-velos\" target=\"_blank\" rel=\"noopener noreferrer\">Retrouvez ici cette offre de Boulanger.<\/a><\/p>\n<aside class=\"bg-color-0 padding-inside-all-s bloc border-s\">\n<h4 class=\"box-txt-normal\">\n<p><strong>A d\u00e9couvrir aussi en vid\u00e9o :<\/strong><\/p>\n<\/h4>\n<\/aside>\n<p>Les promotions mentionn\u00e9es dans cet article peuvent \u00eatre \u00e9ph\u00e9m\u00e8res et ne plus \u00eatre valables apr\u00e8s la date de parution de l\u2019article.<\/p>\n<p><a href=\"https:\/\/www.01net.com\/bons-plans\/\">Retrouvez tous les bons plans high-tech s\u00e9lectionn\u00e9s par 01net.com sur notre page d\u00e9di\u00e9e.<\/a><\/p>\n<p><em>Cet article est une s\u00e9lection r\u00e9alis\u00e9e par l\u2019\u00e9quipe de 01net.com, en toute ind\u00e9pendance. Il est toutefois possible que ce contenu propose un lien d\u2019affiliation. Si vous cliquez sur ce lien, l\u2019e-commer\u00e7ant peut nous reverser une commission. Pour vous, rien ne change !<\/em><\/p>\n<\/p><\/div>\n<p><script>\n         !function(f,b,e,v,n,t,s){if(f.fbq)return;n=f.fbq=function()\n         {n.callMethod? n.callMethod.apply(n,arguments):n.queue.push(arguments)}\n         ;if(!f._fbq)f._fbq=n;\n             n.push=n;n.loaded=!0;n.version='2.0';n.queue=[];t=b.createElement(e);t.async=!0;\n             t.src=v;s=b.getElementsByTagName(e)[0];s.parentNode.insertBefore(t,s)}(window,\n                 document,'script','https:\/\/connect.facebook.net\/en_US\/fbevents.js');\n         fbq('init', '1065890633454496');\n         fbq('track', 'PageView');\n     <\/script><br \/>\n<br \/>[ad_2]<br \/>\n<br \/><a href=\"https:\/\/www.01net.com\/actualites\/bon-plan-boulanger-un-velo-electrique-pour-la-ville-a-599-euros-1913825.html\">Source link <\/a><\/p>\n","protected":false},"excerpt":{"rendered":"<p>[ad_1] Si vous recherchez un v\u00e9lo \u00e0 assistance \u00e9lectrique et que votre budget est limit\u00e9, Boulanger fait une remise de &hellip; <a href=\"https:\/\/www.affinite.fr\/index.php\/2020\/05\/15\/un-velo-electrique-pour-la-ville-a-599-euros\/\" class=\"more-link\">Plus <span class=\"screen-reader-text\">un v\u00e9lo \u00e9lectrique pour la ville \u00e0 599 euros<\/span> <span class=\"meta-nav\">&rarr;<\/span><\/a><\/p>\n","protected":false},"author":1,"featured_media":2956,"comment_status":"open","ping_status":"open","sticky":false,"template":"","format":"standard","meta":{"_sitemap_exclude":false,"_sitemap_priority":"","_sitemap_frequency":"","footnotes":""},"categories":[1],"tags":[],"class_list":["post-2955","post","type-post","status-publish","format-standard","has-post-thumbnail","hentry","category-tous"],"_links":{"self":[{"href":"https:\/\/www.affinite.fr\/index.php\/wp-json\/wp\/v2\/posts\/2955"}],"collection":[{"href":"https:\/\/www.affinite.fr\/index.php\/wp-json\/wp\/v2\/posts"}],"about":[{"href":"https:\/\/www.affinite.fr\/index.php\/wp-json\/wp\/v2\/types\/post"}],"author":[{"embeddable":true,"href":"https:\/\/www.affinite.fr\/index.php\/wp-json\/wp\/v2\/users\/1"}],"replies":[{"embeddable":true,"href":"https:\/\/www.affinite.fr\/index.php\/wp-json\/wp\/v2\/comments?post=2955"}],"version-history":[{"count":0,"href":"https:\/\/www.affinite.fr\/index.php\/wp-json\/wp\/v2\/posts\/2955\/revisions"}],"wp:featuredmedia":[{"embeddable":true,"href":"https:\/\/www.affinite.fr\/index.php\/wp-json\/wp\/v2\/media\/2956"}],"wp:attachment":[{"href":"https:\/\/www.affinite.fr\/index.php\/wp-json\/wp\/v2\/media?parent=2955"}],"wp:term":[{"taxonomy":"category","embeddable":true,"href":"https:\/\/www.affinite.fr\/index.php\/wp-json\/wp\/v2\/categories?post=2955"},{"taxonomy":"post_tag","embeddable":true,"href":"https:\/\/www.affinite.fr\/index.php\/wp-json\/wp\/v2\/tags?post=2955"}],"curies":[{"name":"wp","href":"https:\/\/api.w.org\/{rel}","templated":true}]}}