{"id":2941,"date":"2020-05-15T16:31:14","date_gmt":"2020-05-15T16:31:14","guid":{"rendered":"https:\/\/www.affinite.fr\/index.php\/2020\/05\/15\/decathlon-va-lancer-d-rent-son-service-de-location-de-velo-sans-engagement\/"},"modified":"2020-05-15T16:31:14","modified_gmt":"2020-05-15T16:31:14","slug":"decathlon-va-lancer-d-rent-son-service-de-location-de-velo-sans-engagement","status":"publish","type":"post","link":"https:\/\/www.affinite.fr\/index.php\/2020\/05\/15\/decathlon-va-lancer-d-rent-son-service-de-location-de-velo-sans-engagement\/","title":{"rendered":"D\u00e9cathlon va lancer D Rent, son service de location de v\u00e9lo sans engagement"},"content":{"rendered":"<p> [ad_1]<br \/>\n<br \/><img decoding=\"async\" src=\"https:\/\/img.bfmtv.com\/i\/0\/0\/4fd\/8409a8e7d8a449354fe4fba118c11.jpeg\" \/><\/p>\n<div itemprop=\"articleBody\">\n<p>Il sera bient\u00f4t possible de louer son v\u00e9lo dans les magasins <a href=\"https:\/\/www.01net.com\/actualites\/comment-decathlon-pourrait-sauver-des-malades-du-coronavirus-grace-au-plan-de-son-masque-de-plongee-1881292.html\" target=\"_blank\" rel=\"noopener noreferrer\">Decathlon<\/a>, de le faire r\u00e9parer et m\u00eame de le changer. En effet, la grande enseigne sportive devrait officialiser dans\u00a0quelques jours son service D Rent (pour Decathlon Rent), dans deux villes test : Paris et Lyon. Le service est sans engagement, les utilisateurs pourront donc l\u2019arr\u00eater \u00e0 tout moment, sans frais suppl\u00e9mentaires. Pour y souscrire, il faudra bien \u00e9videmment cr\u00e9er un compte sur un site d\u00e9di\u00e9, choisir son mod\u00e8le de cycle\u00a0et, ensuite, retirer le v\u00e9lo dans un magasin pr\u00e8s de chez soi.<\/p>\n<h3 style=\"color:#333; font-family:arial,helvetica,sans-serif; font-size:23px; font-weight:700\">Decathlon se charge de l\u2019entretien et des r\u00e9parations\u00a0<\/h3>\n<p>L\u00e0 o\u00f9 D Rent se voudra particuli\u00e8rement convaincant, c\u2019est sur l\u2019accompagnement de l\u2019utilisateur. En effet, le but du service est d\u2019\u00e9pargner \u00e0 ce dernier la partie entretien et r\u00e9paration parfois fastidieuse. En cons\u00e9quence, l\u2019offre pr\u00e9voit que le v\u00e9lo soit non seulement garanti contre le vol, mais aussi entretenu r\u00e9guli\u00e8rement par l\u2019atelier cycle\u00a0du Decathlon le plus proche\u00a0et remplac\u00e9 en cas de p\u00e9pin technique majeur. Quant \u00e0 la panne, l\u2019entreprise fran\u00e7aise pr\u00e9voirait de s\u2019associer avec un prestataire pour proposer un d\u00e9pannage express dans un zone g\u00e9ographique limit\u00e9e.<\/p>\n<aside class=\"bg-color-0 padding-inside-all-s bloc border-s\">\n<h4 class=\"box-txt-normal\">\n<p><strong>\u00c0 d\u00e9couvrir aussi en vid\u00e9o :<\/strong><\/p>\n<\/h4>\n<\/aside>\n<p>Pour le reste et notamment des informations aussi utiles que la grille tarifaire du service ou encore les mod\u00e8les concern\u00e9s (l\u2019offre comprendra-t-elle des v\u00e9los \u00e9lectriques ?), il faudra sans doute patienter jusqu\u2019\u00e0 l\u2019officialisation du service la semaine prochaine.<\/p>\n<\/p><\/div>\n<p><script>\n         !function(f,b,e,v,n,t,s){if(f.fbq)return;n=f.fbq=function()\n         {n.callMethod? n.callMethod.apply(n,arguments):n.queue.push(arguments)}\n         ;if(!f._fbq)f._fbq=n;\n             n.push=n;n.loaded=!0;n.version='2.0';n.queue=[];t=b.createElement(e);t.async=!0;\n             t.src=v;s=b.getElementsByTagName(e)[0];s.parentNode.insertBefore(t,s)}(window,\n                 document,'script','https:\/\/connect.facebook.net\/en_US\/fbevents.js');\n         fbq('init', '1065890633454496');\n         fbq('track', 'PageView');\n     <\/script><br \/>\n<br \/>[ad_2]<br \/>\n<br \/><a href=\"https:\/\/www.01net.com\/actualites\/exclusif-decathlon-va-lancer-d-rent-son-service-de-location-de-velo-sans-engagement-1914673.html\">Source link <\/a><\/p>\n","protected":false},"excerpt":{"rendered":"<p>[ad_1] Il sera bient\u00f4t possible de louer son v\u00e9lo dans les magasins Decathlon, de le faire r\u00e9parer et m\u00eame de &hellip; <a href=\"https:\/\/www.affinite.fr\/index.php\/2020\/05\/15\/decathlon-va-lancer-d-rent-son-service-de-location-de-velo-sans-engagement\/\" class=\"more-link\">Plus <span class=\"screen-reader-text\">D\u00e9cathlon va lancer D Rent, son service de location de v\u00e9lo sans engagement<\/span> <span class=\"meta-nav\">&rarr;<\/span><\/a><\/p>\n","protected":false},"author":1,"featured_media":2942,"comment_status":"open","ping_status":"open","sticky":false,"template":"","format":"standard","meta":{"_sitemap_exclude":false,"_sitemap_priority":"","_sitemap_frequency":"","footnotes":""},"categories":[1],"tags":[],"class_list":["post-2941","post","type-post","status-publish","format-standard","has-post-thumbnail","hentry","category-tous"],"_links":{"self":[{"href":"https:\/\/www.affinite.fr\/index.php\/wp-json\/wp\/v2\/posts\/2941"}],"collection":[{"href":"https:\/\/www.affinite.fr\/index.php\/wp-json\/wp\/v2\/posts"}],"about":[{"href":"https:\/\/www.affinite.fr\/index.php\/wp-json\/wp\/v2\/types\/post"}],"author":[{"embeddable":true,"href":"https:\/\/www.affinite.fr\/index.php\/wp-json\/wp\/v2\/users\/1"}],"replies":[{"embeddable":true,"href":"https:\/\/www.affinite.fr\/index.php\/wp-json\/wp\/v2\/comments?post=2941"}],"version-history":[{"count":0,"href":"https:\/\/www.affinite.fr\/index.php\/wp-json\/wp\/v2\/posts\/2941\/revisions"}],"wp:featuredmedia":[{"embeddable":true,"href":"https:\/\/www.affinite.fr\/index.php\/wp-json\/wp\/v2\/media\/2942"}],"wp:attachment":[{"href":"https:\/\/www.affinite.fr\/index.php\/wp-json\/wp\/v2\/media?parent=2941"}],"wp:term":[{"taxonomy":"category","embeddable":true,"href":"https:\/\/www.affinite.fr\/index.php\/wp-json\/wp\/v2\/categories?post=2941"},{"taxonomy":"post_tag","embeddable":true,"href":"https:\/\/www.affinite.fr\/index.php\/wp-json\/wp\/v2\/tags?post=2941"}],"curies":[{"name":"wp","href":"https:\/\/api.w.org\/{rel}","templated":true}]}}