{"id":2885,"date":"2020-05-14T13:48:20","date_gmt":"2020-05-14T13:48:20","guid":{"rendered":"https:\/\/www.affinite.fr\/index.php\/2020\/05\/14\/tissu-chirurgical-afnor-ou-sen-procurer\/"},"modified":"2020-05-14T13:48:20","modified_gmt":"2020-05-14T13:48:20","slug":"tissu-chirurgical-afnor-ou-sen-procurer","status":"publish","type":"post","link":"https:\/\/www.affinite.fr\/index.php\/2020\/05\/14\/tissu-chirurgical-afnor-ou-sen-procurer\/","title":{"rendered":"tissu, chirurgical, Afnor&#8230; O\u00f9 s&rsquo;en procurer\u00a0?"},"content":{"rendered":"<p> [ad_1]<br \/>\n<\/p>\n<p>\n                MASQUE DE PROTECTION &#8211; Pour limiter la transmission du coronavirus, le port du masque est recommand\u00e9 \u00e0 tous en France et obligatoire dans les transports et certains magasins. Pharmacies, Intermarch\u00e9, Internet&#8230; O\u00f9 trouver un masque chirurgical jetable, en tissu lavable ou aux normes AFNOR\u00a0et \u00e0 quel prix\u00a0?            <\/p>\n<div>\n<aside class=\"ccmsummary marqueur_module ccmcss_cms_summary ccmcss_cms_summary--right\">\n<p>Sommaire<\/p>\n<\/aside>\n<p><strong>[Mis \u00e0 jour le jeudi 14 mai \u00e0 15h35]<\/strong>\u00a0Chirurgical bleu ou blanc, en tissu, \u00e0 \u00ab\u00a0bec de canard\u00a0\u00bb, 3\u00a0plis, aux normes AFNOR, lavable, jetable&#8230; Mettre un masque de protection permet de limiter la propagation de\u00a0l&rsquo;<a href=\"https:\/\/sante.journaldesfemmes.fr\/maladies\/2605417-coronavirus-france-bilan-cas-vacance-ete-edouard-philippe-date-reouverture-restaurant-epidemie-chiffre-direct\/\" target=\"_blank\" rel=\"noopener noreferrer\"><strong>\u00e9pid\u00e9mie de Covid-19<\/strong><\/a>. Il est d\u00e9sormais recommand\u00e9 pour le grand public et obligatoire dans certains lieux publics et pour certaines professions depuis le 11 mai. A quoi \u00e7a sert ? O\u00f9 s&rsquo;en procurer ? Comment le faire soi-m\u00eame ? Le nettoyer ou le mettre ? Nos conseils.<\/p>\n<p>Le\u00a0<strong>masque\u00a0<\/strong>sert \u00e0 \u00e9viter de contracter un virus, comme celui de <a href=\"https:\/\/sante.journaldesfemmes.fr\/fiches-maladies\/1551976-grippe-2020-symptome-incubation-contagion-epidemie-traitement\/\" target=\"_blank\" rel=\"noopener noreferrer\">la grippe<\/a>, du Covid-19\u00a0ou de toute autre maladie virale. Mais aussi \u00e0 prot\u00e9ger les autres si on est soi-m\u00eame malade.\u00a0Ainsi,\u00a0une personne\u00a0qui pr\u00e9sente des sympt\u00f4mes d&rsquo;infection respiratoire ou suspect\u00e9e d&rsquo;\u00eatre malade peut porter un masque chirurgical pour <strong>prot\u00e9ger les autres de ses sympt\u00f4mes<\/strong> (\u00e0 la maison, dans les lieux publics&#8230;).\u00a0Le masque peut \u00e9galement servir dans un contexte de <strong>pr\u00e9vention de l&rsquo;exposition au virus<\/strong>. Il a un <strong>\u00ab\u00a0effet barri\u00e8re\u00a0\u00bb <\/strong>qui va emp\u00eacher le passage des particules bact\u00e9riennes et virales.\u00a0\u00ab\u00a0<em>Le <strong>mode de transmission du coronavirus<\/strong> est sensiblement le m\u00eame que celui de la grippe, c&rsquo;est-\u00e0-dire qu&rsquo;il se transmet\u00a0d&rsquo;homme \u00e0 homme lors de\u00a0<strong>contacts rapproch\u00e9s<\/strong>\u00a0(se toucher ou se serrer la main par exemple) et par<strong>\u00a0voie a\u00e9rienne<\/strong>\u00a0en\u00a0<strong>toussant <\/strong><strong>\u00a0<\/strong>ou en\u00a0<strong>\u00e9ternuant <\/strong>(gouttelettes de salive, postillons)<\/em>\u00a0\u00bb\u00a0pr\u00e9cise Pierre Parneix, m\u00e9decin hygi\u00e9niste\u00a0et praticien hospitalier en Sant\u00e9 publique au CHU de Bordeaux et responsable du Centre d&rsquo;appui \u00e0 la pr\u00e9vention des infections associ\u00e9es au soins (CPIAS) de Nouvelle Aquitaine.. Malheureusement, le port du masque n&rsquo;est\u00a0pas une pratique culturelle en France \u00e0 l&rsquo;inverse d&rsquo;autres pays comme en Asie. \u00ab\u00a0<em>Au lieu de remercier les gens qui portent des masques car elles nous prot\u00e8gent de leurs virus, on a plut\u00f4t tendance \u00e0 les juger comme \u00ab\u00a0dangereuses\u00a0\u00bb. C&rsquo;est un regard qu&rsquo;il faut vraiment changer\u00a0!\u00a0<strong>Porter un masque est pourtant un tr\u00e8s bon r\u00e9flexe<\/strong><\/em>\u00ab\u00a0, poursuit notre interlocuteur.\u00a0<\/p>\n<h3>\u2192 <a name=\"masque-obligatoire-magasin\">Dans les magasins\u00a0<\/a><\/h3>\n<p>Dans les commerces,\u00a0le port du masque est recommand\u00e9 pour le personnel comme pour les clients lorsque la distanciation physique n&rsquo;est pas possible. Un magasin peut s&rsquo;il le juge utile, imposer le port du masque \u00e0 ses clients.\u00a0Le port du masque est notamment obligatoire dans les salons de coiffure, indique Franck Provost, coiffeur et pr\u00e9sident du\u00a0Conseil national des entreprises de coiffure (CNEC)\u00a0sur RTL, au risque de voir son rendez-vous \u00eatre annul\u00e9.\u00a0<\/p>\n<h3>\u2192 <a name=\"masque-obligatoire-transport\">Dans les transports<\/a><\/h3>\n<p>Depuis le 11\u00a0mai, d\u00e9but du d\u00e9confinement,\u00a0le port du masque est obligatoire dans les transports en commun publics, pour tous les <strong>usagers de 11 ans et plus<\/strong>, ainsi que pour le personnel dans les gares et dans les transports (train, bus, tramways, m\u00e9tro, RER&#8230;), mais aussi dans les avions de la compagnie Air France.\u00a0Son non-port dans les transports ou dans les gares entra\u00eene <strong>une amende de 135 euros<\/strong>.\u00a0Des masques chirurgicaux sont distribu\u00e9s \u00e0 tous les voyageurs en entr\u00e9e de gare pendant les trois premi\u00e8res semaines du d\u00e9confinement, soit du 11\u00a0au 31\u00a0mai. Ensuite, des masques chirurgicaux sont disponibles \u00e0 la vente dans tous les points de vente du r\u00e9seau RATP ainsi que dans des distributeurs automatiques, au prix de 95\u00a0centimes d&rsquo;euro, un tarif fix\u00e9 par Bercy.Pour les usagers du m\u00e9tro, des masques en tissu sont disponibles aux guichets et distribu\u00e9s aux d\u00e9tenteurs des pass Navigo (abonnement pour le m\u00e9tro francilien), a annonc\u00e9 Val\u00e9rie P\u00e9cresse, la Pr\u00e9sidente de la r\u00e9gion Ile-de-France dans un article du JDD le 3\u00a0mai. A noter que tous les\u00a0les chauffeurs de bus, de taxis et de VTC lorsque le v\u00e9hicule ne dispose pas d&rsquo;une vitre de protection en plexiglas.\u00a0\u00ab\u00a0<em>Les personnes qui voudront prendre un VTC, un taxi ou p\u00e9n\u00e9trer dans une gare sans masque pourront se voir refuser l&rsquo;acc\u00e8<\/em>s\u00a0\u00bb, a indiqu\u00e9\u00a0le secr\u00e9taire d&rsquo;Etat charg\u00e9 des Transports Jean-Baptiste Djebbari sur CNEWS.<\/p>\n<h3>\u2192 <a name=\"masque-obligatoire-ecole\">Dans les \u00e9tablissements scolaires<\/a><\/h3>\n<p>Le port du masque est obligatoire pour tous les enseignants, quelque soit le niveau d&rsquo;enseignement, et le personnel de l&rsquo;\u00e9tablissement scolaire\u00a0lorsque la distanciation physique d&rsquo;un m\u00e8tre n&rsquo;est pas possible. De m\u00eame, tous les professionnels de la petite enfance sont oblig\u00e9s de porter un masque\u00a0pour s&rsquo;occuper des enfants, d\u00e8s lors que la distance physique d&rsquo;un m\u00e8tre n&rsquo;est pas possible.<\/p>\n<p><a name=\"masque-de-protection\"><span style=\"font-size: 1.125rem; font-weight: bold;\">Masque de protection : c&rsquo;est quoi ?<\/span><\/a><\/p>\n<figure class=\"image\" style=\"float:right\"><a class=\"fancy\" href=\"https:\/\/img-3.journaldesfemmes.fr\/UwZ7jkdmo1SUqpPH3fhRQ1AIGYM=\/1080x\/smart\/940035fc248040a0bb35ca93ac7832ec\/ccmcms-jdf\/14530421.png\"><img decoding=\"async\" alt=\"diff\u00e9rences masques de protection coronavirus\" src=\"https:\/\/img-3.journaldesfemmes.fr\/w5N2ItA-UBwFkvsAvaME0kQecQs=\/450x\/smart\/940035fc248040a0bb35ca93ac7832ec\/ccmcms-jdf\/14530421.png\"\/><\/a><figcaption data-credit=\"Olena - Adobe Stock\" data-legend=\"Les diff\u00e9rents masques de protection\">Les diff\u00e9rents masques de protection <small>\u00a9\u00a0Olena &#8211; Adobe Stock<\/small><\/figcaption><\/figure>\n<p>Le <strong>masque de protection, aussi appel\u00e9 \u00ab\u00a0anti-virus\u00a0\u00bb ou \u00e0 usage m\u00e9dical,\u00a0<\/strong>est un dispositif m\u00e9dical destin\u00e9 \u00e0\u00a0<strong>filtrer les bact\u00e9ries <\/strong>et \u00e0 \u00e9viter de contracter un virus, comme celui de <a href=\"https:\/\/sante.journaldesfemmes.fr\/fiches-maladies\/1551976-grippe-2020-symptome-incubation-contagion-epidemie-traitement\/\" target=\"_blank\" rel=\"noopener noreferrer\">la grippe<\/a> ou\u00a0toute autre maladie virale. \u00ab\u00a0<em>Ces masques sont g\u00e9n\u00e9ralement port\u00e9s au bloc op\u00e9ratoire pour \u00e9viter\u00a0d&rsquo;abord\u00a0que les bact\u00e9ries\u00a0de\u00a0la bouche du chirurgien\u00a0ne soient projet\u00e9es sur plaie chirurgicale du patient, mais peuvent\u00a0aussi\u00a0\u00eatre port\u00e9s par le grand public pour se prot\u00e9ger des micro-organismes dans un contexte d&rsquo;\u00e9pid\u00e9mie, comme la grippe ou le Covid-19\u00a0par exemple<\/em>\u00ab\u00a0, indique le\u00a0Dr Pierre Parneix.\u00a0Il existe plusieurs types de masque\u00a0qui ont des <strong>niveaux de filtration variables<\/strong>. \u00ab\u00a0<em>Pour d\u00e9finir le niveau de filtration, on r\u00e9alise un test avec un a\u00e9rosol contenant des souches de staphylocoque dor\u00e9<\/em>\u00ab\u00a0, explique le sp\u00e9cialiste.<\/p>\n<h3>\u2022 <a name=\"masque-chirurgical-canard\">Masque chirurgical, canard\u00a0<\/a><\/h3>\n<p>Ces masques peuvent \u00eatre de type I qui filtre 95% des bact\u00e9ries ou\u00a0de\u00a0type II\u00a0qui filtre plus de 98% des bact\u00e9ries. On distingue les masques de type 2\u00a0normaux et ceux de type R qui sont plus \u00e9tanches et r\u00e9sistants aux projections. Ils sont \u00e0 usage unique et donc jetables au bout de 3 \u00e0 4 heures d&rsquo;utilisaiton.<\/p>\n<h3>\u2022 <a id=\"masque-ffp1-ffp2-ffp3\" name=\"masque-ffp1-ffp2-ffp3\">Masque FFP1, FFP2, FFP3<\/a><\/h3>\n<p>Un masque FFP est un appareil de protection respiratoire destin\u00e9 \u00e0 prot\u00e9ger celui qui le porte contre l&rsquo;inhalation\u00a0\u00e0 la fois\u00a0de gouttelettes\u00a0et<strong>\u00a0<\/strong>de particules en suspension dans l&rsquo;air. Le port de ce type de masque est plus contraignant (inconfort thermique, r\u00e9sistance respiratoire) que celui d&rsquo;un masque chirurgical.\u00a0 Il est r\u00e9serv\u00e9 aux professionnels de la sant\u00e9 de toute la cha\u00eene (transport sanitaire, pompiers, m\u00e9decins lib\u00e9raux, infirmiers&#8230;) et\u00a0n&rsquo;est pas \u00e0 destination du grand public.<\/p>\n<p>\u2192 Le\u00a0masque\u00a0FFP1\u00a0filtre au moins 80\u00a0% des a\u00e9rosols\u00a0de taille moyenne 0,6\u00a0\u00b5m.<\/p>\n<p>\u2192 Le\u00a0masque\u00a0FFP2\u00a0filtre au moins 94\u00a0% des a\u00e9rosols\u00a0de taille moyenne 0,6\u00a0\u00b5m.<\/p>\n<p>\u2192 Le\u00a0masque\u00a0FFP3\u00a0filtre au moins 99\u00a0% des a\u00e9rosols\u00a0de taille moyenne 0,6\u00a0\u00b5m.<\/p>\n<h3>\u2022 Visi\u00e8re de protection<\/h3>\n<p>A d\u00e9faut de trouver des\u00a0masques, beaucoup de Fran\u00e7ais optent pour le port de\u00a0<strong>visi\u00e8res de protection<\/strong>\u00a0pour se prot\u00e9ger du\u00a0<strong>coronavirus<\/strong>.\u00a0Dans les h\u00f4pitaux, ces \u00e9quipements\u00a0font partie des \u00e9l\u00e9ments de protection \u00e0 porter\u00a0lors de la\u00a0prise en charge des patients suspects\/infect\u00e9s par le Covid-19.<\/p>\n<p>Face \u00e0 la p\u00e9nurie de masques chirurgicaux et FFP, l&rsquo;Association fran\u00e7aise de normalisation (Afnor) a\u00a0mis\u00a0\u00e0 disposition gratuitement des\u00a0<a href=\"http:\/\/www.afnor.org\/actualites\/coronavirus-telechargez-le-modele-de-masque-barriere\/\" target=\"_blank\" rel=\"noopener noreferrer\">nouveaux\u00a0mod\u00e8les de masques<\/a>, dit \u00ab\u00a0masques barri\u00e8res\u00a0\u00bb \u00e0 destination des professionnels, mais \u00e9galement des particuliers. Ce masque\u00a0vise prot\u00e9ger la population, en compl\u00e9ment des indispensables gestes barri\u00e8res face au coronavirus. Il r\u00e9pond \u00e0 des normes\u00a0valid\u00e9es par pr\u00e8s de 150\u00a0experts :\u00a0<\/p>\n<ul>\n<li>Pr\u00e9f\u00e9rer les mati\u00e8res valid\u00e9es par la Direction g\u00e9n\u00e9rale de l&rsquo;armement ou par la Soci\u00e9t\u00e9 fran\u00e7aise d&rsquo;hygi\u00e8ne hospitali\u00e8re comme la toile de coton de 150 g\/m\u00b2 pour l&rsquo;enveloppe ext\u00e9rieure et du viscose de 130 g\/m\u00b2 pour la couche int\u00e9rieure.\u00a0<\/li>\n<li>Eviter les tissus trop chauds ou potentiellement irritantes<\/li>\n<li>Le masque doit \u00eatre lav\u00e9 en machine \u00e0 60\u00b0C, dans un cycle de 30 minutes (cycle coton) apr\u00e8s chaque utilisation.<\/li>\n<li>\u00c9viter\u00a0les masques <b>avec une couture verticale sur le devant\u00a0:<\/b> \u00ab\u00a0<em>il convient n\u00e9anmoins d&rsquo;\u00eatre vigilant aux mod\u00e8les comportant une ou plusieurs coutures verticales, le long du nez, de la bouche et du menton. Cette solution n&rsquo;a pas \u00e9t\u00e9 retenue par les experts lors de la r\u00e9daction de l&rsquo;Afnor car il y a un risque de fuite par la couture)<\/em>.\u00a0\u00bb, peut-on lire sur le site de l&rsquo;Afnor.<\/li>\n<\/ul>\n<figure class=\"image\" style=\"float:right\"><a class=\"fancy\" href=\"https:\/\/img-3.journaldesfemmes.fr\/oIKPGOwhtRKCCjs4Kb6k8X_LrG8=\/1080x\/smart\/4b7fc71d6b8946ef86de481951e68b39\/ccmcms-jdf\/15639223.jpg\"><img decoding=\"async\" alt=\"masque logo grand public normes\" src=\"https:\/\/img-3.journaldesfemmes.fr\/A3nUsMWMx46jYJox2pXVSlbw55k=\/250x\/smart\/4b7fc71d6b8946ef86de481951e68b39\/ccmcms-jdf\/15639223.jpg\"\/><\/a><figcaption data-credit=\"Direction g\u00e9n\u00e9rale des entreprises\" data-legend=\"Logos permettant d\u2019identifier les masques grand public aux normes\">Logos permettant d\u2019identifier les masques grand public aux normes <small>\u00a9\u00a0Direction g\u00e9n\u00e9rale des entreprises<\/small><\/figcaption><\/figure>\n<p>Le masque \u00ab\u00a0grand public\u00a0\u00bb ou \u00ab\u00a0alternatif\u00a0\u00bb est un compl\u00e9ment aux gestes barri\u00e8res.\u00a0Il est\u00a0<strong>en tissu lavable<\/strong> (en machine \u00e0 60\u00b0 pendant un cycle de 30 minutes)\u00a0et donc r\u00e9utilisable plusieurs fois.\u00a0Il a des propri\u00e9t\u00e9s de filtration allant d&rsquo;au moins 70% \u00e0 plus de 90% de filtration des particules \u00e9mises d&rsquo;une taille \u00e9gale ou sup\u00e9rieure \u00e0 3\u00a0microns. Il peut \u00eatre fabriqu\u00e9\u00a0de mani\u00e8re <strong>artisanale<\/strong> (fait-main \u00e0 partir de tutoriels ou mod\u00e8les de patron disponibles sur Internet, diffus\u00e9 par l&rsquo;Afnor ou le <a href=\"https:\/\/www.youtube.com\/watch?v=mNbBBckLVFo\" target=\"_blank\" rel=\"noopener noreferrer\">CHU de Grenoble<\/a> par exemple), plat ou \u00e0 plis, mais aussi de mani\u00e8re<strong> industrielle.<\/strong>\u00a0Les autorit\u00e9s sanitaires fran\u00e7aises ont d&rsquo;ailleurs valid\u00e9 plus de 80\u00a0prototypes \u00e0 pr\u00e8s de 50\u00a0entreprises issues de la mode et du textile. Un masque grand public aux normes doit pr\u00e9senter<strong> ce logo officiel<\/strong>\u00a0bleu, blanc et rouge (\u00e0 droite) avec en sous-texte son nombre de lavages maximum.<\/p>\n<p>S&rsquo;il n&rsquo;est pas en tissu, le masque est dit \u00ab\u00a0jetable\u00a0\u00bb. C&rsquo;est le cas du\u00a0masque chirurgical\u00a0(vendu en pharmacie ou sur internet) qui a une<strong> dur\u00e9e de vie de 3\u00a0\u00e0 4\u00a0heures.<\/strong> \u00ab\u00a0<em>Au-del\u00e0, il faut le jeter \u00e0 la poubelle. Le masque est <strong>\u00e0 usage unique<\/strong> et en aucun cas lavable ou r\u00e9utilisable. Apr\u00e8s\u00a0chaque sortie, d\u00e8s le retour \u00e0 la maison, il ne faut pas le manipuler et le jeter\u00a0car il est potentiellement contamin\u00e9<\/em>\u00ab\u00a0, pr\u00e9vient le Dr Parneix. Il ne faut donc pas\u00a0r\u00e9utiliser un masque d\u00e8s lors qu&rsquo;il a \u00e9t\u00e9 manipul\u00e9 et \u00f4t\u00e9 du visage. Le masque de type FFP a quant \u00e0 lui\u00a0une dur\u00e9e de 8\u00a0heures.\u00a0<\/p>\n<p>Depuis le 28\u00a0avril, l&rsquo;Afnor a mis \u00e0 disposition <strong>un patron pour r\u00e9aliser un masque junior<\/strong>, sp\u00e9cialement con\u00e7u pour les enfants \u00e0 partir de 7\u00a0ans, un \u00e2ge \u00e0 partir duquel l&rsquo;enfant comprend et accepte l&rsquo;importance des gestes barri\u00e8res et \u00e0 partir duquel le port du masque est recommand\u00e9.\u00a0En revanche,\u00a0<em>\u00ab\u00a0le port du masque est prohib\u00e9 pour les enfants en maternelle et n&rsquo;est pas recommand\u00e9 en \u00e9l\u00e9mentaire, <\/em>a annonc\u00e9 le Premier ministre Edouard Philippe lors de son discours du\u00a028\u00a0avril devant l&rsquo;Assembl\u00e9e nationale,\u00a0<em>mais l&rsquo;Education nationale mettra des masques \u00e0 disposition au cas o\u00f9 un enfant pr\u00e9sente des sympt\u00f4mes et le temps que ses parents viennent le chercher. Pour<strong> <\/strong>les coll\u00e9giens,\u00a0les masques seront obligatoires.\u00a0\u00bb<\/em>\u00a0<\/p>\n<ul>\n<li><strong>Pour les enfants de moins de 2\u00a0ans<\/strong>, porter un masque pr\u00e9sente un risque d&rsquo;\u00e9touffement et doit \u00eatre prohib\u00e9\u00a0: \u00ab\u00a0<em>quand l&rsquo;enfant n&rsquo;est pas capable d&rsquo;enlever le masque seul, ce dernier n&rsquo;est pas recommand\u00e9\u00a0<\/em>\u00ab\u00a0, indique le Dr Damien Mascret sur France 2.<\/li>\n<li><strong>Pour les enfants de moins de 6\u00a0ans,<\/strong> \u00ab\u00a0<em>le port du masque est <strong>fortement d\u00e9conseill\u00e9<\/strong> pour les moins de 6\u00a0ans car pouvant \u00eatre dangereux<\/em>\u00ab\u00a0, alerte Jean Castex, le coordinateur national \u00e0 la strat\u00e9gie de d\u00e9confinement, le\u00a06\u00a0mai lors d&rsquo;une audition au\u00a0S\u00e9nat.\u00a0<\/li>\n<li><strong>Pour les enfants de 6\u00a0\u00e0 12\u00a0ans<\/strong>,\u00a0le masque est recommand\u00e9, \u00ab\u00a0e<em>t du coup,<\/em>\u00a0<em>nous en mettrons \u00e0 disposition des \u00e9coles. [&#8230;] Il sera obligatoire d\u00e8s lors que l&rsquo;enfant pr\u00e9sente le moindre sympt\u00f4me\u00a0en attendant le test<\/em>\u00ab\u00a0, poursuit-il.\u00a0<\/li>\n<li><strong>Au coll\u00e8ge<\/strong>, le port du masque sera obligatoire et chaque coll\u00e9gien b\u00e9n\u00e9ficiera d&rsquo;un masque s&rsquo;il ne peut pas s&rsquo;en procurer un par lui-m\u00eame.\u00a0<\/li>\n<\/ul>\n<h3>\u2022 <a name=\"masque-supermarche-intermarche-auchan-carrefour-cora\">Supermarch\u00e9\u00a0: Intermarch\u00e9, Auchan, Carrefour&#8230;<\/a>\u00a0<\/h3>\n<p>Depuis le lundi 4\u00a0mai, les enseignes de la grande distribution alimentaire (<strong>Auchan, Aldi, Carrefour, Colruyt, Cora, Groupe Casino, Intermarch\u00e9, Leclerc, Lidl, Netto, Supermarch\u00e9 Match, Syst\u00e8me U<\/strong>) confirment que des masques grand public (en tissu et r\u00e9utilisables) et des masques \u00e0 usage unique sont mis en vente, dans des magasins et drive,\u00a0avec des approvisionnements qui monteront en puissance <strong>apr\u00e8s le 11\u00a0mai<\/strong>, apprend-on dans<strong>\u00a0<\/strong>un\u00a0<a data-rapid-elm=\"context_link\" data-rapid-sec=\"{&quot;entry-text&quot;:&quot;entry-text&quot;}\" data-ylk=\"elm:context_link\" href=\"http:\/\/www.fcd.fr\/media\/filer_public\/f8\/5d\/f85db594-f8de-440e-b037-e7ed9a9afc53\/20200429_cp_-_vente_de_masques_en_grande_surface_alimentaire.pdf\" rel=\"noopener noreferrer\" target=\"_blank\">communiqu\u00e9<\/a>\u00a0publi\u00e9 le 29\u00a0avril\u00a0publi\u00e9 par le minist\u00e8re de l&rsquo;\u00c9conomie et la F\u00e9d\u00e9ration du commerce et de la distribution (FCD).<\/p>\n<h3>\u2022 <a name=\"masque-achat-pharmacie\">Pharmacie\u00a0<\/a><\/h3>\n<p>Depuis le\u00a027\u00a0avril, <strong>les pharmacies sont \u00e9galement autoris\u00e9es<\/strong> \u00e0 vendre des masques grand public \u00e0 leurs clients\u00a0sans avoir besoin d&rsquo;une ordonnance m\u00e9dicale.\u00a0Cependant, les officines ne peuvent vendre\u00a0uniquement \u00ab\u00a0des masques non-sanitaires fabriqu\u00e9s selon un processus industriel et r\u00e9pondant aux sp\u00e9cifications techniques applicables\u00a0\u00bb, selon un arr\u00eat\u00e9, c&rsquo;est-\u00e0-dire des masques en tissu qui ne correspondent pas aux masques chirurgicaux ou aux masques FFP2, ces derniers \u00e9tant r\u00e9serv\u00e9s pour les soignants.\u00a0<\/p>\n<h3>\u2022\u00a0<a id=\"masque-achat-internet-amazon\" name=\"masque-achat-internet-amazon\">Internet<\/a>\u00a0<\/h3>\n<p>Attention, des tas de mod\u00e8les sont en vente sur internet, sur Amazon ou CDiscount par exemple.\u00a0Mais tous ne sont pas efficaces. Si vous souhaitez acheter en ligne, privil\u00e9giez\u00a0les masques conformes <strong>\u00e0 la norme fran\u00e7aise et europ\u00e9enne \u00ab\u00a0NF\u00a0EN 14683\u00a0\u00bb <\/strong>ou<em><strong>\u00a0<\/strong><\/em>qui r\u00e9pondent aux normes \u00e9tablies par l&rsquo;Afnor, avec le logo NF. Pour y voir plus clair, la Direction g\u00e9n\u00e9rale des entreprises a publi\u00e9 <a href=\"https:\/\/www.entreprises.gouv.fr\/files\/files\/home\/Masques_alternatifs.pdf\" target=\"_blank\" rel=\"noopener noreferrer\">une liste\u00a0des vendeurs et fabricants<\/a> qui sont positifs aux tests de filtration.<\/p>\n<h3>\u2022 Villes qui en distribuent<\/h3>\n<p>Plusieurs\u00a0villes ont d\u00e9j\u00e0 commenc\u00e9 \u00e0 distribuer des masques \u00ab\u00a0grand public\u00a0\u00bb. Par exemple\u00a0:<\/p>\n<ul>\n<li><strong>A Nice<\/strong>, le maire\u00a0Christian Estrosi a pris lundi 11\u00a0mai\u00a0un nouvel arr\u00eat\u00e9 qui rend obligatoire le port du masque dans l&rsquo;espace public quand la distanciation physique\u00a0n&rsquo;est pas possible.\u00a0La Ville de Nice a souhait\u00e9 mettre \u00e0 disposition gratuitement des masques pour la s\u00e9curit\u00e9 de tous. Toutes les modalit\u00e9s pour obtenir des masques sont indiqu\u00e9es sur <a href=\"https:\/\/www.nice.fr\/fr\/actualites\/distribution-gratuite-de-masques-a-nice\/mairie?type=articles\" target=\"_blank\" rel=\"noopener noreferrer\">le site de la ville<\/a>.<\/li>\n<li><strong>A Lyon<\/strong>, les\u00a0Lyonnais qui avaient r\u00e9serv\u00e9 leur masque les\u00a0r\u00e9cup\u00e8rent \u00e0 partir du lundi 11\u00a0mai dans des gymnases, au cr\u00e9neau horaire qui leur a \u00e9t\u00e9 indiqu\u00e9.<\/li>\n<li><strong>A Rennes<\/strong>,\u00a0l&rsquo;une des premi\u00e8res villes de France \u00e0 annoncer qu&rsquo;elle \u00e9quiperait l&rsquo;ensemble de sa population en masques en tissu,\u00a0a mis en ligne un formulaire pour s&rsquo;inscrire et pour choisir la date et le lieu du retrait du masque. Dimanche 10\u00a0mai au soir, 42\u00a0000\u00a0des 250\u00a0000\u00a0masques avaient d\u00e9j\u00e0 \u00e9t\u00e9 distribu\u00e9s.<\/li>\n<li><strong>A Nantes<\/strong>,\u00a0d&rsquo;ici le vendredi 15\u00a0mai 2020,\u00a0<strong>282\u00a0000\u00a0masques grand public vont \u00eatre distribu\u00e9s<\/strong>\u00a0dans les bo\u00eetes aux lettres des\u00a0nantais. Le mercredi 6\u00a0mai, pr\u00e8s de 70% de la distribution avait d\u00e9j\u00e0 \u00e9t\u00e9 effectu\u00e9e.<\/li>\n<\/ul>\n<p>Pour fabriquer un masque \u00ab\u00a0fait maison\u00a0\u00bb, vous pouvez t\u00e9l\u00e9charger et imprimer un patron. L&rsquo;Afnor a mis \u00e0 disposition plusieurs\u00a0patrons de masques sur son site internet :\u00a0de type \u00ab\u00a0bec de canard\u00a0\u00bb ou \u00e0 plis. Pour confectionner votre masque, il est conseill\u00e9 d&rsquo;utiliser :<\/p>\n<ul>\n<li>deux couches de<strong> toile de coton <\/strong>(ou un tissu non-tiss\u00e9 en polypropyl\u00e8ne),\u00a0 enserrant une couche de<strong> viscose (soie artificielle), de polyester ou de polyamide<\/strong> pour les masques classiques<\/li>\n<li>deux couches de <strong>popeline de\u00a0coton<\/strong> pour les masques 3\u00a0plis.\u00a0<\/li>\n<li>du fil solide pour les coutures.<\/li>\n<\/ul>\n<p><strong><a href=\"https:\/\/masques-barrieres.afnor.org\/files\/AFNORSpec-S76-001-MasquesBarrieres-AnnexeC-patrons_.pdf\" target=\"_blank\" rel=\"noopener noreferrer\">&gt;&gt; Voir tous les patrons de masques r\u00e9alis\u00e9s par l&rsquo;AFNOR<\/a><\/strong><\/p>\n<p>Si vous n&rsquo;avez pas de machine \u00e0 coudre, le Professeur Garin,\u00a0ancien M\u00e9decin du Service de Sant\u00e9 des Arm\u00e9es et expert en risque biologique et infectieux a r\u00e9alis\u00e9 <a href=\"https:\/\/www.youtube.com\/watch?v=7Lg0jnJ3hEo\" target=\"_blank\" rel=\"noopener noreferrer\">une vid\u00e9o sur YouTube<\/a>\u00a0pour r\u00e9aliser\u00a0<strong>un masque\u00a0en papier<\/strong>\u00a0tr\u00e8s facilement \u00e0 l&rsquo;aide d&rsquo;une feuille en papier essuie-tout ou d&rsquo;une serviette en papier, des \u00e9lastiques et une agrafeuse pour fixer le masque.\u00a0<\/p>\n<p>\u200b\u200b\u200b\u200b\u200b\u200b<a name=\"masque-comment-mettre\"><span style=\"font-size: 1.125rem; font-weight: bold;\">Comment mettre un masque ?<\/span><\/a><\/p>\n<p>Le masque de protection\u00a0n&rsquo;est efficace <strong>que s&rsquo;il est bien port\u00e9<\/strong>. Les conseils du Dr Parneix pour le positionner correctement\u00a0:<\/p>\n<ul>\n<li><strong>Pour les masques chirurgicaux bleus et blancs : <\/strong>en g\u00e9n\u00e9ral, la face color\u00e9e doit se trouver vers l&rsquo;ext\u00e9rieur et non contre la bouche.<strong> Le c\u00f4t\u00e9 blanc est la face absorbante <\/strong>: elle doit \u00eatre appliqu\u00e9e contre la bouche. Le c\u00f4t\u00e9 rembourr\u00e9 de la barrette nasale doit \u00eatre plac\u00e9 sur la bosse du nez pour bien prot\u00e9ger le nez.<\/li>\n<li><strong>Pour les masques en tissu :<\/strong>\u00a0le masque doit \u00eatre bien enveloppant et passer\u00a0sous le menton pour bien prot\u00e9ger la bouche et le nez.<\/li>\n<li><strong>Pour tous les masques : <\/strong>pr\u00e9f\u00e9rer les masques avec des attaches \u00e9lastiques plut\u00f4t que des lani\u00e8res\u00a0: le masque sera plus simple\u00a0\u00e0 enfiler.\u00a0<\/li>\n<\/ul>\n<p><strong>\u2192 En pharmacie :<\/strong> Publi\u00e9 le 25\u00a0avril 2020\u00a0au Journal Officiel,\u00a0<a href=\"https:\/\/www.legifrance.gouv.fr\/affichTexte.do?cidTexte=JORFTEXT000041821967&amp;categorieLien=id\" target=\"_blank\" rel=\"noopener noreferrer\">un arr\u00eat\u00e9<\/a>\u00a0encadre d\u00e9sormais\u00a0le prix de vente d&rsquo;un masque en officine.\u00a0Le texte indique que les pharmaciens peuvent\u00a0proposer des \u00ab\u00a0<em>masques non sanitaires fabriqu\u00e9s selon un processus industriel et r\u00e9pondant aux sp\u00e9cifications techniques applicables<\/em>\u00a0\u00bb\u00a0\u00e0 un<strong> <\/strong>tarif fix\u00e9 entre 2\u00a0et 5\u00a0euros.\u00a0<\/p>\n<p><strong>\u2192 En supermarch\u00e9 : <\/strong>le\u00a0prix d&rsquo;un\u00a0masque en tissu r\u00e9utilisable en grande surface\u00a0est compris entre 2\u00a0et 3\u00a0euros et le prix d&rsquo;un masque chirurgical, \u00e0 usage unique et donc jetable,\u00a0\u00e0\u00a0moins d&rsquo;un euro.<\/p>\n<p><strong>\u2192 Au bureau de tabac :<\/strong> le prix d&rsquo;un masque en tissu est d&rsquo;environ\u00a05\u00a0euros, d&rsquo;apr\u00e8s\u00a0le pr\u00e9sident de la Conf\u00e9d\u00e9ration des buralistes.<\/p>\n<p><strong>\u2192 Sur Internet :<\/strong> les prix des masques en tissu varient selon les mod\u00e8les, les fabricants\u00a0et les normes suivies. On en trouve g\u00e9n\u00e9ralement entre 4 et 20 euros.\u00a0<\/p>\n<p>Le port prolong\u00e9 des masques de protection peut entra\u00eener des irritations cutan\u00e9es \u00e0 cause des frottements et des frictions, et \u00e0 terme, une dermite cutan\u00e9e, qui se caract\u00e9rise par des rougeurs, des d\u00e9mangeaisons voire des l\u00e9sions qui peuvent s&rsquo;infecter.\u00a0Pour limiter ce risque, des recommandations ont \u00e9t\u00e9 \u00e9mises par la Pr Karen Ousey, Directrice de l&rsquo;<a href=\"https:\/\/www.hud.ac.uk\/news\/2020\/april\/skin-damage-from-face-masks-and-gloves\/\" target=\"_blank\" rel=\"noopener noreferrer\">Institut de la peau\u00a0et de pr\u00e9vention des infections<\/a>\u00a0britannique, en avril 2020 :<\/p>\n<ul>\n<li>Hydrater son visage 30 minutes avant de porter un masque avec une cr\u00e8me hydratante sans alcool, ni parfum.<\/li>\n<li>Retirer le masque toutes les deux heures pour laisser sa peau respirer en ne touchant que les \u00e9lastiques lat\u00e9raux qui enroule l&rsquo;oreille de part et d&rsquo;autre du visage, et jamais la partie ext\u00e9rieur du masque.<\/li>\n<li>Se laver les mains avant et apr\u00e8s chaque manipulation du masque.<\/li>\n<li>Se nettoyer la peau apr\u00e8s avoir port\u00e9 un masque et avant d&rsquo;en remettre un.<\/li>\n<li>Utiliser un brumisateur d&rsquo;eau thermale sp\u00e9ciale \u00ab\u00a0anti-irritation\u00a0\u00bb au cours de la journ\u00e9e si la peau est sensibilis\u00e9e ou tiraill\u00e9e.<\/li>\n<li>Se laver le visage le matin et le soir avec de l&rsquo;eau ti\u00e8de pour \u00e9liminer toutes les bact\u00e9ries et les impuret\u00e9s et le s\u00e9cher en tamponnant avec une serviette propre.\u00a0<\/li>\n<li>Appliquer une cr\u00e8me ou un soin r\u00e9parateur avant d&rsquo;aller se coucher pour qu&rsquo;elle fasse effet pendant la nuit.\u00a0<\/li>\n<li>Eviter le maquillage en cas de probl\u00e8mes cutan\u00e9s.\u00a0<\/li>\n<\/ul>\n<p>Soutenu par la direction g\u00e9n\u00e9rale de la Sant\u00e9, le Minist\u00e8re du Travail a autoris\u00e9, jeudi 26\u00a0mars 2020,<strong> <\/strong>l&rsquo;usage de masque de protection (de type FFP2) p\u00e9rim\u00e9, \u00e0 condition que<strong> la date de p\u00e9remption ne d\u00e9passe pas 6\u00a0mois<\/strong>, et que \u00ab\u00a0des consignes strictes sont respect\u00e9es avant leur utilisation\u00a0\u00bb. Pour \u00eatre efficaces, ces masques p\u00e9rim\u00e9s doivent\u00a0\u00ab\u00a0<em>avoir \u00e9t\u00e9 stock\u00e9s dans les conditions de conservation conformes \u00e0 celles pr\u00e9vues par le fabricant ou le distributeur<\/em>\u00a0\u00bb et \u00ab\u00a0<em>avoir fait l&rsquo;objet de quatre tests successifs<\/em>\u00a0\u00bb avant leur utilisation. Ces tests ont pour but de v\u00e9rifier <strong>l&rsquo;int\u00e9grit\u00e9\u00a0des conditionnements<\/strong>, l&rsquo;apparence (<strong>la couleur d&rsquo;origine<\/strong>), la <strong>solidit\u00e9 des \u00e9lastiques et de la barrette nasale <\/strong>de maintien du masque, et l&rsquo;<strong>ajustement du masque sur le visage<\/strong>.<\/p>\n<blockquote>\n<p style=\"text-align: right;\">\u00a0<\/p>\n<\/blockquote>\n<aside id=\"NL_1596326489\" class=\"newsletter_subscription jNlBlock\"><noscript><br \/>\n            <\/noscript><\/p>\n<h3 class=\"newsletter_subscription-title\">Newsletter <\/h3>\n<p><a href=\"\/\/mailing.ccmbg.com\/archive\/last-85\" target=\"_blank\" class=\"a_hover\" rel=\"noopener noreferrer\">Voir un exemple<\/a><\/p>\n<\/aside>\n<p><em>Merci au Dr Pierre Parneix, m\u00e9decin hygi\u00e9niste et praticien hospitalier en Sant\u00e9 publique au CHU de Bordeaux et responsable du Centre d&rsquo;appui \u00e0 la pr\u00e9vention des infections associ\u00e9es au soins (CPIAS) de Nouvelle Aquitaine.<\/em><\/p>\n<\/p><\/div>\n<p>[ad_2]<br \/>\n<br \/><a href=\"https:\/\/sante.journaldesfemmes.fr\/fiches-maladies\/2609189-masque-coronavirus-covid-19-chirurgical-afnor-tissu-lavable-grand-public-port-obligatoire-enfant-ou-acheter-prix\/\">Source link <\/a><\/p>\n","protected":false},"excerpt":{"rendered":"<p>[ad_1] MASQUE DE PROTECTION &#8211; Pour limiter la transmission du coronavirus, le port du masque est recommand\u00e9 \u00e0 tous en &hellip; <a href=\"https:\/\/www.affinite.fr\/index.php\/2020\/05\/14\/tissu-chirurgical-afnor-ou-sen-procurer\/\" class=\"more-link\">Plus <span class=\"screen-reader-text\">tissu, chirurgical, Afnor&#8230; O\u00f9 s&rsquo;en procurer\u00a0?<\/span> <span class=\"meta-nav\">&rarr;<\/span><\/a><\/p>\n","protected":false},"author":1,"featured_media":2886,"comment_status":"open","ping_status":"open","sticky":false,"template":"","format":"standard","meta":{"_sitemap_exclude":false,"_sitemap_priority":"","_sitemap_frequency":"","footnotes":""},"categories":[1],"tags":[],"class_list":["post-2885","post","type-post","status-publish","format-standard","has-post-thumbnail","hentry","category-tous"],"_links":{"self":[{"href":"https:\/\/www.affinite.fr\/index.php\/wp-json\/wp\/v2\/posts\/2885"}],"collection":[{"href":"https:\/\/www.affinite.fr\/index.php\/wp-json\/wp\/v2\/posts"}],"about":[{"href":"https:\/\/www.affinite.fr\/index.php\/wp-json\/wp\/v2\/types\/post"}],"author":[{"embeddable":true,"href":"https:\/\/www.affinite.fr\/index.php\/wp-json\/wp\/v2\/users\/1"}],"replies":[{"embeddable":true,"href":"https:\/\/www.affinite.fr\/index.php\/wp-json\/wp\/v2\/comments?post=2885"}],"version-history":[{"count":0,"href":"https:\/\/www.affinite.fr\/index.php\/wp-json\/wp\/v2\/posts\/2885\/revisions"}],"wp:featuredmedia":[{"embeddable":true,"href":"https:\/\/www.affinite.fr\/index.php\/wp-json\/wp\/v2\/media\/2886"}],"wp:attachment":[{"href":"https:\/\/www.affinite.fr\/index.php\/wp-json\/wp\/v2\/media?parent=2885"}],"wp:term":[{"taxonomy":"category","embeddable":true,"href":"https:\/\/www.affinite.fr\/index.php\/wp-json\/wp\/v2\/categories?post=2885"},{"taxonomy":"post_tag","embeddable":true,"href":"https:\/\/www.affinite.fr\/index.php\/wp-json\/wp\/v2\/tags?post=2885"}],"curies":[{"name":"wp","href":"https:\/\/api.w.org\/{rel}","templated":true}]}}