{"id":2804,"date":"2020-05-12T22:31:56","date_gmt":"2020-05-12T22:31:56","guid":{"rendered":"https:\/\/www.affinite.fr\/index.php\/2020\/05\/12\/free-continue-de-seduire-avec-sa-fibre\/"},"modified":"2020-05-12T22:31:56","modified_gmt":"2020-05-12T22:31:56","slug":"free-continue-de-seduire-avec-sa-fibre","status":"publish","type":"post","link":"https:\/\/www.affinite.fr\/index.php\/2020\/05\/12\/free-continue-de-seduire-avec-sa-fibre\/","title":{"rendered":"Free continue de s\u00e9duire avec sa fibre"},"content":{"rendered":"<p> [ad_1]<br \/>\n<br \/><img decoding=\"async\" src=\"https:\/\/img.bfmtv.com\/i\/0\/0\/a94\/59ab437811338ec42810ea677f246.jpeg\" \/><\/p>\n<div itemprop=\"articleBody\">\n<p>Free reste pour le moment imperm\u00e9able \u00e0 la crise. Il affiche aujourd\u2019hui des r\u00e9sultats financiers et commerciaux satisfaisants au 31 mars 2020, apr\u00e8s un dernier trimestre <a href=\"https:\/\/www.01net.com\/actualites\/free-regagne-la-confiance-des-abonnes-1876367.html\" target=\"_blank\" rel=\"noopener noreferrer\">2019 de reconsolidation<\/a>.<br \/>Il continue \u00e0 reprendre des couleurs sur le mobile avec 13 000 nouveaux clients de plus sur les trois premiers mois de l\u2019ann\u00e9e, ce qui porte \u00e0 13,326 millions son nombre total d\u2019abonn\u00e9s.<\/p>\n<h3 style=\"color:#333; font-family:arial,helvetica,sans-serif; font-size:23px; font-weight:700\">Free recrute davantage qu&rsquo;Orange sur le FttH<\/h3>\n<p>Mais c\u2019est sur le fixe qu\u2019il r\u00e9alise sa meilleure performance en passant de 6,4 \u00e0 6,5 millions d\u2019abonn\u00e9s au premier trimestre. Parmi eux, 1,975 sont d\u00e9sormais des clients FttH. Il a gagn\u00e9 215 000 nouveaux abonn\u00e9s fibre en trois mois. Il se montre donc, encore une fois, meilleur recruteur qu\u2019Orange qui n&rsquo;a s\u00e9duit \u00ab\u00a0que\u00a0\u00bb 192 000 Fran\u00e7ais.<br \/>Le nombre de clients \u00e9ligibles au FttH de Free passe, lui, \u00e0 15,4 millions. <em>\u00ab\u00a0Nous r\u00e9alisons notre meilleur trimestre depuis quatre ans sur le fixe\u00a0\u00bb<\/em>, a soulign\u00e9 le directeur g\u00e9n\u00e9ral d\u2019Iliad, Thomas Reynaud, \u00e0 l\u2019occasion d\u2019une conf\u00e9rence de presse t\u00e9l\u00e9phonique.<\/p>\n<aside class=\"bg-color-0 padding-inside-all-s bloc border-s\">\n<h4 class=\"box-txt-normal\">\n<p><strong>A d\u00e9couvrir aussi en vid\u00e9o<\/strong><\/p>\n<\/h4>\n<\/aside>\n<p>Le groupe ne tient toutefois pas \u00e0 fanfaronner.<\/p>\n<blockquote>\n<p><em>\u00ab\u00a0Nous pr\u00e9sentons ces r\u00e9sultats avec beaucoup d\u2019humilit\u00e9. Le deuxi\u00e8me trimestre 2020 sera davantage impact\u00e9 par le confinement \u00e0 cause d\u2019une baisse de notre activit\u00e9 commerciale dans les boutiques qui \u00e9taient ferm\u00e9es \u00bb<\/em>, a encore d\u00e9taill\u00e9 Thomas Reynaud.<\/p>\n<\/blockquote>\n<p>Il a, par ailleurs, pr\u00e9cis\u00e9 que le <em>churn<\/em> (la proportion de clients perdus) avait \u00e9t\u00e9 exceptionnellement bas durant le confinement. On peut supposer que les abonn\u00e9s soient davantage tent\u00e9s de changer d\u2019op\u00e9rateur au fur et \u00e0 mesure du d\u00e9confinement.<\/p>\n<p>La priorit\u00e9 de Free est de relancer le d\u00e9ploiement le plus vite possible. Le t\u00e9l\u00e9travail risque de se poursuivre massivement jusqu&rsquo;\u00e0 la fin de l&rsquo;ann\u00e9e et les demandes des abonn\u00e9s sont aujourd\u2019hui fortes pour passer en fibre optique ou en 4G.<\/p>\n<p>Enfin, l&rsquo;op\u00e9rateur est rest\u00e9 vague sur la sortie de <a href=\"https:\/\/www.01net.com\/actualites\/xavier-niel-espere-lancer-une-nouvelle-freebox-avant-la-fin-de-l-annee-1760228.html\" target=\"_blank\" rel=\"noopener noreferrer\">sa box interm\u00e9diaire<\/a> qui a d\u00fb\u00a0\u00eatre repouss\u00e9e en raison de la crise sanitaire. Le lancement reste d\u2019actualit\u00e9 pour cette ann\u00e9e mais Free n\u2019a pas pr\u00e9cis\u00e9 s\u2019il \u00e9tait envisag\u00e9 pour la rentr\u00e9e.\u00a0<\/p>\n<\/p><\/div>\n<p><script>\n         !function(f,b,e,v,n,t,s){if(f.fbq)return;n=f.fbq=function()\n         {n.callMethod? n.callMethod.apply(n,arguments):n.queue.push(arguments)}\n         ;if(!f._fbq)f._fbq=n;\n             n.push=n;n.loaded=!0;n.version='2.0';n.queue=[];t=b.createElement(e);t.async=!0;\n             t.src=v;s=b.getElementsByTagName(e)[0];s.parentNode.insertBefore(t,s)}(window,\n                 document,'script','https:\/\/connect.facebook.net\/en_US\/fbevents.js');\n         fbq('init', '1065890633454496');\n         fbq('track', 'PageView');\n     <\/script><br \/>\n<br \/>[ad_2]<br \/>\n<br \/><a href=\"https:\/\/www.01net.com\/actualites\/free-continue-de-seduire-avec-sa-fibre-1912591.html\">Source link <\/a><\/p>\n","protected":false},"excerpt":{"rendered":"<p>[ad_1] Free reste pour le moment imperm\u00e9able \u00e0 la crise. Il affiche aujourd\u2019hui des r\u00e9sultats financiers et commerciaux satisfaisants au &hellip; <a href=\"https:\/\/www.affinite.fr\/index.php\/2020\/05\/12\/free-continue-de-seduire-avec-sa-fibre\/\" class=\"more-link\">Plus <span class=\"screen-reader-text\">Free continue de s\u00e9duire avec sa fibre<\/span> <span class=\"meta-nav\">&rarr;<\/span><\/a><\/p>\n","protected":false},"author":1,"featured_media":753,"comment_status":"open","ping_status":"open","sticky":false,"template":"","format":"standard","meta":{"_sitemap_exclude":false,"_sitemap_priority":"","_sitemap_frequency":"","footnotes":""},"categories":[1],"tags":[],"class_list":["post-2804","post","type-post","status-publish","format-standard","has-post-thumbnail","hentry","category-tous"],"_links":{"self":[{"href":"https:\/\/www.affinite.fr\/index.php\/wp-json\/wp\/v2\/posts\/2804"}],"collection":[{"href":"https:\/\/www.affinite.fr\/index.php\/wp-json\/wp\/v2\/posts"}],"about":[{"href":"https:\/\/www.affinite.fr\/index.php\/wp-json\/wp\/v2\/types\/post"}],"author":[{"embeddable":true,"href":"https:\/\/www.affinite.fr\/index.php\/wp-json\/wp\/v2\/users\/1"}],"replies":[{"embeddable":true,"href":"https:\/\/www.affinite.fr\/index.php\/wp-json\/wp\/v2\/comments?post=2804"}],"version-history":[{"count":0,"href":"https:\/\/www.affinite.fr\/index.php\/wp-json\/wp\/v2\/posts\/2804\/revisions"}],"wp:featuredmedia":[{"embeddable":true,"href":"https:\/\/www.affinite.fr\/index.php\/wp-json\/wp\/v2\/media\/753"}],"wp:attachment":[{"href":"https:\/\/www.affinite.fr\/index.php\/wp-json\/wp\/v2\/media?parent=2804"}],"wp:term":[{"taxonomy":"category","embeddable":true,"href":"https:\/\/www.affinite.fr\/index.php\/wp-json\/wp\/v2\/categories?post=2804"},{"taxonomy":"post_tag","embeddable":true,"href":"https:\/\/www.affinite.fr\/index.php\/wp-json\/wp\/v2\/tags?post=2804"}],"curies":[{"name":"wp","href":"https:\/\/api.w.org\/{rel}","templated":true}]}}