{"id":28,"date":"2020-02-15T18:20:10","date_gmt":"2020-02-15T18:20:10","guid":{"rendered":"https:\/\/www.affinite.fr\/index.php\/2020\/02\/15\/ces-2014-les-innovations-les-plus-attendues\/"},"modified":"2020-02-15T18:20:10","modified_gmt":"2020-02-15T18:20:10","slug":"ces-2014-les-innovations-les-plus-attendues","status":"publish","type":"post","link":"https:\/\/www.affinite.fr\/index.php\/2020\/02\/15\/ces-2014-les-innovations-les-plus-attendues\/","title":{"rendered":"CES 2014 : les innovations les plus attendues"},"content":{"rendered":"<p> [ad_1]<br \/>\n<\/p>\n<div>\n<p>Le Consumer Electronics Show 2014 (CES) ouvre ses portes le 7 janvier \u00e0 Las Vegas. Cette grande messe du high-tech est le plus grand salon annuel de l\u2019innovation technologique grand public.<\/p>\n<p>Pour l\u2019occasion, notre \u00e9quipe recense pour vous les innovations qui, selon nous, vont \u00e0 termes bouleverser nos habitudes.<\/p>\n<h2>Un alli\u00e9 pour se prot\u00e9ger des rayons du soleil<\/h2>\n<p>Commen\u00e7ons par June, un bijou connect\u00e9 \u00e0 son Smartphone via une application. Ce dernier permet de mesurer l\u2019exposition au soleil et d\u00e9livre des conseils afin de se prot\u00e9ger au mieux des UV\u00a0: envoi de notifications pour alerter les utilisateurs en cas de surexposition, les moments dans la journ\u00e9e o\u00f9 le soleil est le plus intense, comment prot\u00e9ger sa peau au mieux, \u2026<\/p>\n<p>Cette innovation a \u00e9t\u00e9 con\u00e7ue par Netatmo, start up fran\u00e7aise qui a d\u00e9j\u00e0 \u00e9t\u00e9 r\u00e9compens\u00e9e l\u2019ann\u00e9e derni\u00e8re pour son thermostat connect\u00e9. Elle est \u00e0 nouveau prim\u00e9e cette ann\u00e9e dans la cat\u00e9gorie \u00ab\u00a0Wearable Technologies\u00a0\u00bb et \u00ab\u00a0Tech for a better World\u00a0\u00bb au concours CES Innovations Design and Engineering Awards\u00a0\u00bb pour June.<\/p>\n<h2>Halte aux caries<\/h2>\n<p><img loading=\"lazy\" decoding=\"async\" class=\"aligncenter size-full wp-image-1146\" title=\"brosse a dents connecte\" src=\"https:\/\/www.seniors-connectes.com\/89-seniors-conne\/wp-content\/uploads\/2014\/01\/brosse-a-dents-connecte.jpg\" alt=\"\" width=\"600\" height=\"397\" srcset=\"https:\/\/www.seniors-connectes.com\/89-seniors-conne\/wp-content\/uploads\/2014\/01\/brosse-a-dents-connecte.jpg 600w, https:\/\/www.seniors-connectes.com\/89-seniors-conne\/wp-content\/uploads\/2014\/01\/brosse-a-dents-connecte-300x198.jpg 300w\" sizes=\"(max-width: 600px) 100vw, 600px\" \/><\/p>\n<p>Cette ann\u00e9e, les startups fran\u00e7aises se sont montr\u00e9es particuli\u00e8rement novatrices. La preuve en est avec la start-up Kolibree qui a mis au point une brosse \u00e0 dents intelligente. Cette derni\u00e8re est reli\u00e9e \u00e0 une application qui, gr\u00e2ce \u00e0 des capteurs int\u00e9gr\u00e9s sur la brosse \u00e0 dents, permet de pr\u00e9venir l\u2019utilisateur s\u2019il a oubli\u00e9 une partie, s\u2019il y a encore du tartre a retir\u00e9 ou encore si le temps de brossage n\u2019a pas \u00e9t\u00e9 suffisant.<\/p>\n<p>Dans un deuxi\u00e8me temps, l\u2019application d\u00e9livre des conseils personnalis\u00e9s apr\u00e8s avoir effectu\u00e9 un bilan bas\u00e9 sur la fa\u00e7on dont l\u2019usager se brosse les dents.<\/p>\n<p>L\u2019id\u00e9e est de mieux se laver les dents sans pour autant frotter plus fort.<\/p>\n<h2>Les t\u00e9l\u00e9visions font leur show<\/h2>\n<p>Du c\u00f4t\u00e9 des t\u00e9l\u00e9viseurs, les grandes marques rivalisent et s\u2019affrontent \u00e0 coup d\u2019\u00e9crans de plus en plus grands.<\/p>\n<p><img loading=\"lazy\" decoding=\"async\" class=\"aligncenter size-full wp-image-1136\" title=\"ces 2014-tele-la-plus-grande\" src=\"https:\/\/www.seniors-connectes.com\/89-seniors-conne\/wp-content\/uploads\/2014\/01\/ces-2014-tele-la-plus-grande.jpg\" alt=\"\" width=\"600\" height=\"322\" srcset=\"https:\/\/www.seniors-connectes.com\/89-seniors-conne\/wp-content\/uploads\/2014\/01\/ces-2014-tele-la-plus-grande.jpg 600w, https:\/\/www.seniors-connectes.com\/89-seniors-conne\/wp-content\/uploads\/2014\/01\/ces-2014-tele-la-plus-grande-300x161.jpg 300w\" sizes=\"(max-width: 600px) 100vw, 600px\" \/><\/p>\n<p>LG pr\u00e9sentera le plus grand \u00e9cran incurv\u00e9 du monde avec une dimension de 105 pouces. Pour le moment seules deux marques commercialisent cet \u00e9cran\u00a0: Samsung et LG.<\/p>\n<h2>Les constructeurs automobiles plus que jamais pr\u00e9sents<\/h2>\n<p><img loading=\"lazy\" decoding=\"async\" class=\"aligncenter size-full wp-image-1145\" title=\"voiture electrique panneaux solaires\" src=\"https:\/\/www.seniors-connectes.com\/89-seniors-conne\/wp-content\/uploads\/2014\/01\/voiture-electrique-panneaux-solaires.jpg\" alt=\"\" width=\"666\" height=\"391\" srcset=\"https:\/\/www.seniors-connectes.com\/89-seniors-conne\/wp-content\/uploads\/2014\/01\/voiture-electrique-panneaux-solaires.jpg 666w, https:\/\/www.seniors-connectes.com\/89-seniors-conne\/wp-content\/uploads\/2014\/01\/voiture-electrique-panneaux-solaires-300x176.jpg 300w\" sizes=\"(max-width: 666px) 100vw, 666px\" \/><\/p>\n<p>D\u00e9sormais, les innovations technologiques dans les voitures passent outre le statut de gadget et d\u00e9montrent leur efficacit\u00e9.<\/p>\n<p>C\u2019est notamment le cas avec la voiture \u00e9lectrique de Ford qui embarque sur son toit des panneaux solaires qui permettent en moins d\u2019une journ\u00e9e d\u2019accumuler autant d\u2019\u00e9nergie qu\u2019en quatre heures connect\u00e9e \u00e0 une borne.<\/p>\n<p>De son c\u00f4t\u00e9 Audi aurait fait un partenariat avec Google afin de faire fonctionner sa console (musique, GPS, services,\u2026) avec Android, le syst\u00e8me d\u2019exploitation le plus utilis\u00e9 sur mobile et concurrencerait ainsi Apple.<\/p>\n<p>On aura aussi l\u2019occasion de d\u00e9couvrir de nouveaux mobiles aux fonctions de plus en plus pouss\u00e9es, des tablettes qui ne font plus qu\u2019un avec les ordinateurs ou encore les imprimantes 3D qui font leur entr\u00e9e dans le domaine du grand public, bien que leurs prix soient encore peu accessibles.<\/p>\n<p>A suivre pendant la grande messe de l\u2019innovation technologique\u2026<\/p>\n<p><!-- AddThis Advanced Settings above via filter on the_content --><!-- AddThis Advanced Settings below via filter on the_content --><!-- AddThis Advanced Settings generic via filter on the_content --><!-- AddThis Share Buttons above via filter on the_content --><!-- AddThis Share Buttons below via filter on the_content --><!-- AddThis Share Buttons generic via filter on the_content --><\/div>\n<p>[ad_2]<br \/>\n<br \/><a href=\"https:\/\/www.seniors-connectes.com\/actus\/ces-2014\">Source link <\/a><\/p>\n","protected":false},"excerpt":{"rendered":"<p>[ad_1] Le Consumer Electronics Show 2014 (CES) ouvre ses portes le 7 janvier \u00e0 Las Vegas. Cette grande messe du &hellip; <a href=\"https:\/\/www.affinite.fr\/index.php\/2020\/02\/15\/ces-2014-les-innovations-les-plus-attendues\/\" class=\"more-link\">Plus <span class=\"screen-reader-text\">CES 2014 : les innovations les plus attendues<\/span> <span class=\"meta-nav\">&rarr;<\/span><\/a><\/p>\n","protected":false},"author":1,"featured_media":29,"comment_status":"open","ping_status":"open","sticky":false,"template":"","format":"standard","meta":{"_sitemap_exclude":false,"_sitemap_priority":"","_sitemap_frequency":"","footnotes":""},"categories":[1],"tags":[],"class_list":["post-28","post","type-post","status-publish","format-standard","has-post-thumbnail","hentry","category-tous"],"_links":{"self":[{"href":"https:\/\/www.affinite.fr\/index.php\/wp-json\/wp\/v2\/posts\/28"}],"collection":[{"href":"https:\/\/www.affinite.fr\/index.php\/wp-json\/wp\/v2\/posts"}],"about":[{"href":"https:\/\/www.affinite.fr\/index.php\/wp-json\/wp\/v2\/types\/post"}],"author":[{"embeddable":true,"href":"https:\/\/www.affinite.fr\/index.php\/wp-json\/wp\/v2\/users\/1"}],"replies":[{"embeddable":true,"href":"https:\/\/www.affinite.fr\/index.php\/wp-json\/wp\/v2\/comments?post=28"}],"version-history":[{"count":0,"href":"https:\/\/www.affinite.fr\/index.php\/wp-json\/wp\/v2\/posts\/28\/revisions"}],"wp:featuredmedia":[{"embeddable":true,"href":"https:\/\/www.affinite.fr\/index.php\/wp-json\/wp\/v2\/media\/29"}],"wp:attachment":[{"href":"https:\/\/www.affinite.fr\/index.php\/wp-json\/wp\/v2\/media?parent=28"}],"wp:term":[{"taxonomy":"category","embeddable":true,"href":"https:\/\/www.affinite.fr\/index.php\/wp-json\/wp\/v2\/categories?post=28"},{"taxonomy":"post_tag","embeddable":true,"href":"https:\/\/www.affinite.fr\/index.php\/wp-json\/wp\/v2\/tags?post=28"}],"curies":[{"name":"wp","href":"https:\/\/api.w.org\/{rel}","templated":true}]}}