{"id":2759,"date":"2020-05-12T00:42:42","date_gmt":"2020-05-12T00:42:42","guid":{"rendered":"https:\/\/www.affinite.fr\/index.php\/2020\/05\/12\/anonymat-respect-des-libertes-comment-va-fonctionner-le-fichier-contact-covid\/"},"modified":"2020-05-12T00:42:42","modified_gmt":"2020-05-12T00:42:42","slug":"anonymat-respect-des-libertes-comment-va-fonctionner-le-fichier-contact-covid","status":"publish","type":"post","link":"https:\/\/www.affinite.fr\/index.php\/2020\/05\/12\/anonymat-respect-des-libertes-comment-va-fonctionner-le-fichier-contact-covid\/","title":{"rendered":"Anonymat, respect des libert\u00e9s,&#8230; :\u00a0 comment va fonctionner le fichier Contact Covid ?"},"content":{"rendered":"<p> [ad_1]<br \/>\n<br \/><img decoding=\"async\" src=\"https:\/\/img.bfmtv.com\/i\/0\/0\/bb070c9b\/c1e1949759c197ed380795af.jpeg\" \/><\/p>\n<div itemprop=\"articleBody\">\n<p>Parmi les mesures phares de la loi de prolongation d\u2019urgence sanitaire, <a href=\"https:\/\/www.01net.com\/actualites\/covid-19-la-france-veut-mettre-en-place-deux-fichiers-recensant-les-malades-1907426.html\" target=\"_blank\" rel=\"noopener noreferrer\">deux nouveaux fichiers<\/a> seront destin\u00e9s \u00e0 faire du contact tracing pour\u00a0tenter de casser les cha\u00eenes de contamination du Covid-19. Ils entreront en application lorsque la CNIL aura approuv\u00e9 le d\u00e9cret du gouvernement qui les concernent. Leur entr\u00e9e en vigueur est attendue dans la semaine.<\/p>\n<h3 style=\"color:#333; font-family:arial,helvetica,sans-serif; font-size:23px; font-weight:700\">Quels sont ces fichiers ?<\/h3>\n<p>Il y a d\u2019abord le <strong>SI-DEP<\/strong> (Service int\u00e9gr\u00e9 de d\u00e9pistage et de pr\u00e9vention), une base de donn\u00e9es recensant tous les r\u00e9sultats positifs au Covid-19. Les informations seront entr\u00e9es automatiquement \u00e0 partir des r\u00e9sultats en laboratoire. Les donn\u00e9es personnelles devraient \u00eatre expurg\u00e9es et les malades d\u00e9sign\u00e9s par un pseudonyme.<br \/>Le SI-DEP permettra notamment de s\u2019assurer que des cas positifs ne passent pas entre les mailles du filet du dispositif Contact Covid. Il servira aussi \u00e0 donner rapidement une vue globale de la progression de la pand\u00e9mie aux autorit\u00e9s sanitaires.<\/p>\n<p>Le gros du dispositif se joue avec <strong>Contact Covid<\/strong>. Comme nous l\u2019avions d\u00e9j\u00e0 \u00e9voqu\u00e9, ce sont les m\u00e9decins de ville qui ont pour mission de collecter les premi\u00e8res donn\u00e9es dans le nouveau service en ligne Contact Covid, disponible sur la plate-forme <strong>amelipro<\/strong>.<br \/>Le m\u00e9decin va fournir un formulaire \u00e0 tous ses patients test\u00e9s positifs au Covid-19, de mani\u00e8re \u00e0 dresser la liste des personnes ayant \u00e9t\u00e9 en contact avec eux durant les 48 heures pr\u00e9c\u00e9dant les sympt\u00f4mes. Chaque individu sera en droit de refuser de collaborer.\u00a0A ce stade, il sera aussi possible de s\u2019opposer \u00e0 ce que son identit\u00e9 soit d\u00e9voil\u00e9e aux \u00ab cas contacts \u00bb.<\/p>\n<h3 style=\"color:#333; font-family:arial,helvetica,sans-serif; font-size:23px; font-weight:700\">Quelles donn\u00e9es seront collect\u00e9es ?<\/h3>\n<p>Si les cas contacts sont des membres de la cellule familiale, le m\u00e9decin collecte syst\u00e9matiquement les noms, date de naissance, adresses et coordonn\u00e9es. Ce sera \u00e9galement le cas pour les personnes ayant eu un contact direct en face \u00e0 face durant plusieurs \u00e9pisodes de toux ou d\u2019\u00e9ternuement.<\/p>\n<p>Le praticien pourra laisser \u00e0 l\u2019Assurance maladie le soin de recueillir les informations pour les autres cas de figure, \u00e0 savoir\u00a0: des \u00e9l\u00e8ves ou des enseignants de la m\u00eame classe, des personnes ayant partag\u00e9 un m\u00eame espace pendant au moins 15 minutes, des personnes ayant prodigu\u00e9 ou re\u00e7u des actes d\u2019hygi\u00e8ne ou de soins.<\/p>\n<p>Contrairement \u00e0 ce qui avait \u00e9t\u00e9 pr\u00e9vu par le gouvernement, les m\u00e9decins ne percevront pas de bonus financier \u00e0 chaque contact suppl\u00e9mentaire enregistr\u00e9. En revanche, ils pourront majorer le prix de leur consultation de trente euros lorsqu\u2019il\u00a0s\u2019agit d\u2019un patient Covid-19.<\/p>\n<aside class=\"bg-color-0 padding-inside-all-s bloc border-s\">\n<h4 class=\"box-txt-normal\">\n<p><strong>A d\u00e9couvrir aussi en vid\u00e9o<\/strong><\/p>\n<\/h4>\n<\/aside>\n<h3 style=\"color:#333; font-family:arial,helvetica,sans-serif; font-size:23px; font-weight:700\">Qui aura acc\u00e8s aux informations ?<\/h3>\n<p>Ce sont ensuite les personnels des caisses primaires de l\u2019Assurance maladie qui prennent le relai. Ils sp\u00e9cifient les cas positifs au Covid-19 dans les dossiers individuels des Fran\u00e7ais et indiquent les cas contact.<\/p>\n<blockquote>\n<p><em>\u00ab\u00a0Nous ne recueillerons pas la nature du contact\u00a0\u00bb<\/em>, a pr\u00e9cis\u00e9 le ministre de la Sant\u00e9, Olivier V\u00e9ran, sur l\u2019antenne de RMC ce matin.<\/p>\n<\/blockquote>\n<p>Il n&rsquo;est ainsi pas question de savoir si vous avez d\u00e9jeun\u00e9 avec un proche ou convers\u00e9 avec un inconnu.<br \/>Pour rassurer l&rsquo;opinion publique, le ministre a aussi soulign\u00e9 que les personnels de l\u2019Assurance maladie avaient d\u00e9j\u00e0 acc\u00e8s aux motifs d\u2019arr\u00eat de travail des Fran\u00e7ais ou encore \u00e0 la mention d&rsquo;une maladie chronique.<\/p>\n<p>Le directeur de l\u2019Assurance maladie, Nicolas Revel, a rappel\u00e9, de son c\u00f4t\u00e9, la d\u00e9ontologie des personnels sur France Info ce matin.<\/p>\n<blockquote>\n<p>\u00ab <em>L\u2019Assurance maladie est la gardienne des donn\u00e9es de sant\u00e9 des Fran\u00e7ais depuis plusieurs d\u00e9cennies\u00a0\u00bb<\/em>, a-t-il d\u00e9clar\u00e9.<\/p>\n<\/blockquote>\n<p>Dans les territoires o\u00f9 il y aurait beaucoup de cas \u00e0 identifier et o\u00f9 l\u2019Assurance maladie se trouverait d\u00e9bord\u00e9e, ce sont les personnels des Agences r\u00e9gionales de sant\u00e9 qui viendraient en renfort. Les cas complexes, notamment dans les <em>clusters<\/em>, pourront \u00eatre \u00e9galement trait\u00e9s par les agents de Sant\u00e9 publique France.<\/p>\n<p>Les cas contact\u00a0seront invit\u00e9s \u00e0 se faire tester et \u00e0 s\u2019isoler en attendant les r\u00e9sultats. Ils b\u00e9n\u00e9ficieront de tests et de masques sans prescription m\u00e9diale.<\/p>\n<h3 style=\"color:#333; font-family:arial,helvetica,sans-serif; font-size:23px; font-weight:700\">Combien de temps seront conserv\u00e9s les fichiers ?<\/h3>\n<p>A l&rsquo;origine, le gouvernement\u00a0 pr\u00e9voyait de conserver ces syst\u00e8mes d\u2019information durant toute l\u2019\u00e9pid\u00e9mie et au plus tard <em>\u00ab\u00a0durant un an \u00e0 compter de la publication de la loi\u00a0\u00bb<\/em>. Les parlementaires ont restreint cette dur\u00e9e \u00e0 trois mois. Le S\u00e9nat a \u00e9galement exig\u00e9 la cr\u00e9ation d&rsquo;une instance de contr\u00f4le et un droit individuel \u00e0 l&rsquo;opposition \u00e0 l&rsquo;inscription au fichier.<\/p>\n<p><strong>Sources : <\/strong><a href=\"https:\/\/www.ameli.fr\/medecin\/actualites\/les-medecins-au-coeur-du-circuit-de-contact-tracing-des-patients-covid-19\" target=\"_blank\" rel=\"noopener noreferrer\">Assurance maladie<\/a>, <a href=\"https:\/\/solidarites-sante.gouv.fr\/soins-et-maladies\/maladies\/maladies-infectieuses\/coronavirus\/tout-savoir-sur-le-covid-19\/article\/contact-covid-si-dep\" target=\"_blank\" rel=\"noopener noreferrer\">minist\u00e8re de la Sant\u00e9, <\/a><a href=\"https:\/\/rmc.bfmtv.com\/mediaplayer\/video\/olivier-veran-repond-aux-questions-de-jean-jacques-bourdin-sur-rmc-et-bfmtv-1246365.html\" target=\"_blank\" rel=\"noopener noreferrer\">RMC, <\/a><a href=\"http:\/\/www.leparisien.fr\/societe\/sante\/contact-covid-cinq-minutes-pour-comprendre-ce-fichier-qui-fait-polemique-08-05-2020-8313384.php\" target=\"_blank\" rel=\"noopener noreferrer\">Le Parisien<\/a><\/p>\n<\/p><\/div>\n<p><script>\n         !function(f,b,e,v,n,t,s){if(f.fbq)return;n=f.fbq=function()\n         {n.callMethod? n.callMethod.apply(n,arguments):n.queue.push(arguments)}\n         ;if(!f._fbq)f._fbq=n;\n             n.push=n;n.loaded=!0;n.version='2.0';n.queue=[];t=b.createElement(e);t.async=!0;\n             t.src=v;s=b.getElementsByTagName(e)[0];s.parentNode.insertBefore(t,s)}(window,\n                 document,'script','https:\/\/connect.facebook.net\/en_US\/fbevents.js');\n         fbq('init', '1065890633454496');\n         fbq('track', 'PageView');\n     <\/script><br \/>\n<br \/>[ad_2]<br \/>\n<br \/><a href=\"https:\/\/www.01net.com\/actualites\/anonymat-respect-des-libertes-comment-va-fonctionner-le-fichier-contact-covid-1912004.html\">Source link <\/a><\/p>\n","protected":false},"excerpt":{"rendered":"<p>[ad_1] Parmi les mesures phares de la loi de prolongation d\u2019urgence sanitaire, deux nouveaux fichiers seront destin\u00e9s \u00e0 faire du &hellip; <a href=\"https:\/\/www.affinite.fr\/index.php\/2020\/05\/12\/anonymat-respect-des-libertes-comment-va-fonctionner-le-fichier-contact-covid\/\" class=\"more-link\">Plus <span class=\"screen-reader-text\">Anonymat, respect des libert\u00e9s,&#8230; :\u00a0 comment va fonctionner le fichier Contact Covid ?<\/span> <span class=\"meta-nav\">&rarr;<\/span><\/a><\/p>\n","protected":false},"author":1,"featured_media":2760,"comment_status":"open","ping_status":"open","sticky":false,"template":"","format":"standard","meta":{"_sitemap_exclude":false,"_sitemap_priority":"","_sitemap_frequency":"","footnotes":""},"categories":[1],"tags":[],"class_list":["post-2759","post","type-post","status-publish","format-standard","has-post-thumbnail","hentry","category-tous"],"_links":{"self":[{"href":"https:\/\/www.affinite.fr\/index.php\/wp-json\/wp\/v2\/posts\/2759"}],"collection":[{"href":"https:\/\/www.affinite.fr\/index.php\/wp-json\/wp\/v2\/posts"}],"about":[{"href":"https:\/\/www.affinite.fr\/index.php\/wp-json\/wp\/v2\/types\/post"}],"author":[{"embeddable":true,"href":"https:\/\/www.affinite.fr\/index.php\/wp-json\/wp\/v2\/users\/1"}],"replies":[{"embeddable":true,"href":"https:\/\/www.affinite.fr\/index.php\/wp-json\/wp\/v2\/comments?post=2759"}],"version-history":[{"count":0,"href":"https:\/\/www.affinite.fr\/index.php\/wp-json\/wp\/v2\/posts\/2759\/revisions"}],"wp:featuredmedia":[{"embeddable":true,"href":"https:\/\/www.affinite.fr\/index.php\/wp-json\/wp\/v2\/media\/2760"}],"wp:attachment":[{"href":"https:\/\/www.affinite.fr\/index.php\/wp-json\/wp\/v2\/media?parent=2759"}],"wp:term":[{"taxonomy":"category","embeddable":true,"href":"https:\/\/www.affinite.fr\/index.php\/wp-json\/wp\/v2\/categories?post=2759"},{"taxonomy":"post_tag","embeddable":true,"href":"https:\/\/www.affinite.fr\/index.php\/wp-json\/wp\/v2\/tags?post=2759"}],"curies":[{"name":"wp","href":"https:\/\/api.w.org\/{rel}","templated":true}]}}