{"id":2691,"date":"2020-05-08T13:15:47","date_gmt":"2020-05-08T13:15:47","guid":{"rendered":"https:\/\/www.affinite.fr\/index.php\/2020\/05\/08\/laeticia-et-joy-hallyday-dansent-et-chantent-sur-instagram-video\/"},"modified":"2020-05-08T13:15:47","modified_gmt":"2020-05-08T13:15:47","slug":"laeticia-et-joy-hallyday-dansent-et-chantent-sur-instagram-video","status":"publish","type":"post","link":"https:\/\/www.affinite.fr\/index.php\/2020\/05\/08\/laeticia-et-joy-hallyday-dansent-et-chantent-sur-instagram-video\/","title":{"rendered":"Laeticia et Joy Hallyday dansent et chantent sur Instagram [VIDEO]"},"content":{"rendered":"<p> [ad_1]<br \/>\n<br \/><img decoding=\"async\" src=\"https:\/\/img-3.journaldesfemmes.fr\/0CyLtXzgT92IMkx--z_IIWUDYFw=\/1280x\/smart\/162289925bfe46859ed59a3824deb363\/ccmcms-jdf\/15519207.jpg\" \/><\/p>\n<p>\n                En confinement sous le soleil californien, Laeticia Hallyday, Jade et Joy tentent de passer le temps. Et c&rsquo;est lumineuse et souriante que la maman de 45\u00a0ans est apparue sur Instagram en compagnie de sa cadette. Le duo m\u00e8re-fille se d\u00e9hanche joyeusement\u00a0!            <\/p>\n<div>\n<p>Malgr\u00e9 la pand\u00e9mie, Laeticia Hallyday garde le sourire. Confin\u00e9e avec ses deux filles Jade et Joy dans leur r\u00e9sidence de Los Angeles et <strong>loin\u00a0de <a href=\"https:\/\/www.journaldesfemmes.fr\/people\/magazine\/2627261-laeticia-hallyday-la-surprise-de-pascal-balland-pour-ses-45-ans\/\">son compagnon Pascal Balland<\/a><\/strong>, la veuve du Taulier s&rsquo;occupe : balade avec les chiens, sortie courses, <a href=\"https:\/\/www.journaldesfemmes.fr\/people\/magazine\/2631077-carla-bruni-sarkozy-celine-dion-photos\/2633755-joy-hallyday-et-laeticia-hallyday\">tombola solidaire<\/a> mais aussi apprentissage des r\u00e9seaux sociaux !<br \/><a href=\"https:\/\/www.journaldesfemmes.fr\/people\/magazine\/2622027-jade-hallyday-en-joie-a-son-premier-bal-de-promo-photos\/\">Jade, 15 ans<\/a>, regroupe plus de 88 000\u00a0abonn\u00e9s sur son compte Instagram o\u00f9 elle poste de nombreux clich\u00e9s avec ses amis.\u00a0<a href=\"https:\/\/www.journaldesfemmes.fr\/people\/magazine\/2617679-joy-halliday-declare-sa-flamme-a-son-petit-copain-sur-instagram\/\">Joy, 11 ans<\/a>, suit doucement l&rsquo;exemple de sa grande s\u0153ur et\u00a0Laeticia Hallyday se met r\u00e9guli\u00e8rement \u00e0 jour sur les nouvelles tendances gr\u00e2ce \u00e0 ses deux ados.<\/p>\n<p><strong>Laeticia Hallyday se met \u00e0 la danse<\/strong><\/p>\n<p>Et c&rsquo;est un challenge <em>TikTok<\/em> que\u00a0<a href=\"https:\/\/www.journaldesfemmes.fr\/people\/magazine\/1307934-photos-laeticia-hallyday-anniversaire-45-ans-confinee-jade-joy-pascal-balland\/\">la jolie blonde de 45\u00a0ans<\/a> a tent\u00e9 de relever !<\/p>\n<p>En tenue de sport, legging et brassi\u00e8re d\u00e9voilant son ventre plat, <strong>Laeticia Hallyday s&rsquo;est illustr\u00e9e avec Joy sur quelques pas de danse\u00a0<\/strong>au son de <em>Rose<\/em>\u00a0de\u00a0SAINt JHN, sur Instagram.<\/p>\n<p>Le d\u00e9hanch\u00e9 et le playback assur\u00e9s, la jeune fille a parfaitement int\u00e9gr\u00e9\u00a0la chor\u00e9graphie qu&rsquo;elle ex\u00e9cute en rythme, tandis que sa maman essayait de reproduire plus lentement\u00a0les mouvements.<\/p>\n<aside id=\"NL_1850958374\" class=\"newsletter_subscription jNlBlock\"><noscript><br \/>\n            <\/noscript><\/p>\n<h3 class=\"newsletter_subscription-title\">Newsletter <\/h3>\n<p><a href=\"\/\/mailing.ccmbg.com\/archive\/last-85\" target=\"_blank\" class=\"a_hover\" rel=\"noopener noreferrer\">Voir un exemple<\/a><\/p>\n<\/aside>\n<p>\u00ab\u00a0<em>Des moments pr\u00e9cieux avec mon petit amour\u00a0\u00bb, <\/em>a-t-elle \u00e9crit en l\u00e9gende, ajoutant <em>\u00ab\u00a0en tentant de suivre ma dancing queen\u00a0\u00bb. <\/em><\/p>\n<p>Un joli duo qui a ravi les fans du clan Hallyday sur le r\u00e9seau social\u00a0!<\/p>\n<\/p><\/div>\n<p>[ad_2]<br \/>\n<br \/><a href=\"https:\/\/www.journaldesfemmes.fr\/people\/magazine\/2635001-laeticia-hallyday-et-sa-fille-joy-dansent-chantent-tiktok-instagram-video\/\">Source link <\/a><\/p>\n","protected":false},"excerpt":{"rendered":"<p>[ad_1] En confinement sous le soleil californien, Laeticia Hallyday, Jade et Joy tentent de passer le temps. Et c&rsquo;est lumineuse &hellip; <a href=\"https:\/\/www.affinite.fr\/index.php\/2020\/05\/08\/laeticia-et-joy-hallyday-dansent-et-chantent-sur-instagram-video\/\" class=\"more-link\">Plus <span class=\"screen-reader-text\">Laeticia et Joy Hallyday dansent et chantent sur Instagram [VIDEO]<\/span> <span class=\"meta-nav\">&rarr;<\/span><\/a><\/p>\n","protected":false},"author":1,"featured_media":2692,"comment_status":"open","ping_status":"open","sticky":false,"template":"","format":"standard","meta":{"_sitemap_exclude":false,"_sitemap_priority":"","_sitemap_frequency":"","footnotes":""},"categories":[1],"tags":[],"class_list":["post-2691","post","type-post","status-publish","format-standard","has-post-thumbnail","hentry","category-tous"],"_links":{"self":[{"href":"https:\/\/www.affinite.fr\/index.php\/wp-json\/wp\/v2\/posts\/2691"}],"collection":[{"href":"https:\/\/www.affinite.fr\/index.php\/wp-json\/wp\/v2\/posts"}],"about":[{"href":"https:\/\/www.affinite.fr\/index.php\/wp-json\/wp\/v2\/types\/post"}],"author":[{"embeddable":true,"href":"https:\/\/www.affinite.fr\/index.php\/wp-json\/wp\/v2\/users\/1"}],"replies":[{"embeddable":true,"href":"https:\/\/www.affinite.fr\/index.php\/wp-json\/wp\/v2\/comments?post=2691"}],"version-history":[{"count":0,"href":"https:\/\/www.affinite.fr\/index.php\/wp-json\/wp\/v2\/posts\/2691\/revisions"}],"wp:featuredmedia":[{"embeddable":true,"href":"https:\/\/www.affinite.fr\/index.php\/wp-json\/wp\/v2\/media\/2692"}],"wp:attachment":[{"href":"https:\/\/www.affinite.fr\/index.php\/wp-json\/wp\/v2\/media?parent=2691"}],"wp:term":[{"taxonomy":"category","embeddable":true,"href":"https:\/\/www.affinite.fr\/index.php\/wp-json\/wp\/v2\/categories?post=2691"},{"taxonomy":"post_tag","embeddable":true,"href":"https:\/\/www.affinite.fr\/index.php\/wp-json\/wp\/v2\/tags?post=2691"}],"curies":[{"name":"wp","href":"https:\/\/api.w.org\/{rel}","templated":true}]}}