{"id":2681,"date":"2020-05-07T20:28:09","date_gmt":"2020-05-07T20:28:09","guid":{"rendered":"https:\/\/www.affinite.fr\/index.php\/2020\/05\/07\/leurope-encadre-sans-ambiguite-lutilisation-des-cookies-et-le-traitement-des-donnees-personnelles\/"},"modified":"2020-05-07T20:28:09","modified_gmt":"2020-05-07T20:28:09","slug":"leurope-encadre-sans-ambiguite-lutilisation-des-cookies-et-le-traitement-des-donnees-personnelles","status":"publish","type":"post","link":"https:\/\/www.affinite.fr\/index.php\/2020\/05\/07\/leurope-encadre-sans-ambiguite-lutilisation-des-cookies-et-le-traitement-des-donnees-personnelles\/","title":{"rendered":"L&rsquo;Europe encadre \u00ab\u00a0sans ambigu\u00eft\u00e9\u00a0\u00bb l&rsquo;utilisation des cookies et le traitement des donn\u00e9es personnelles"},"content":{"rendered":"<p> [ad_1]<br \/>\n<br \/><img decoding=\"async\" src=\"https:\/\/img.bfmtv.com\/i\/0\/0\/7f5\/326bf5d2975896f844814a30bde2a.jpeg\" \/><\/p>\n<div itemprop=\"articleBody\">\n<p>Le Comit\u00e9\u00a0europ\u00e9en de la protection des donn\u00e9es (CEPD) a r\u00e9vis\u00e9 ses lignes directrices \u00e0 propos du principe de consentement, pierre angulaire du <a href=\"https:\/\/www.01net.com\/actualites\/comment-le-rgpd-va-proteger-vos-donnees-personnelles-1454674.html\" target=\"_blank\" rel=\"noopener noreferrer\">RGPD<\/a>. Selon la l\u00e9gislation\u00a0europ\u00e9enne, pour \u00eatre valide, un consentement doit \u00eatre libre, \u00e9clair\u00e9, sp\u00e9cifique et univoque.<br \/>Une fois ces conditions pos\u00e9es, des zones d\u2019ombre ont n\u00e9anmoins persist\u00e9&#8230; et ont \u00e9t\u00e9\u00a0exploit\u00e9es, notamment gr\u00e2ce aux\u00a0<em>cookies<\/em>. Pour rappel, ces t\u00e9moins de navigation sont des fichiers d\u00e9pos\u00e9s par le navigateur sur votre ordinateur lorsque vous surfez sur\u00a0le Web, qui peuvent ensuite \u00eatre utilis\u00e9s \u00e0 des fins commerciales.<\/p>\n<h3 style=\"color:#333; font-family:arial,helvetica,sans-serif; font-size:23px; font-weight:700\">Le\u00a0mur\u00a0de cookies, un obstacle au consentement<\/h3>\n<p>Afin de mieux prot\u00e9ger les internautes, le r\u00e9gulateur communautaire a tenu \u00e0 pr\u00e9ciser deux points cruciaux.\u00a0Il s\u2019attaque d\u2019abord au principe des \u00ab\u00a0<em>murs de cookies\u00a0<\/em>\u00bb.<br \/>Le CEPD a tranch\u00e9 : aucun site ne peut conditionner l\u2019acc\u00e8s \u00e0 son contenu au traitement de vos donn\u00e9es personnelles. Une pratique\u00a0pourtant tr\u00e8s r\u00e9pandue sur le Web.\u00a0<\/p>\n<blockquote>\n<p>\u00ab\u00a0<em>Le CEPD estime que le consentement ne peut pas \u00eatre consid\u00e9r\u00e9 comme libre si<\/em>\u00a0[un site Web, NDLR] <em>fait valoir qu\u2019un choix existe entre, d\u2019une part, l\u2019acc\u00e8s \u00e0 son service qui implique le consentement \u00e0 l\u2019utilisation de donn\u00e9es personnelles, et, d\u2019autre part, un service \u00e9quivalent offert par un tiers.<\/em> [\u2026] <em>Ce qui signifie qu\u2019un prestataire ne peut emp\u00eacher les personnes concern\u00e9es d\u2019acc\u00e9der \u00e0 un service au motif qu\u2019elles n\u2019y consentent pas<\/em>\u00a0\u00bb, d\u00e9taille le paragraphe 38 des lignes directives actualis\u00e9es au 4 mai 2020.\u00a0<\/p>\n<\/blockquote>\n<h3 style=\"color:#333; font-family:arial,helvetica,sans-serif; font-size:23px; font-weight:700\">Comme seule alternative \u00ab accepter\u00a0\u00bb\u00a0ne vaut pas<\/h3>\n<p style=\"color:#333; font-family:arial,helvetica,sans-serif; font-size:18px\">Le document explicite, ensuite au point 40,\u00a0avec un exemple :<\/p>\n<blockquote>\n<p style=\"color:#333; font-family:arial,helvetica,sans-serif; font-size:18px\">\u00ab\u00a0<em>Un fournisseur de site Web met en place un script qui bloque la visibilit\u00e9 du contenu sauf pour<\/em> [la fen\u00eatre de la] <em>demande d\u2019acceptation de cookies et les informations sur les cookies qui seront mis en place et le traitement des donn\u00e9es.\u00a0Il n\u2019y a aucune possibilit\u00e9 d\u2019acc\u00e9der au contenu sans cliquer sur le bouton \u00ab\u00a0Accepter les cookies\u00a0\u00bb.\u00a0Puisque la personne concern\u00e9e ne fait pas un choix authentique, son consentement n&rsquo;est pas librement donn\u00e9. <\/em>\u00bb<\/p>\n<\/blockquote>\n<p>En clair, les \u00ab\u00a0murs de cookies\u00a0\u00bb qui emp\u00eachent d\u2019acc\u00e9der au contenu d\u2019un site sont illicites au regard de la l\u00e9gislation europ\u00e9enne. C\u2019est d\u00e9sormais \u00e9crit noir sur blanc.\u00a0<\/p>\n<aside class=\"bg-color-0 padding-inside-all-s bloc border-s\">\n<h4 class=\"box-txt-normal\">\n<p><strong>\u00c0 d\u00e9couvrir aussi en vid\u00e9o<\/strong><\/p>\n<\/h4>\n<\/aside>\n<h3 style=\"color:#333; font-family:arial,helvetica,sans-serif; font-size:23px; font-weight:700\">\u00ab Sans ambigu\u00eft\u00e9\u00a0\u00bb, la r\u00e8gle d&rsquo;or<\/h3>\n<p>De plus, le CEPD insiste sur l\u2019importance du\u00a0\u00ab\u00a0sans ambigu\u00eft\u00e9\u00a0\u00bb que\u00a0doit rev\u00eatir le consentement de l\u2019internaute pour \u00eatre valide. De m\u00eame que la condition d\u2019acc\u00e8s \u00e0 un site ne peut \u00eatre le consentement, ce dernier ne peut pas \u00eatre seulement valable\u00a0s\u2019il existe par le fait de poursuivre sa navigation.\u00a0<\/p>\n<blockquote>\n<p>Les sites \u00ab\u00a0<em>doivent concevoir des m\u00e9canismes de consentement clairs pour les personnes concern\u00e9es,<\/em> [\u2026] <em>\u00e9viter toute ambigu\u00eft\u00e9 et faire en sorte que l\u2019action par laquelle le consentement est donn\u00e9 puisse \u00eatre distingu\u00e9e d\u2019autres actions.\u00a0<br \/>Par cons\u00e9quent, le simple fait de continuer \u00e0 utiliser un site Web n\u2019est pas un comportement \u00e0 partir duquel on peut d\u00e9duire une volont\u00e9 de la personne concern\u00e9e de signifier son accord au traitement de ses donn\u00e9es<\/em>\u00a0\u00bb, pr\u00e9cise le document dans le paragraphe 86.\u00a0<\/p>\n<\/blockquote>\n<h3 style=\"color:#333; font-family:arial,helvetica,sans-serif; font-size:23px; font-weight:700\">La libert\u00e9 d&rsquo;y renoncer<\/h3>\n<p>Pour \u00e9tayer, sa vision du consentement, le CEPD explique :<\/p>\n<blockquote>\n<p>\u00ab\u00a0<em>Des actions telles que laisser d\u00e9filer ou le \u00ab\u00a0scrolling\u00a0\u00bb d&rsquo;une page ne correspondent en aucun cas \u00e0 l\u2019exigence d\u2019une action claire et positive\u00a0<\/em>\u00bb induite par le consentement au regard\u00a0du RGPD.<\/p>\n<\/blockquote>\n<p>De fait, l\u2019action de consentir ne peut faire l\u2019objet d\u2019un amalgame avec les activit\u00e9s ou les interactions, en parall\u00e8le, de l\u2019utilisateur sur le site.<\/p>\n<p>L\u2019aspect actif du consentement doit aussi se retrouver dans la possibilit\u00e9 pour l\u2019utilisateur de pouvoir le retirer \u00e0 tout moment. Or, comment y renoncer si on ne sait m\u00eame pas comment on y a consenti ?\u00a0<\/p>\n<div data-force-click=\"true\" class=\"bloc\">\n<blockquote class=\"twitter-tweet\">\n<p lang=\"en\" dir=\"ltr\">The gem in the updated guidelines on <a href=\"https:\/\/twitter.com\/hashtag\/GDPR?src=hash&amp;ref_src=twsrc%5Etfw\">#GDPR<\/a> consent saying when action on a website may or may not constitute valid consent. Random user activity is not consent, for many reasons. Best reason: how to withdraw consent with equally random user activity? \ud83d\ude09 <a href=\"https:\/\/t.co\/lRmtFySA8Q\">https:\/\/t.co\/lRmtFySA8Q<\/a> <a href=\"https:\/\/t.co\/XktzldSUH0\">pic.twitter.com\/XktzldSUH0<\/a><\/p>\n<p>\u2014 Lukasz Olejnik (@lukOlejnik) <a href=\"https:\/\/twitter.com\/lukOlejnik\/status\/1257961751360016385?ref_src=twsrc%5Etfw\">May 6, 2020<\/a><\/p><\/blockquote><\/div>\n<p>Avec la mises \u00e0 jour de ses lignes directrices sur la protection des donn\u00e9es, le CEPD ne laisse plus de place \u00e0 l&rsquo;interpr\u00e9tation concernant les fen\u00eatres de <em>cookies <\/em>et l&rsquo;exploitation qui s&rsquo;en suit des donn\u00e9es personnelles \u00e0 l&rsquo;insu des utilisateurs. Les contours de cette notion juridique cl\u00e9 qu&rsquo;est le consentement sont donc d\u00e9sormais bien dessin\u00e9s, voire surlign\u00e9s. Les consignes sont on ne peut plus claires : les cookies doivent \u00eatre utilis\u00e9es dans les r\u00e8gles\u2026 et avec mod\u00e9ration.\u00a0<\/p>\n<h3 style=\"color:#333;font-family:arial,helvetica,sans-serif;font-size:23px;font-weight:700;\">\u00ab La Cnil des Cnil europ\u00e9ennes \u00bb<\/h3>\n<p>Cr\u00e9\u00e9 par le RPGD en mai 2018, le CEPD a pour mission\u00a0\u00ab <em>de clarifier les dispositions des actes l\u00e9gislatifs europ\u00e9ens en mati\u00e8re de protection des donn\u00e9es et, de cette mani\u00e8re, fournir aux acteurs concern\u00e9s une interpr\u00e9tation coh\u00e9rente de leurs droits et obligations<\/em> \u00bb, d\u00e9taille la <a href=\"https:\/\/www.cnil.fr\/fr\/le-comite-europeen-de-la-protection-des-donnees-cepd\" target=\"_blank\" rel=\"noopener noreferrer\">Commission nationale de l&rsquo;informatique et des libert\u00e9s<\/a> (Cnil). Plus simplement, c&rsquo;est \u00ab la Cnil des Cnil europ\u00e9ennes \u00bb.\u00a0<\/p>\n<p><strong>Source<\/strong> : <a href=\"https:\/\/edpb.europa.eu\/our-work-tools\/general-guidance\/gdpr-guidelines-recommendations-best-practices_fr\" target=\"_blank\" rel=\"noopener noreferrer\">CEPD<\/a> [<a href=\"https:\/\/edpb.europa.eu\/sites\/edpb\/files\/files\/file1\/edpb_guidelines_202005_consent_en.pdf\" target=\"_blank\" rel=\"noopener noreferrer\">PDF<\/a>]<\/p>\n<\/p><\/div>\n<p><script async src=\"http:\/\/platform.twitter.com\/widgets.js\" charset=\"utf-8\"><\/script><script>\n         !function(f,b,e,v,n,t,s){if(f.fbq)return;n=f.fbq=function()\n         {n.callMethod? n.callMethod.apply(n,arguments):n.queue.push(arguments)}\n         ;if(!f._fbq)f._fbq=n;\n             n.push=n;n.loaded=!0;n.version='2.0';n.queue=[];t=b.createElement(e);t.async=!0;\n             t.src=v;s=b.getElementsByTagName(e)[0];s.parentNode.insertBefore(t,s)}(window,\n                 document,'script','https:\/\/connect.facebook.net\/en_US\/fbevents.js');\n         fbq('init', '1065890633454496');\n         fbq('track', 'PageView');\n     <\/script><br \/>\n<br \/>[ad_2]<br \/>\n<br \/><a href=\"https:\/\/www.01net.com\/actualites\/l-europe-encadre-sans-ambiguite-l-utilisation-des-cookies-et-le-traitement-des-donnees-personnelles-1909380.html\">Source link <\/a><\/p>\n","protected":false},"excerpt":{"rendered":"<p>[ad_1] Le Comit\u00e9\u00a0europ\u00e9en de la protection des donn\u00e9es (CEPD) a r\u00e9vis\u00e9 ses lignes directrices \u00e0 propos du principe de consentement, &hellip; <a href=\"https:\/\/www.affinite.fr\/index.php\/2020\/05\/07\/leurope-encadre-sans-ambiguite-lutilisation-des-cookies-et-le-traitement-des-donnees-personnelles\/\" class=\"more-link\">Plus <span class=\"screen-reader-text\">L&rsquo;Europe encadre \u00ab\u00a0sans ambigu\u00eft\u00e9\u00a0\u00bb l&rsquo;utilisation des cookies et le traitement des donn\u00e9es personnelles<\/span> <span class=\"meta-nav\">&rarr;<\/span><\/a><\/p>\n","protected":false},"author":1,"featured_media":2682,"comment_status":"open","ping_status":"open","sticky":false,"template":"","format":"standard","meta":{"_sitemap_exclude":false,"_sitemap_priority":"","_sitemap_frequency":"","footnotes":""},"categories":[1],"tags":[],"class_list":["post-2681","post","type-post","status-publish","format-standard","has-post-thumbnail","hentry","category-tous"],"_links":{"self":[{"href":"https:\/\/www.affinite.fr\/index.php\/wp-json\/wp\/v2\/posts\/2681"}],"collection":[{"href":"https:\/\/www.affinite.fr\/index.php\/wp-json\/wp\/v2\/posts"}],"about":[{"href":"https:\/\/www.affinite.fr\/index.php\/wp-json\/wp\/v2\/types\/post"}],"author":[{"embeddable":true,"href":"https:\/\/www.affinite.fr\/index.php\/wp-json\/wp\/v2\/users\/1"}],"replies":[{"embeddable":true,"href":"https:\/\/www.affinite.fr\/index.php\/wp-json\/wp\/v2\/comments?post=2681"}],"version-history":[{"count":0,"href":"https:\/\/www.affinite.fr\/index.php\/wp-json\/wp\/v2\/posts\/2681\/revisions"}],"wp:featuredmedia":[{"embeddable":true,"href":"https:\/\/www.affinite.fr\/index.php\/wp-json\/wp\/v2\/media\/2682"}],"wp:attachment":[{"href":"https:\/\/www.affinite.fr\/index.php\/wp-json\/wp\/v2\/media?parent=2681"}],"wp:term":[{"taxonomy":"category","embeddable":true,"href":"https:\/\/www.affinite.fr\/index.php\/wp-json\/wp\/v2\/categories?post=2681"},{"taxonomy":"post_tag","embeddable":true,"href":"https:\/\/www.affinite.fr\/index.php\/wp-json\/wp\/v2\/tags?post=2681"}],"curies":[{"name":"wp","href":"https:\/\/api.w.org\/{rel}","templated":true}]}}