{"id":1994,"date":"2020-04-17T11:58:39","date_gmt":"2020-04-17T11:58:39","guid":{"rendered":"https:\/\/www.affinite.fr\/index.php\/2020\/04\/17\/romain-fils-de-christophe-et-michele-torr-maladie-et-desespoir\/"},"modified":"2020-04-17T11:58:39","modified_gmt":"2020-04-17T11:58:39","slug":"romain-fils-de-christophe-et-michele-torr-maladie-et-desespoir","status":"publish","type":"post","link":"https:\/\/www.affinite.fr\/index.php\/2020\/04\/17\/romain-fils-de-christophe-et-michele-torr-maladie-et-desespoir\/","title":{"rendered":"Romain, fils de Christophe et Mich\u00e8le Torr\u00a0: maladie et \u00ab\u00a0d\u00e9sespoir\u00a0\u00bb"},"content":{"rendered":"<p> [ad_1]<br \/>\n<br \/><img decoding=\"async\" src=\"https:\/\/img-3.journaldesfemmes.fr\/qhFWEXjZBFPwTUAtYgMouZOBmIo=\/1280x\/smart\/4054781f828e4f1e97adfa2ea5d52cea\/ccmcms-jdf\/15031941.jpg\" \/><\/p>\n<p>\n                En poussant son dernier soupir, Christophe a laiss\u00e9 derri\u00e8re lui sa fille Lucie, mais aussi le fils qu&rsquo;il n&rsquo;a jamais reconnu, Romain Vidal, n\u00e9 d&rsquo;une idylle avec Mich\u00e8le Torr. La chanteuse de 73\u00a0ans a toujours regrett\u00e9 cette absence de liens entre les deux hommes.            <\/p>\n<div>\n<p>Si <a href=\"https:\/\/www.journaldesfemmes.fr\/people\/evenements\/2631687-mort-christophe\/\"><strong>Christophe s&rsquo;est \u00e9teint<\/strong> aux c\u00f4t\u00e9s de sa fille Lucie<\/a>, 49 ans, n\u00e9e de son union avec V\u00e9ronique Kan, un membre de la famille manquait \u00e0 l&rsquo;appel pour faire ses adieux. <strong>Romain<\/strong> Vidal, <strong>fils du chanteur et de Mich\u00e8le Torr<\/strong>, que l&rsquo;interpr\u00e8te des <em>Mots Bleus <\/em>n&rsquo;a <strong>jamais reconnu<\/strong>. Malgr\u00e9 cette indiff\u00e9rence, l&rsquo;homme de 53 ans <a href=\"https:\/\/www.journaldesfemmes.fr\/people\/magazine\/2628429-macron-nabilla-francoise-hardy-meghan-markle-sheila-agnes-buzyn-thierry-godard\/2630743-christophe\">cherchait \u00ab\u00a0<em>d\u00e9sesp\u00e9r\u00e9ment<\/em>\u00a0\u00bb \u00e0 avoir des nouvelles de ce p\u00e8re<\/a> qui n&rsquo;en fut jamais vraiment un, et <strong>exprimait sa douleur <\/strong>dans une vid\u00e9o publi\u00e9e sur <em>YouTube<\/em> le 9 avril, alors que Christophe \u00e9tait hospitalis\u00e9, dans un \u00e9tat grave.<br \/>\u00ab\u00a0<em>J&rsquo;ai envoy\u00e9 un message \u00e0 ma demi-soeur Lucie le 31\u00a0mars, il y a tr\u00e8s longtemps de \u00e7a. N&rsquo;ayant pas de nouvelles d&rsquo;elle, je lui ai envoy\u00e9 un SMS le m\u00eame jour lui demandant de me tenir au courant de l&rsquo;\u00e9tat sant\u00e9 de notre p\u00e8re biologique. A ce jour je n&rsquo;ai rien. Je trouve \u00e7a\u2026 \u00c7a me fait tr\u00e8s mal<\/em>\u00ab\u00a0, avait-il d\u00e9plor\u00e9.<br \/>D\u00e9sormais, le <strong>fils de Mich\u00e8le Torr<\/strong> n&rsquo;aura plus jamais de nouvelles de son <strong>p\u00e8re biologique<\/strong>.\u00a0<\/p>\n<h2>Qui est Romain, fils de Mich\u00e8le Torr et abandonn\u00e9 par Christophe ?<\/h2>\n<p>C&rsquo;est en 1967 que Romain Vidal voit le jour, fruit d&rsquo;une br\u00e8ve <strong>idylle entre Mich\u00e8le Torr et <a href=\"https:\/\/www.journaldesfemmes.fr\/people\/christophe\/\" title=\"Christophe\">Christophe<\/a><\/strong>. L&rsquo;artiste ne reconna\u00eet pas ce fils, qui grandit aux c\u00f4t\u00e9s d&rsquo;une m\u00e8re qui tente, tant bien que mal, de combler <strong>l&rsquo;absence d&rsquo;un p\u00e8re<\/strong> en lui donnant tout son amour.\u00a0\u00ab\u00a0<em>Avec Christophe, on ne se voyait pas, on s&rsquo;\u00e9vitait un petit peu, je trouve \u00e7a dommage et b\u00eate<\/em>\u00ab\u00a0, expliquait la chanteuse \u00e0 <em>Non Stop People.\u00a0<\/em><\/p>\n<p>En 1969, alors que Romain n&rsquo;est qu&rsquo;un bambin, Mich\u00e8le Torr <strong>tombe amoureuse du r\u00e9alisateur\u00a0Jean Vidal<\/strong>, qui endosse le r\u00f4le d&rsquo;un\u00a0<strong>p\u00e8re pour le petit gar\u00e7on<\/strong>. \u00ab\u00a0<em>J&rsquo;avais un mari extraordinaire qui a \u00e9lev\u00e9 notre enfant, qui a \u00e9t\u00e9 magnifique, qui a \u00e9t\u00e9 le papa de Romain, qui a jou\u00e9 le r\u00f4le de p\u00e8re, qui a \u00e9t\u00e9 son p\u00e8re<\/em>\u00ab\u00a0, a ajout\u00e9 l&rsquo;artiste. En 1973, Romain a m\u00eame une petite s\u0153ur : sa m\u00e8re <strong>donne naissance \u00e0 une petite Emilie<\/strong>.<\/p>\n<h2>Divorce, dettes, violences : la descente aux enfers<\/h2>\n<p>Malgr\u00e9 le <strong>d\u00e9vouement de Jean Vidal<\/strong>, la\u00a0belle histoire entre Mich\u00e8le Torr et le p\u00e8re d&rsquo;adoption de Romain ne s&rsquo;ach\u00e8ve pas sur une note positive. Vingt ans apr\u00e8s leur mariage, ils <strong>divorcent<\/strong>. \u00ab\u00a0<em>J&rsquo;ai identifi\u00e9 la souffrance que je portais et la violence que je subissais depuis des ann\u00e9es. Quelque chose s&rsquo;est d\u00e9bloqu\u00e9 en moi et j&rsquo;ai quitt\u00e9 celui dont je partageais la vie<\/em>\u00ab\u00a0, a r\u00e9v\u00e9l\u00e9 l&rsquo;interpr\u00e8te de <em>Emm\u00e8ne-Moi Danser Ce Soir,<\/em> dans <em>Nous Deux<\/em>.<\/p>\n<p>Au moment de la s\u00e9paration, Mich\u00e8le Torr d\u00e9couvre avec effroi que celui qui a \u00e9t\u00e9 un v\u00e9ritable p\u00e8re pour Romain lui a laiss\u00e9 pas moins de <strong>cinq millions d&rsquo;euros\u00a0de dettes<\/strong>&#8230; qu&rsquo;elle se voit contrainte de <strong>rembourser elle-m\u00eame<\/strong>. \u00ab\u00a0<em>Mon mari, Jean Vidal, \u00e9tait tr\u00e8s li\u00e9 \u00e0 mes principaux collaborateurs. Quand j&rsquo;ai divorc\u00e9, j&rsquo;ai perdu aussi mon producteur, ma maison de disques. J&rsquo;ai d\u00e9couvert que j&rsquo;avais des dettes. On avait beaucoup d&rsquo;argent, on descendait dans des palaces, on achetait des maisons. Je ne me souciais de rien. Apr\u00e8s, j&rsquo;ai vendu plein de choses, j&rsquo;ai rembours\u00e9 l&rsquo;\u00e9quivalent de 5\u00a0millions de francs<\/em>\u00ab\u00a0, confie-t-elle en 2005 au <em>Parisien<\/em>.<\/p>\n<p>Apr\u00e8s ce f\u00e2cheux \u00e9pisode, Mich\u00e8le Torr renoue avec son ex-mari avec qui elle entretient\u00a0des<strong> rapports cordiaux\u00a0<\/strong>et qui continue d&rsquo;incarner une <strong>figure paternelle pour Romain<\/strong>&#8230; jusqu&rsquo;\u00e0 sa mort en 2003.\u00a0\u00ab\u00a0<em>Il y a eu un moment de tourmente au moment du divorce, mais nous nous sommes retrouv\u00e9s apr\u00e8s. Nous passions les No\u00ebl et les anniversaires ensemble, c&rsquo;\u00e9tait <strong>une vraie famille<\/strong><\/em>\u00ab\u00a0, a-t-elle expliqu\u00e9 dans <em>Nouvelle Vie<\/em>.<\/p>\n<h2>Mich\u00e8le Torr : la souffrance de son fils<\/h2>\n<p>Quelques temps apr\u00e8s les tourments du divorce et des probl\u00e8mes d&rsquo;argent, une autre calamit\u00e9 s&rsquo;abat sur Mich\u00e8le Torr : son <strong>fils Romain <\/strong>Vidal, devenu <strong>producteur de spectacles<\/strong>, apprend qu&rsquo;il est <a href=\"https:\/\/www.journaldesfemmes.fr\/people\/magazine\/2621321-florence-foresti-michele-torr-macron-emmanuelle-seigner\/2622981-michele-torr\">atteint d&rsquo;une <strong>scl\u00e9rose en plaques<\/strong><\/a>. D\u00e9sormais, celui-ci ne peut se d\u00e9placer sans<strong> fauteuil roulant<\/strong>.<\/p>\n<aside id=\"NL_1962877174\" class=\"newsletter_subscription jNlBlock\"><noscript><br \/>\n            <\/noscript><\/p>\n<h3 class=\"newsletter_subscription-title\">Newsletter <\/h3>\n<p><a href=\"\/\/mailing.ccmbg.com\/archive\/last-85\" target=\"_blank\" class=\"a_hover\" rel=\"noopener noreferrer\">Voir un exemple<\/a><\/p>\n<\/aside>\n<p>Mais la souffrance physique n&rsquo;est probablement pas plus lancinante que la douleur de la mort d&rsquo;un p\u00e8re, fut-il absent de sa vie&#8230;<\/p>\n<\/p><\/div>\n<p>[ad_2]<br \/>\n<br \/><a href=\"https:\/\/www.journaldesfemmes.fr\/people\/magazine\/2631749-michele-torr-christophe-fils-romain-vidal\/\">Source link <\/a><\/p>\n","protected":false},"excerpt":{"rendered":"<p>[ad_1] En poussant son dernier soupir, Christophe a laiss\u00e9 derri\u00e8re lui sa fille Lucie, mais aussi le fils qu&rsquo;il n&rsquo;a &hellip; <a href=\"https:\/\/www.affinite.fr\/index.php\/2020\/04\/17\/romain-fils-de-christophe-et-michele-torr-maladie-et-desespoir\/\" class=\"more-link\">Plus <span class=\"screen-reader-text\">Romain, fils de Christophe et Mich\u00e8le Torr\u00a0: maladie et \u00ab\u00a0d\u00e9sespoir\u00a0\u00bb<\/span> <span class=\"meta-nav\">&rarr;<\/span><\/a><\/p>\n","protected":false},"author":1,"featured_media":1995,"comment_status":"open","ping_status":"open","sticky":false,"template":"","format":"standard","meta":{"_sitemap_exclude":false,"_sitemap_priority":"","_sitemap_frequency":"","footnotes":""},"categories":[1],"tags":[],"class_list":["post-1994","post","type-post","status-publish","format-standard","has-post-thumbnail","hentry","category-tous"],"_links":{"self":[{"href":"https:\/\/www.affinite.fr\/index.php\/wp-json\/wp\/v2\/posts\/1994"}],"collection":[{"href":"https:\/\/www.affinite.fr\/index.php\/wp-json\/wp\/v2\/posts"}],"about":[{"href":"https:\/\/www.affinite.fr\/index.php\/wp-json\/wp\/v2\/types\/post"}],"author":[{"embeddable":true,"href":"https:\/\/www.affinite.fr\/index.php\/wp-json\/wp\/v2\/users\/1"}],"replies":[{"embeddable":true,"href":"https:\/\/www.affinite.fr\/index.php\/wp-json\/wp\/v2\/comments?post=1994"}],"version-history":[{"count":0,"href":"https:\/\/www.affinite.fr\/index.php\/wp-json\/wp\/v2\/posts\/1994\/revisions"}],"wp:featuredmedia":[{"embeddable":true,"href":"https:\/\/www.affinite.fr\/index.php\/wp-json\/wp\/v2\/media\/1995"}],"wp:attachment":[{"href":"https:\/\/www.affinite.fr\/index.php\/wp-json\/wp\/v2\/media?parent=1994"}],"wp:term":[{"taxonomy":"category","embeddable":true,"href":"https:\/\/www.affinite.fr\/index.php\/wp-json\/wp\/v2\/categories?post=1994"},{"taxonomy":"post_tag","embeddable":true,"href":"https:\/\/www.affinite.fr\/index.php\/wp-json\/wp\/v2\/tags?post=1994"}],"curies":[{"name":"wp","href":"https:\/\/api.w.org\/{rel}","templated":true}]}}