{"id":1897,"date":"2020-04-15T11:30:37","date_gmt":"2020-04-15T11:30:37","guid":{"rendered":"https:\/\/www.affinite.fr\/index.php\/2020\/04\/15\/notre-dame-du-numerique-la-plate-forme-scientifique-dediee-a-la-restauration-de-la-cathedrale-de-paris\/"},"modified":"2020-04-15T11:30:37","modified_gmt":"2020-04-15T11:30:37","slug":"notre-dame-du-numerique-la-plate-forme-scientifique-dediee-a-la-restauration-de-la-cathedrale-de-paris","status":"publish","type":"post","link":"https:\/\/www.affinite.fr\/index.php\/2020\/04\/15\/notre-dame-du-numerique-la-plate-forme-scientifique-dediee-a-la-restauration-de-la-cathedrale-de-paris\/","title":{"rendered":"\u00ab\u00a0Notre-Dame du num\u00e9rique\u00a0\u00bb, la plate-forme scientifique d\u00e9di\u00e9e \u00e0 la restauration de la cath\u00e9drale de Paris"},"content":{"rendered":"<p> [ad_1]<br \/>\n<br \/><img decoding=\"async\" src=\"https:\/\/img.bfmtv.com\/i\/0\/0\/43a\/08100f495cdf3e88b47c9c23766ab.jpg\" \/><\/p>\n<div itemprop=\"articleBody\">\n<p>Il y a un an, le 15 avril 2019, tous les yeux \u00e9taient braqu\u00e9s sur Notre-Dame de Paris en feu. Depuis, les travaux\u00a0avancent pour restaurer le plus fid\u00e8lement possible la cath\u00e9drale embl\u00e9matique. Dans un reportage vid\u00e9o, les chercheurs du Centre national de recherche scientifique (CNRS) nous embarquent au sein des d\u00e9combres pour voir au plus pr\u00e8s\u00a0\u00ab <em>les efforts d\u00e9ploy\u00e9s par l&rsquo;\u00e9quipe \u00ab\u00a0donn\u00e9es num\u00e9riques\u00a0\u00bb pour cr\u00e9er un double num\u00e9rique de Notre-Dame<\/em> \u00bb. Le\u00a0 chantier sur site s\u2019accompagne en effet d&rsquo;un vaste projet scientifique impliquant une cinquantaine d&rsquo;\u00e9quipes de recherche : \u00ab\u00a0<em>Notre Dame du num\u00e9rique<\/em>\u00a0\u00bb.\u00a0<\/p>\n<p>\n        <iframe loading=\"lazy\" class=\"video-c246c2cb19871b2f830953a08d0e9953\" width=\"560\" height=\"315\" src=\"http:\/\/www.youtube.com\/embed\/mTgSyWS7z5g\" frameborder=\"0\" allowfullscreen=\"\"><\/iframe><\/p>\n<h3 style=\"color:#333; font-family:arial,helvetica,sans-serif; font-size:23px; font-weight:700\">Le num\u00e9rique\u00a0\u00ab<em>\u00a0<\/em>contre la montre\u00a0\u00bb<\/h3>\n<p>Plusieurs outils sont utilis\u00e9s : capteurs, appareils photos mont\u00e9s sur cables, scanners, mod\u00e9lisation 3D\u2026 Tout est mis en oeuvre pour \u00eatre le plus pr\u00e9cis possible dans \u00ab<em>\u00a0cette course contre la montre\u00a0<\/em>\u00bb.<\/p>\n<p>La voix off explique que \u00ab <em>toutes les donn\u00e9es li\u00e9es \u00e0 la cath\u00e9drale produites par les scientifiques aujourd\u2019hui, mais aussi hier et demain, seront compil\u00e9es sur une plate-forme num\u00e9rique qui retrace les diff\u00e9rentes \u00e9tapes de la vie du monument<\/em> \u00bb.\u00a0Au fil des d\u00e9couvertes, l\u2019outil collaboratif \u00ab <em>permettra aux chercheurs et, surtout, aux restaurateurs de consulter, sur une plate-forme unique, toute la richesse des informations li\u00e9es au bois, \u00e0 la charpente, \u00e0 la pierre, au m\u00e9tal, \u00e0 la structure et m\u00eame \u00e0 l\u2019acoustique<\/em> \u00bb.\u00a0<\/p>\n<aside class=\"bg-color-0 padding-inside-all-s bloc border-s\">\n<h4 class=\"box-txt-normal\">\n<p><strong>\u00c0 d\u00e9couvrir aussi en vid\u00e9o<\/strong><\/p>\n<\/h4>\n<\/aside>\n<p>Cette plate-forme va amasser l&rsquo;immense base de donn\u00e9es d\u00e9j\u00e0 existantes sur un des\u00a0monuments historiques les plus visit\u00e9s du monde. Au lendemain de l&rsquo;incendie, les <a href=\"https:\/\/www.01net.com\/actualites\/comment-les-technologies-numeriques-aident-a-preserver-la-memoire-de-notre-dame-1674278.html\" target=\"_blank\" rel=\"noopener noreferrer\">technologies<\/a> ont \u00e9t\u00e9 sollicit\u00e9es pour garder la m\u00e9moire de Notre-Dame de Paris.\u00a0\u00a0\u00a0<\/p>\n<p><strong>Source<\/strong> : <a href=\"https:\/\/lejournal.cnrs.fr\/videos\/notre-dame-du-numerique\" target=\"_blank\" rel=\"noopener noreferrer\">Le journal du CNRS<\/a><\/p>\n<\/p><\/div>\n<p><script>\n         !function(f,b,e,v,n,t,s){if(f.fbq)return;n=f.fbq=function()\n         {n.callMethod? n.callMethod.apply(n,arguments):n.queue.push(arguments)}\n         ;if(!f._fbq)f._fbq=n;\n             n.push=n;n.loaded=!0;n.version='2.0';n.queue=[];t=b.createElement(e);t.async=!0;\n             t.src=v;s=b.getElementsByTagName(e)[0];s.parentNode.insertBefore(t,s)}(window,\n                 document,'script','https:\/\/connect.facebook.net\/en_US\/fbevents.js');\n         fbq('init', '1065890633454496');\n         fbq('track', 'PageView');\n     <\/script><br \/>\n<br \/>[ad_2]<br \/>\n<br \/><a href=\"https:\/\/www.01net.com\/actualites\/notre-dame-du-numerique-la-plate-forme-scientifique-dediee-a-la-restauration-de-la-cathedrale-de-paris-1893217.html\">Source link <\/a><\/p>\n","protected":false},"excerpt":{"rendered":"<p>[ad_1] Il y a un an, le 15 avril 2019, tous les yeux \u00e9taient braqu\u00e9s sur Notre-Dame de Paris en &hellip; <a href=\"https:\/\/www.affinite.fr\/index.php\/2020\/04\/15\/notre-dame-du-numerique-la-plate-forme-scientifique-dediee-a-la-restauration-de-la-cathedrale-de-paris\/\" class=\"more-link\">Plus <span class=\"screen-reader-text\">\u00ab\u00a0Notre-Dame du num\u00e9rique\u00a0\u00bb, la plate-forme scientifique d\u00e9di\u00e9e \u00e0 la restauration de la cath\u00e9drale de Paris<\/span> <span class=\"meta-nav\">&rarr;<\/span><\/a><\/p>\n","protected":false},"author":1,"featured_media":1898,"comment_status":"open","ping_status":"open","sticky":false,"template":"","format":"standard","meta":{"_sitemap_exclude":false,"_sitemap_priority":"","_sitemap_frequency":"","footnotes":""},"categories":[1],"tags":[],"class_list":["post-1897","post","type-post","status-publish","format-standard","has-post-thumbnail","hentry","category-tous"],"_links":{"self":[{"href":"https:\/\/www.affinite.fr\/index.php\/wp-json\/wp\/v2\/posts\/1897"}],"collection":[{"href":"https:\/\/www.affinite.fr\/index.php\/wp-json\/wp\/v2\/posts"}],"about":[{"href":"https:\/\/www.affinite.fr\/index.php\/wp-json\/wp\/v2\/types\/post"}],"author":[{"embeddable":true,"href":"https:\/\/www.affinite.fr\/index.php\/wp-json\/wp\/v2\/users\/1"}],"replies":[{"embeddable":true,"href":"https:\/\/www.affinite.fr\/index.php\/wp-json\/wp\/v2\/comments?post=1897"}],"version-history":[{"count":0,"href":"https:\/\/www.affinite.fr\/index.php\/wp-json\/wp\/v2\/posts\/1897\/revisions"}],"wp:featuredmedia":[{"embeddable":true,"href":"https:\/\/www.affinite.fr\/index.php\/wp-json\/wp\/v2\/media\/1898"}],"wp:attachment":[{"href":"https:\/\/www.affinite.fr\/index.php\/wp-json\/wp\/v2\/media?parent=1897"}],"wp:term":[{"taxonomy":"category","embeddable":true,"href":"https:\/\/www.affinite.fr\/index.php\/wp-json\/wp\/v2\/categories?post=1897"},{"taxonomy":"post_tag","embeddable":true,"href":"https:\/\/www.affinite.fr\/index.php\/wp-json\/wp\/v2\/tags?post=1897"}],"curies":[{"name":"wp","href":"https:\/\/api.w.org\/{rel}","templated":true}]}}