{"id":1847,"date":"2020-04-14T11:52:21","date_gmt":"2020-04-14T11:52:21","guid":{"rendered":"https:\/\/www.affinite.fr\/index.php\/2020\/04\/14\/evelyne-leclercq-fragile-et-meconnaissable-donne-des-nouvelles-video\/"},"modified":"2020-04-14T11:52:21","modified_gmt":"2020-04-14T11:52:21","slug":"evelyne-leclercq-fragile-et-meconnaissable-donne-des-nouvelles-video","status":"publish","type":"post","link":"https:\/\/www.affinite.fr\/index.php\/2020\/04\/14\/evelyne-leclercq-fragile-et-meconnaissable-donne-des-nouvelles-video\/","title":{"rendered":"Evelyne Leclercq, fragile et m\u00e9connaissable, donne des nouvelles [VIDEO]"},"content":{"rendered":"<p> [ad_1]<br \/>\n<br \/><img decoding=\"async\" src=\"https:\/\/img-3.journaldesfemmes.fr\/4vKbRO3GTmgmW-n4UMvGNMNs-fc=\/1280x\/smart\/0628555d2d5446258de75a2e75f1e8ce\/ccmcms-jdf\/14963959.jpg\" \/><\/p>\n<p>\n                L&rsquo;ancienne speakerine et com\u00e9dienne Evelyne Leclercq a racont\u00e9 son quotidien en confinement, alors qu&rsquo;elle se trouve enferm\u00e9e seule \u00e0 Paris, loin des siens. Elle appara\u00eet transform\u00e9e, affaiblie aussi&#8230;            <\/p>\n<div>\n<p>Elle a fait les beaux jours de <em>Tournez Man\u00e8ge<\/em> et<em> Intervilles<\/em>&#8230; <strong>Evelyne Leclercq,\u00a0<\/strong>confin\u00e9e loin des siens, endure une souffrance qu&rsquo;elle sait n\u00e9cessaire. L&rsquo;ex-speakerine, \u00e2g\u00e9e de 68 ans, est<strong> retranch\u00e9e\u00a0\u00e0 Paris<\/strong>, tandis que sa famille est dans le Sud de la France, entre Nice, Cannes ou encore Mougins. Une <strong>\u00e9preuve douloureuse<\/strong> pour l&rsquo;ancienne animatrice qui a racont\u00e9 son quotidien dans une vid\u00e9o sur post\u00e9e sur le compte\u00a0<a href=\"https:\/\/www.journaldesfemmes.fr\/societe\/facebook\/\" title=\"Facebook\">Facebook<\/a> de France Bleu Azur.\u00a0L&rsquo;air assez <strong>fatigu\u00e9e<\/strong>, Evelyne Leclercq a commenc\u00e9 par l\u00e2cher : \u00ab\u00a0<em>J&rsquo;esp\u00e8re que vous me reconnaissez, je n&rsquo;ai pas le look habituel, mais rien n&rsquo;est habituel actuellement<\/em>\u00ab\u00a0.<\/p>\n<h2>Evelyne Leclercq, \u00a0affaiblie mais chaleureuse<\/h2>\n<p>Si Evelyne Leclercq vit l&rsquo;\u00e9loignement de ses proches, notamment de sa<strong> fille C\u00e9line,\u00a0\u00a0<\/strong>avec difficult\u00e9, elle\u00a0utilise la technologie pour<strong> garder contact<\/strong> avec ceux qu&rsquo;elle aime. \u00ab\u00a0<em>Nous sommes s\u00e9par\u00e9s, mais nous utilisons FaceTime, Skype, WhatsApp, des mots que nous ne connaissions pas avant&#8230; Nous faisons tout pour garder le moral, l&rsquo;\u00e9nergie, la volont\u00e9 de s&rsquo;en sortir<\/em>\u00ab\u00a0, a-t-elle expliqu\u00e9<\/p>\n<p>Avant <strong>d&rsquo;appeler \u00e0 la prudence<\/strong> : \u00ab\u00a0<em>L&rsquo;essentiel est de penser aux autres. Nous nous prot\u00e9geons, mais aussi les autres. Restons <a href=\"https:\/\/www.journaldesfemmes.fr\/societe\/actu\/2626059-confinement-prolonge-11-mai-reprise-retour-ecole-classe-deconfinement\/\" title=\"Confinement\">confin\u00e9s<\/a> et quand nous sortons, faisons tr\u00e8s attention. Masques, gants, gel\u2026 D\u00e9sinfecter nos produits, les boutons d&rsquo;ascenseur, c&rsquo;est banal. Nous n&rsquo;y pensions pas il y a encore un mois. Mais aujourd&rsquo;hui \u00e7a fait partie de notre quotidien<\/em>\u00ab\u00a0.<\/p>\n<aside id=\"NL_577287744\" class=\"newsletter_subscription jNlBlock\"><noscript><br \/>\n            <\/noscript><\/p>\n<h3 class=\"newsletter_subscription-title\">Newsletter <\/h3>\n<p><a href=\"\/\/mailing.ccmbg.com\/archive\/last-85\" target=\"_blank\" class=\"a_hover\" rel=\"noopener noreferrer\">Voir un exemple<\/a><\/p>\n<\/aside>\n<p>Apr\u00e8s avoir confi\u00e9 qu&rsquo;elle avait<strong> quelques amis qui souffraient du <a href=\"https:\/\/sante.journaldesfemmes.fr\/maladies\/2605417-coronavirus-france-carte-direct-macron-monde-chine-usa-espagne-italie-mort-ecoles-info-actualites-gouvernement\/\" title=\"N-Cov\">coronavirus<\/a><\/strong>, l&rsquo;ancienne animatrice a tenu \u00e0 exprimer son soutien au personnel soignant : \u00ab\u00a0<em>J&#8217;embrasse du fond du c\u0153ur les aides-soignants, les infirmiers, les m\u00e9decins, les chercheurs. Ceux qui nous aident. Et qui risquent leur vie pour nous<\/em>\u00ab\u00a0. Souriante malgr\u00e9 une fragilit\u00e9\u00a0apparente, Evelyne Leclercq a r\u00e9chauff\u00e9 les c\u0153urs de moult confin\u00e9s&#8230;<\/p>\n<p><iframe loading=\"lazy\" allowfullscreen=\"true\" allowtransparency=\"true\" frameborder=\"0\" height=\"476\" scrolling=\"no\" src=\"https:\/\/www.facebook.com\/plugins\/video.php?href=https%3A%2F%2Fwww.facebook.com%2FfranceBleuAzur%2Fvideos%2F922002384924045%2F&amp;show_text=0&amp;width=267\" style=\"border:none;overflow:hidden\" width=\"267\"><\/iframe><\/p>\n<\/p><\/div>\n<p>[ad_2]<br \/>\n<br \/><a href=\"https:\/\/www.journaldesfemmes.fr\/people\/magazine\/2631117-evelyne-leclercq-fragile-et-meconnaissable-donne-des-nouvelles-video\/\">Source link <\/a><\/p>\n","protected":false},"excerpt":{"rendered":"<p>[ad_1] L&rsquo;ancienne speakerine et com\u00e9dienne Evelyne Leclercq a racont\u00e9 son quotidien en confinement, alors qu&rsquo;elle se trouve enferm\u00e9e seule \u00e0 &hellip; <a href=\"https:\/\/www.affinite.fr\/index.php\/2020\/04\/14\/evelyne-leclercq-fragile-et-meconnaissable-donne-des-nouvelles-video\/\" class=\"more-link\">Plus <span class=\"screen-reader-text\">Evelyne Leclercq, fragile et m\u00e9connaissable, donne des nouvelles [VIDEO]<\/span> <span class=\"meta-nav\">&rarr;<\/span><\/a><\/p>\n","protected":false},"author":1,"featured_media":1848,"comment_status":"open","ping_status":"open","sticky":false,"template":"","format":"standard","meta":{"_sitemap_exclude":false,"_sitemap_priority":"","_sitemap_frequency":"","footnotes":""},"categories":[1],"tags":[],"class_list":["post-1847","post","type-post","status-publish","format-standard","has-post-thumbnail","hentry","category-tous"],"_links":{"self":[{"href":"https:\/\/www.affinite.fr\/index.php\/wp-json\/wp\/v2\/posts\/1847"}],"collection":[{"href":"https:\/\/www.affinite.fr\/index.php\/wp-json\/wp\/v2\/posts"}],"about":[{"href":"https:\/\/www.affinite.fr\/index.php\/wp-json\/wp\/v2\/types\/post"}],"author":[{"embeddable":true,"href":"https:\/\/www.affinite.fr\/index.php\/wp-json\/wp\/v2\/users\/1"}],"replies":[{"embeddable":true,"href":"https:\/\/www.affinite.fr\/index.php\/wp-json\/wp\/v2\/comments?post=1847"}],"version-history":[{"count":0,"href":"https:\/\/www.affinite.fr\/index.php\/wp-json\/wp\/v2\/posts\/1847\/revisions"}],"wp:featuredmedia":[{"embeddable":true,"href":"https:\/\/www.affinite.fr\/index.php\/wp-json\/wp\/v2\/media\/1848"}],"wp:attachment":[{"href":"https:\/\/www.affinite.fr\/index.php\/wp-json\/wp\/v2\/media?parent=1847"}],"wp:term":[{"taxonomy":"category","embeddable":true,"href":"https:\/\/www.affinite.fr\/index.php\/wp-json\/wp\/v2\/categories?post=1847"},{"taxonomy":"post_tag","embeddable":true,"href":"https:\/\/www.affinite.fr\/index.php\/wp-json\/wp\/v2\/tags?post=1847"}],"curies":[{"name":"wp","href":"https:\/\/api.w.org\/{rel}","templated":true}]}}