{"id":1329,"date":"2020-03-30T23:30:07","date_gmt":"2020-03-30T23:30:07","guid":{"rendered":"https:\/\/www.affinite.fr\/index.php\/2020\/03\/30\/hyundai-pony-une-voiture-electrique-tout-droit-venue-des-annees-70\/"},"modified":"2020-03-30T23:30:07","modified_gmt":"2020-03-30T23:30:07","slug":"hyundai-pony-une-voiture-electrique-tout-droit-venue-des-annees-70","status":"publish","type":"post","link":"https:\/\/www.affinite.fr\/index.php\/2020\/03\/30\/hyundai-pony-une-voiture-electrique-tout-droit-venue-des-annees-70\/","title":{"rendered":"Hyundai Pony, une voiture \u00e9lectrique tout droit venue des ann\u00e9es 70 ?"},"content":{"rendered":"<p> [ad_1]<br \/>\n<\/p>\n<div itemprop=\"articleBody\">\n<p>Bien que 100% \u00e9lectrique, la Pony sera r\u00e9solument tourn\u00e9e vers les ann\u00e9es 1970. En effet, d\u2019apr\u00e8s les premi\u00e8res images disponibles, <a href=\"https:\/\/www.01net.com\/actualites\/hyundai-45-le-concept-de-voiture-electrique-tout-en-nostalgie-1755615.html\" target=\"_blank\" rel=\"noopener noreferrer\">Hyundai a gard\u00e9 les lignes r\u00e9tro de son concept 45<\/a> pour la voiture \u00e9lectrique qui devrait succ\u00e9der au Kona en 2021. Elle\u00a0porte, pour l\u2019instant, le nom de \u00ab\u00a0Pony\u00a0\u00bb en hommage \u00e0 la premi\u00e8re voiture lanc\u00e9e par le constructeur cor\u00e9en en 1974.\u00a0<\/p>\n<h3 style=\"color:#333; font-family:arial,helvetica,sans-serif; font-size:23px; font-weight:700\">That&rsquo;s 70&rsquo;s show en version voiture \u00e9lectrique<\/h3>\n<p>En effet, plusieurs clich\u00e9s relay\u00e9s par Thekoreancarblog ou encore Carscoops montrent, malgr\u00e9 le camouflage de la voiture, une silhouette tr\u00e8s proche du concept 45. Seuls les r\u00e9troviseurs semblent avoir \u00e9t\u00e9 totalement repens\u00e9s par rapport \u00e0 l\u2019\u00e9tude de style d\u00e9voil\u00e9e au salon de Francfort.<\/p>\n<figure class=\"figure text-center\"><img decoding=\"async\" class=\"article-img img-responsive-l\" src=\"https:\/\/img.bfmtv.com\/c\/0\/708\/906fa\/087d1912830f6bfa561f0de1a7c.png\" alt=\"\"\/><figcaption class=\"figure-caption figcaption color-txt-0 title-xs hidden-xs\">\n                                    Motor.es<br \/>\n                                                    &#8211; La mod\u00e9lisation 3D de la future Pony.<br \/>\n                            <\/figcaption><\/figure>\n<p> Nos confr\u00e8res espagnols de motor.es se sont m\u00eame lanc\u00e9s dans une illustration 3D de ce que pourrait \u00eatre la Pony d\u2019apr\u00e8s les images dont ils disposaient et la filiation avec le concept 45 est frappante.<\/p>\n<figure class=\"figure text-center\"><img decoding=\"async\" class=\"article-img img-responsive-l\" src=\"https:\/\/img.bfmtv.com\/c\/0\/708\/a0b15\/d3a5b39f2f1b4956cc00cf2d0eb.jpg\" alt=\"\"\/><figcaption class=\"figure-caption figcaption color-txt-0 title-xs hidden-xs\">\n                                    Hyundai<br \/>\n                                                    &#8211; Le concept 45 pr\u00e9sent\u00e9 au salon de Francfort.<br \/>\n                            <\/figcaption><\/figure>\n<p>Si le nom de Pony reste encore \u00e0 confirmer, il est des \u00e9l\u00e9ments dont on est plus s\u00fbr pour ce prochain SUV compact du constructeur cor\u00e9en. La version de s\u00e9rie devrait \u00e9trenner la nouvelle plateforme \u00e9lectrique de la marque, baptis\u00e9e E-GMP. Elle serait uniquement propos\u00e9e dans une motorisation 100% \u00e9lectrique et devrait prendre la route en 2021.<\/p>\n<aside class=\"bg-color-0 padding-inside-all-s bloc border-s\">\n<h4 class=\"box-txt-normal\">\n<p><strong>\u00c0 d\u00e9couvrir aussi en vid\u00e9o :<\/strong><\/p>\n<\/h4>\n<\/aside>\n<p>Quoiqu\u2019il en soit, avec sa <a href=\"https:\/\/www.01net.com\/actualites\/prophecy-un-magnifique-concept-car-qui-ne-dit-rien-des-futures-voitures-electriques-de-hyundai-1868989.html\" target=\"_blank\" rel=\"noopener noreferrer\">Prophecy qui devait \u00eatre d\u00e9voil\u00e9e au salon de Gen\u00e8ve<\/a> et d\u00e9sormais sa Pony, Hyundai d\u00e9montre qu\u2019en mati\u00e8re de design, il est l\u2019un des constructeurs les plus en forme du moment.\u00a0<\/p>\n<\/p><\/div>\n<p><script>\n         !function(f,b,e,v,n,t,s){if(f.fbq)return;n=f.fbq=function()\n         {n.callMethod? n.callMethod.apply(n,arguments):n.queue.push(arguments)}\n         ;if(!f._fbq)f._fbq=n;\n             n.push=n;n.loaded=!0;n.version='2.0';n.queue=[];t=b.createElement(e);t.async=!0;\n             t.src=v;s=b.getElementsByTagName(e)[0];s.parentNode.insertBefore(t,s)}(window,\n                 document,'script','https:\/\/connect.facebook.net\/en_US\/fbevents.js');\n         fbq('init', '1065890633454496');\n         fbq('track', 'PageView');\n     <\/script><br \/>\n<br \/>[ad_2]<br \/>\n<br \/><a href=\"https:\/\/www.01net.com\/actualites\/hyundai-pony-une-voiture-electrique-tout-droit-venue-des-annees-70-1884657.html\">Source link <\/a><\/p>\n","protected":false},"excerpt":{"rendered":"<p>[ad_1] Bien que 100% \u00e9lectrique, la Pony sera r\u00e9solument tourn\u00e9e vers les ann\u00e9es 1970. En effet, d\u2019apr\u00e8s les premi\u00e8res images &hellip; <a href=\"https:\/\/www.affinite.fr\/index.php\/2020\/03\/30\/hyundai-pony-une-voiture-electrique-tout-droit-venue-des-annees-70\/\" class=\"more-link\">Plus <span class=\"screen-reader-text\">Hyundai Pony, une voiture \u00e9lectrique tout droit venue des ann\u00e9es 70 ?<\/span> <span class=\"meta-nav\">&rarr;<\/span><\/a><\/p>\n","protected":false},"author":1,"featured_media":1330,"comment_status":"open","ping_status":"open","sticky":false,"template":"","format":"standard","meta":{"_sitemap_exclude":false,"_sitemap_priority":"","_sitemap_frequency":"","footnotes":""},"categories":[1],"tags":[],"class_list":["post-1329","post","type-post","status-publish","format-standard","has-post-thumbnail","hentry","category-tous"],"_links":{"self":[{"href":"https:\/\/www.affinite.fr\/index.php\/wp-json\/wp\/v2\/posts\/1329"}],"collection":[{"href":"https:\/\/www.affinite.fr\/index.php\/wp-json\/wp\/v2\/posts"}],"about":[{"href":"https:\/\/www.affinite.fr\/index.php\/wp-json\/wp\/v2\/types\/post"}],"author":[{"embeddable":true,"href":"https:\/\/www.affinite.fr\/index.php\/wp-json\/wp\/v2\/users\/1"}],"replies":[{"embeddable":true,"href":"https:\/\/www.affinite.fr\/index.php\/wp-json\/wp\/v2\/comments?post=1329"}],"version-history":[{"count":0,"href":"https:\/\/www.affinite.fr\/index.php\/wp-json\/wp\/v2\/posts\/1329\/revisions"}],"wp:featuredmedia":[{"embeddable":true,"href":"https:\/\/www.affinite.fr\/index.php\/wp-json\/wp\/v2\/media\/1330"}],"wp:attachment":[{"href":"https:\/\/www.affinite.fr\/index.php\/wp-json\/wp\/v2\/media?parent=1329"}],"wp:term":[{"taxonomy":"category","embeddable":true,"href":"https:\/\/www.affinite.fr\/index.php\/wp-json\/wp\/v2\/categories?post=1329"},{"taxonomy":"post_tag","embeddable":true,"href":"https:\/\/www.affinite.fr\/index.php\/wp-json\/wp\/v2\/tags?post=1329"}],"curies":[{"name":"wp","href":"https:\/\/api.w.org\/{rel}","templated":true}]}}