{"id":12899,"date":"2026-03-28T20:01:09","date_gmt":"2026-03-28T20:01:09","guid":{"rendered":"https:\/\/www.affinite.fr\/index.php\/2026\/03\/28\/oeuf-mimosa-a-lavocat-et-curcuma-sans-mayonnaise\/"},"modified":"2026-03-28T20:01:09","modified_gmt":"2026-03-28T20:01:09","slug":"oeuf-mimosa-a-lavocat-et-curcuma-sans-mayonnaise","status":"publish","type":"post","link":"https:\/\/www.affinite.fr\/index.php\/2026\/03\/28\/oeuf-mimosa-a-lavocat-et-curcuma-sans-mayonnaise\/","title":{"rendered":"Oeuf mimosa \u00e0 l&rsquo;avocat et curcuma sans mayonnaise"},"content":{"rendered":"<p> [ad_1]<br \/>\n<\/p>\n<div>\n    <!-- FeedbackWP Plugin - Results Widget --><\/p>\n<div class=\"intro-article\">\n<p>J\u2019adore revisiter les grands classiques de la cuisine fran\u00e7aise pour les rendre plus sains et plus digestes. L\u2019entr\u00e9e traditionnelle de nos grands-m\u00e8res se modernise aujourd\u2019hui avec cette belle alternative color\u00e9e. Je remplace tout simplement la mayonnaise par une pur\u00e9e d\u2019avocat fondante et riche en bons lipides. C\u2019est une m\u00e9thode astucieuse pour proposer un <strong>oeuf mimosa<\/strong> \u00e0 la fois l\u00e9ger et terriblement gourmand. Le curcuma apporte une jolie touche ensoleill\u00e9e \u00e0 la garniture tout en offrant des bienfaits int\u00e9ressants pour l\u2019organisme.<\/p>\n<p>Je pr\u00e9pare tr\u00e8s r\u00e9guli\u00e8rement cette petite merveille lors des repas de famille printaniers. Les invit\u00e9s sont toujours agr\u00e9ablement surpris par cette texture ultra-cr\u00e9meuse et ce go\u00fbt subtilement \u00e9pic\u00e9. Si vous cherchez des id\u00e9es originales pour vos menus, n\u2019h\u00e9sitez pas \u00e0 consulter ma s\u00e9lection d\u2019excellentes <a href=\"https:\/\/cuisine-saine.fr\/entrees-sans-gluten\/\">entr\u00e9es sans gluten<\/a>. Vous y d\u00e9nicherez de belles inspirations pour r\u00e9galer tous vos convives en toute occasion.<\/p>\n<p>La c\u00e9l\u00e8bre recette des oeufs mimosa prend une toute autre dimension avec l\u2019ajout de l\u2019avocat frais. La pr\u00e9paration reste d\u2019une simplicit\u00e9 enfantine et demande vraiment tr\u00e8s peu de temps en cuisine. <strong>Vos proches vont imm\u00e9diatement adorer ce visuel vif et app\u00e9tissant<\/strong>. Je vous montre tout de suite comment r\u00e9aliser cette superbe mise en bouche.<\/p>\n<\/div>\n<h2>Recette oeuf mimosa avocat et curcuma<\/h2>\n<ul class=\"typerect\" itemprop=\"recipeCuisine\">\n<li class=\"ssgluten\">\n    <link itemprop=\"suitableForDiet\" href=\"https:\/\/schema.org\/GlutenFreeDiet\"\/>\n    <span>Recette sans gluten<\/span>\n  <\/li>\n<li class=\"sslait\">\n    <link itemprop=\"suitableForDiet\" href=\"https:\/\/schema.org\/LowLactoseDiet\"\/>\n    <span>Recette sans lactose<\/span>\n  <\/li>\n<li class=\"vege\">\n    <link itemprop=\"suitableForDiet\" href=\"https:\/\/schema.org\/VegetarianDiet\"\/>\n    <span>Recette v\u00e9g\u00e9tarienne<\/span>\n  <\/li>\n<\/ul>\n<div id=\"attachment_125227\" style=\"width: 1210px\" class=\"wp-caption alignnone\"><img loading=\"lazy\" decoding=\"async\" aria-describedby=\"caption-attachment-125227\" alt=\"Oeuf mimosa \u00e0 l'avocat et curcuma sans mayonnaise\" width=\"1200\" height=\"1789\" itemprop=\"image\" src=\"https:\/\/cuisine-saine.fr\/wp-content\/uploads\/2026\/03\/oeuf-mimosa-sans-mayonnaise.jpg\"\/><noscript><img loading=\"lazy\" decoding=\"async\" aria-describedby=\"caption-attachment-125227\" src=\"https:\/\/cuisine-saine.fr\/wp-content\/uploads\/2026\/03\/oeuf-mimosa-sans-mayonnaise.jpg\" alt=\"Oeuf mimosa \u00e0 l'avocat et curcuma sans mayonnaise\" width=\"1200\" height=\"1789\" itemprop=\"image\"\/><\/noscript><\/p>\n<p id=\"caption-attachment-125227\" class=\"wp-caption-text\">Oeuf mimosa \u00e0 l\u2019avocat et curcuma sans mayonnaise<\/p>\n<\/div>\n<div class=\"intro\">\n<p itemprop=\"recipeCategory\">Entr\u00e9e<\/p>\n<p class=\"temps\">\n    <strong class=\"yield\" itemprop=\"recipeYield\">Pour 4 personnes<\/strong><br \/><strong>Temps de pr\u00e9paration<\/strong> : <time datetime=\"PT10M\" itemprop=\"prepTime\">10 min<\/time><br \/><strong>Temps de cuisson<\/strong> : <time datetime=\"PT10M\" itemprop=\"cookTime\">10 min<\/time>\n  <\/p>\n<\/div>\n<div class=\"ingredient\">\n<h3 class=\"listetitre\">Ingr\u00e9dients<\/h3>\n<ul class=\"listeingredient\">\n<li class=\"ingredient\" itemprop=\"recipeIngredient\">4 \u0153ufs bio ultra frais<\/li>\n<li class=\"ingredient\" itemprop=\"recipeIngredient\">1 bel avocat bien m\u00fbr<\/li>\n<li class=\"ingredient\" itemprop=\"recipeIngredient\">1 cuill\u00e8re \u00e0 caf\u00e9 de curcuma en poudre<\/li>\n<li class=\"ingredient\" itemprop=\"recipeIngredient\">1 cuill\u00e8re \u00e0 soupe de jus de citron fra\u00eechement press\u00e9<\/li>\n<li class=\"ingredient\" itemprop=\"recipeIngredient\">Quelques brins de ciboulette cisel\u00e9e<\/li>\n<li class=\"ingredient\" itemprop=\"recipeIngredient\">Sel gris et poivre du moulin<\/li>\n<\/ul>\n<\/div>\n<ol class=\"recette\" itemprop=\"recipeInstructions\">\n<li itemprop=\"step\">Plongez d\u00e9licatement les \u0153ufs dans une casserole d\u2019eau bouillante. <strong>Laissez cuire exactement dix minutes<\/strong> pour obtenir des \u0153ufs durs parfaits.<\/li>\n<li itemprop=\"step\">\u00c9gouttez-les et plongez-les imm\u00e9diatement dans un grand bol d\u2019eau glac\u00e9e pour stopper la cuisson et faciliter l\u2019\u00e9calage.<\/li>\n<li itemprop=\"step\">\u00c9calez les coquilles soigneusement puis <strong>coupez vos moiti\u00e9s dans le sens de la longueur<\/strong> avec un couteau bien aiguis\u00e9.<\/li>\n<li itemprop=\"step\">Retirez les jaunes cuits sans ab\u00eemer les blancs et placez-les dans une assiette creuse.<\/li>\n<li itemprop=\"step\">Ajoutez la chair de l\u2019avocat, le curcuma, le jus de citron, le sel et le poivre. <strong>\u00c9crasez vigoureusement le tout \u00e0 la fourchette<\/strong> pour obtenir une belle pur\u00e9e bien lisse.<\/li>\n<li itemprop=\"step\">Garnissez g\u00e9n\u00e9reusement les blancs \u00e9vid\u00e9s avec cette pr\u00e9paration color\u00e9e. Si vous aimez ce type de mets simples, je vous conseille vivement de tester mes <a href=\"https:\/\/cuisine-saine.fr\/recette-bio\/recette-bio-oeuf-en-bocal-a-la-tomate\/\">\u0153ufs cocotte<\/a> savoureux la prochaine fois.<\/li>\n<li itemprop=\"step\">Parsemez de ciboulette fra\u00eeche juste avant de servir pour apporter une note herbac\u00e9e tr\u00e8s agr\u00e9able.<\/li>\n<\/ol>\n<h3 class=\"conseil\">Le conseil de Karen<\/h3>\n<div class=\"conkar\">\n<p>Conservez votre assiette au r\u00e9frig\u00e9rateur jusqu\u2019au moment de passer \u00e0 table. <strong>Le jus de citron emp\u00eache l\u2019oxydation<\/strong> de la chair et pr\u00e9serve ainsi la magnifique couleur de votre entr\u00e9e.<\/p>\n<\/div>\n<div class=\"nutrition\" itemscope=\"\" itemtype=\"https:\/\/schema.org\/NutritionInformation\">\n<h3>Valeurs nutritionnelles indicatives pour un oeuf mimosa \u00e0 l\u2019avocat<\/h3>\n<p><strong itemprop=\"servingSize\">Par portion (1 \u0153uf entier garni)<\/strong><\/p>\n<table>\n<tr>\n<th>\u00c9nergie<\/th>\n<td><span itemprop=\"calories\">~145\u00a0kcal<\/span><\/td>\n<\/tr>\n<tr>\n<th>Glucides<\/th>\n<td><span itemprop=\"carbohydrateContent\">~2\u00a0g<\/span><\/td>\n<\/tr>\n<tr>\n<th>Dont sucres<\/th>\n<td><span itemprop=\"sugarContent\">~0,5\u00a0g<\/span><\/td>\n<\/tr>\n<tr>\n<th>Prot\u00e9ines<\/th>\n<td><span itemprop=\"proteinContent\">~7\u00a0g<\/span><\/td>\n<\/tr>\n<tr>\n<th>Lipides<\/th>\n<td><span itemprop=\"fatContent\">~12\u00a0g<\/span><\/td>\n<\/tr>\n<tr>\n<th>Fibres<\/th>\n<td><span itemprop=\"fiberContent\">~2\u00a0g<\/span><\/td>\n<\/tr>\n<tr>\n<th>Sodium<\/th>\n<td><span itemprop=\"sodiumContent\">~0,1\u00a0g<\/span><\/td>\n<\/tr>\n<\/table>\n<\/div>\n<div class=\"astuces-cahier\">\n<h3>Astuces et variantes pour la recette des \u0153ufs farcis<\/h3>\n<p class=\"surtitre\">Mes id\u00e9es pour sublimer vos <strong>demi-\u0153ufs garnis \u00e0 l\u2019avocat<\/strong><\/p>\n<ul>\n<li><strong>Touche croquante :<\/strong> ajoutez quelques graines de s\u00e9same torr\u00e9fi\u00e9es ou de petits d\u00e9s de radis rose sur le dessus. <strong>Le contraste des textures est vraiment formidable<\/strong> en bouche.<\/li>\n<li><strong>Version relev\u00e9e :<\/strong> incorporez une pointe de piment d\u2019Espelette ou quelques gouttes de sauce piquante dans votre pur\u00e9e verte. <strong>Cette petite chaleur r\u00e9veille merveilleusement bien<\/strong> les saveurs douces de la garniture.<\/li>\n<li><strong>Herbes fra\u00eeches :<\/strong> remplacez la ciboulette par de la coriandre fra\u00eeche cisel\u00e9e ou de l\u2019aneth finement hach\u00e9. Le r\u00e9sultat reste extr\u00eamement parfum\u00e9 et tr\u00e8s \u00e9l\u00e9gant pour d\u00e9corer une belle table.<\/li>\n<li><strong>Dressage de chef :<\/strong> utilisez une poche \u00e0 douille cannel\u00e9e pour pocher votre cr\u00e8me onctueuse \u00e0 l\u2019int\u00e9rieur des blancs cuits. <strong>L\u2019effet visuel devient imm\u00e9diatement tr\u00e8s sophistiqu\u00e9<\/strong> et bluffera facilement tous vos invit\u00e9s.<\/li>\n<\/ul>\n<\/div>\n<div class=\"faq\">\n<h2>Questions fr\u00e9quentes \u2013 recette oeuf mimosa \u00e0 l\u2019avocat<\/h2>\n<div>\n<h3>Quelle est la diff\u00e9rence entre l\u2019\u0153uf mayonnaise et l\u2019\u0153uf mimosa ?<\/h3>\n<div>\n<p>La version mayonnaise consiste en un \u0153uf dur coup\u00e9 en deux et simplement napp\u00e9 de sauce. Le mimosa implique de retirer le jaune cuit, de le m\u00e9langer \u00e0 une garniture, puis de <strong>farcir le blanc avec ce m\u00e9lange gourmand<\/strong> avant d\u2019\u00e9mietter le reste du jaune par-dessus.<\/p>\n<\/div>\n<\/div>\n<div>\n<h3>Est-il possible de pr\u00e9parer les \u0153ufs mimosa la veille ?<\/h3>\n<div>\n<p>Je vous d\u00e9conseille de les garnir trop en avance car l\u2019avocat a tendance \u00e0 s\u2019oxyder rapidement. Faites cuire vos \u0153ufs durs la veille pour gagner du temps, mais <strong>r\u00e9alisez la pur\u00e9e verte et le montage au tout dernier moment<\/strong>.<\/p>\n<\/div>\n<\/div>\n<div>\n<h3>Quel avocat choisir pour r\u00e9ussir cette pr\u00e9paration ?<\/h3>\n<div>\n<p>Optez pour la vari\u00e9t\u00e9 Hass qui offre une chair particuli\u00e8rement grasse et fondante. Touchez doucement la peau, <strong>le fruit doit \u00eatre l\u00e9g\u00e8rement souple sous les doigts<\/strong> sans \u00eatre compl\u00e8tement mou.<\/p>\n<\/div>\n<\/div>\n<\/div>\n<hr\/>\n<p>J\u2019\u00e9prouve une v\u00e9ritable joie \u00e0 partager ces petites astuces culinaires avec vous. Remplacer une sauce traditionnelle par un l\u00e9gume frais change radicalement la donne pour notre organisme. <strong>Cette entr\u00e9e printani\u00e8re devient une excellente alli\u00e9e sant\u00e9<\/strong> gr\u00e2ce aux bons acides gras du fruit et aux propri\u00e9t\u00e9s bienfaisantes du curcuma. C\u2019est le moyen id\u00e9al de faire le plein de vitalit\u00e9 d\u00e8s le d\u00e9but du repas tout en r\u00e9galant ses papilles.<\/p>\n<p>Servez cette belle pr\u00e9paration bien fra\u00eeche sur un lit de jeunes pousses ou une belle salade de roquette poivr\u00e9e. Le contraste des couleurs dans l\u2019assiette ouvre imm\u00e9diatement l\u2019app\u00e9tit de vos invit\u00e9s. <strong>Le jaune \u00e9clatant et le vert tendre forment un duo visuel irr\u00e9sistible<\/strong> qui donne irr\u00e9m\u00e9diablement envie de croquer dedans. Je vous encourage vraiment \u00e0 tester cette variante v\u00e9g\u00e9tale incroyablement savoureuse.<\/p>\n<p>N\u2019h\u00e9sitez pas \u00e0 impliquer les enfants dans la r\u00e9alisation de ce plat ludique et cr\u00e9atif. Ils adorent g\u00e9n\u00e9ralement \u00e9craser l\u2019avocat \u00e0 la fourchette et remplir les blanc d\u2019oeufs. Laissez libre cours \u00e0 votre imagination pour la d\u00e9coration finale. Partagez vos impressions et vos id\u00e9es de garnitures alternatives dans les commentaires ci-dessous. <strong>Je lis chacun de vos messages avec un grand bonheur<\/strong> et j\u2019ai h\u00e2te de d\u00e9couvrir vos belles cr\u00e9ations gourmandes !<\/p>\n<p><!-- FeedbackWP Plugin -->  <\/p><\/div>\n<p>[ad_2]<br \/>\n<br \/><a href=\"https:\/\/cuisine-saine.fr\/par-type-de-plat\/entree-sans-gluten\/oeuf-mimosa\/\">Source link <\/a><\/p>\n","protected":false},"excerpt":{"rendered":"<p>[ad_1] J\u2019adore revisiter les grands classiques de la cuisine fran\u00e7aise pour les rendre plus sains et plus digestes. L\u2019entr\u00e9e traditionnelle &hellip; <a href=\"https:\/\/www.affinite.fr\/index.php\/2026\/03\/28\/oeuf-mimosa-a-lavocat-et-curcuma-sans-mayonnaise\/\" class=\"more-link\">Plus <span class=\"screen-reader-text\">Oeuf mimosa \u00e0 l&rsquo;avocat et curcuma sans mayonnaise<\/span> <span class=\"meta-nav\">&rarr;<\/span><\/a><\/p>\n","protected":false},"author":1,"featured_media":12900,"comment_status":"","ping_status":"open","sticky":false,"template":"","format":"standard","meta":{"_sitemap_exclude":false,"_sitemap_priority":"","_sitemap_frequency":"","footnotes":""},"categories":[1],"tags":[],"class_list":["post-12899","post","type-post","status-publish","format-standard","has-post-thumbnail","hentry","category-tous"],"_links":{"self":[{"href":"https:\/\/www.affinite.fr\/index.php\/wp-json\/wp\/v2\/posts\/12899"}],"collection":[{"href":"https:\/\/www.affinite.fr\/index.php\/wp-json\/wp\/v2\/posts"}],"about":[{"href":"https:\/\/www.affinite.fr\/index.php\/wp-json\/wp\/v2\/types\/post"}],"author":[{"embeddable":true,"href":"https:\/\/www.affinite.fr\/index.php\/wp-json\/wp\/v2\/users\/1"}],"replies":[{"embeddable":true,"href":"https:\/\/www.affinite.fr\/index.php\/wp-json\/wp\/v2\/comments?post=12899"}],"version-history":[{"count":0,"href":"https:\/\/www.affinite.fr\/index.php\/wp-json\/wp\/v2\/posts\/12899\/revisions"}],"wp:featuredmedia":[{"embeddable":true,"href":"https:\/\/www.affinite.fr\/index.php\/wp-json\/wp\/v2\/media\/12900"}],"wp:attachment":[{"href":"https:\/\/www.affinite.fr\/index.php\/wp-json\/wp\/v2\/media?parent=12899"}],"wp:term":[{"taxonomy":"category","embeddable":true,"href":"https:\/\/www.affinite.fr\/index.php\/wp-json\/wp\/v2\/categories?post=12899"},{"taxonomy":"post_tag","embeddable":true,"href":"https:\/\/www.affinite.fr\/index.php\/wp-json\/wp\/v2\/tags?post=12899"}],"curies":[{"name":"wp","href":"https:\/\/api.w.org\/{rel}","templated":true}]}}