{"id":12895,"date":"2026-03-27T22:59:42","date_gmt":"2026-03-27T22:59:42","guid":{"rendered":"http:\/\/www.affinite.fr\/index.php\/2026\/03\/27\/tartelette-aux-fruits-rouges-sans-gluten-ni-lactose\/"},"modified":"2026-03-27T22:59:42","modified_gmt":"2026-03-27T22:59:42","slug":"tartelette-aux-fruits-rouges-sans-gluten-ni-lactose","status":"publish","type":"post","link":"https:\/\/www.affinite.fr\/index.php\/2026\/03\/27\/tartelette-aux-fruits-rouges-sans-gluten-ni-lactose\/","title":{"rendered":"Tartelette aux fruits rouges sans gluten ni lactose"},"content":{"rendered":"<p> [ad_1]<br \/>\n<\/p>\n<div>\n    <!-- FeedbackWP Plugin - Results Widget --><\/p>\n<div class=\"intro-article\">\n<p>J\u2019adore pr\u00e9parer des desserts color\u00e9s qui apportent de la fra\u00eecheur et de la joie \u00e0 table. L\u2019\u00e9t\u00e9 nous offre une abondance de baies d\u00e9licieuses et juteuses. C\u2019est donc l\u2019occasion id\u00e9ale pour r\u00e9aliser une fabuleuse <strong>tartelette aux fruits rouges<\/strong>. J\u2019ai un v\u00e9ritable faible pour cette douceur qui m\u00eale habilement l\u2019acidul\u00e9 de la garniture et la douceur d\u2019une cr\u00e8me aux notes exotiques.<\/p>\n<p>Pour la base de cette pr\u00e9paration, j\u2019utilise ma fameuse <a href=\"https:\/\/cuisine-saine.fr\/recette-sans-gluten\/pate-sablee-sans-gluten\/\">p\u00e2te sabl\u00e9e sans gluten<\/a> qui offre un croquant absolument parfait sous la dent. J\u2019y associe ensuite une cr\u00e8me p\u00e2tissi\u00e8re onctueuse r\u00e9alis\u00e9e avec du lait de coco. Ce duo fonctionne \u00e0 merveille pour r\u00e9galer vos invit\u00e9s \u00e0 la fin d\u2019un repas. Si vous adorez les mignardises fruit\u00e9es, vous allez incontestablement fondre pour ces magnifiques <strong>tartelettes aux fruits rouges<\/strong> gorg\u00e9es de soleil.<\/p>\n<p>L\u2019avantage du format individuel r\u00e9side dans son \u00e9l\u00e9gance lors du service \u00e0 l\u2019assiette. <strong>Chacun profite de sa propre portion gourmande<\/strong> sans que la d\u00e9coupe ne vienne g\u00e2cher le visuel. Si vous souhaitez varier les plaisirs sucr\u00e9s, plongez dans mes <a href=\"https:\/\/cuisine-saine.fr\/toutes-les-recettes-sans-gluten-ni-lait\/\">recettes sans gluten ni lait<\/a>. Vous y trouverez de belles inspirations, comme mes <a href=\"https:\/\/cuisine-saine.fr\/par-type-de-plat\/dessert\/recette-sans-gluten-ni-lait-tartelettes-aux-fraises\/\">tartelettes aux fraises sans gluten<\/a> qui font syst\u00e9matiquement l\u2019unanimit\u00e9 \u00e0 la maison. Laissez parler votre cr\u00e9ativit\u00e9 et suivez-moi en cuisine !<\/p>\n<\/div>\n<h2>Recette de tartelette aux fruits rouges et cr\u00e8me de coco<\/h2>\n<ul class=\"typerect\" itemprop=\"recipeCuisine\">\n<li class=\"ssgluten\">\n    <link itemprop=\"suitableForDiet\" href=\"https:\/\/schema.org\/GlutenFreeDiet\"\/>\n    <span>Recette sans gluten<\/span>\n  <\/li>\n<li class=\"sslait\">\n    <link itemprop=\"suitableForDiet\" href=\"https:\/\/schema.org\/LowLactoseDiet\"\/>\n    <span>Recette sans lactose<\/span>\n  <\/li>\n<\/ul>\n<div id=\"attachment_125222\" style=\"width: 1210px\" class=\"wp-caption alignnone\"><img loading=\"lazy\" decoding=\"async\" aria-describedby=\"caption-attachment-125222\" alt=\"Tartelette aux fruits rouges sans gluten sans lactose\" width=\"1200\" height=\"1789\" itemprop=\"image\" src=\"https:\/\/cuisine-saine.fr\/wp-content\/uploads\/2026\/03\/tartelettes-fruits-rouges-sans-gluten-sans-lactose.jpg\"\/><noscript><img loading=\"lazy\" decoding=\"async\" aria-describedby=\"caption-attachment-125222\" src=\"https:\/\/cuisine-saine.fr\/wp-content\/uploads\/2026\/03\/tartelettes-fruits-rouges-sans-gluten-sans-lactose.jpg\" alt=\"Tartelette aux fruits rouges sans gluten sans lactose\" width=\"1200\" height=\"1789\" itemprop=\"image\"\/><\/noscript><\/p>\n<p id=\"caption-attachment-125222\" class=\"wp-caption-text\">Tartelette aux fruits rouges sans gluten sans lactose<\/p>\n<\/div>\n<div class=\"intro\">\n<p itemprop=\"recipeCategory\">Dessert<\/p>\n<p class=\"temps\">\n    <strong class=\"yield\" itemprop=\"recipeYield\">Pour 6 personnes<\/strong><br \/><strong>Temps de pr\u00e9paration<\/strong> : <time datetime=\"PT30M\" itemprop=\"prepTime\">30 min<\/time><br \/><strong>Temps de cuisson<\/strong> : <time datetime=\"PT15M\" itemprop=\"cookTime\">15 min<\/time>\n  <\/p>\n<\/div>\n<div class=\"ingredient\">\n<h3 class=\"listetitre\">Ingr\u00e9dients<\/h3>\n<ul class=\"listeingredient\">\n<li class=\"ingredient\" itemprop=\"recipeIngredient\">1 p\u00e2te <a href=\"https:\/\/cuisine-saine.fr\/recette-sans-gluten\/pate-sablee-sans-gluten\/\">sabl\u00e9e sans gluten pr\u00eate \u00e0 l\u2019emploi ou faite maison<\/a><\/li>\n<li class=\"ingredient\" itemprop=\"recipeIngredient\">400 ml de lait de coco en conserve bien cr\u00e9meux<\/li>\n<li class=\"ingredient\" itemprop=\"recipeIngredient\">3 jaunes d\u2019\u0153ufs bio<\/li>\n<li class=\"ingredient\" itemprop=\"recipeIngredient\">50 g de sucre de canne blond<\/li>\n<li class=\"ingredient\" itemprop=\"recipeIngredient\">30 g de f\u00e9cule de ma\u00efs<\/li>\n<li class=\"ingredient\" itemprop=\"recipeIngredient\">1 gousse de vanille fendue<\/li>\n<li class=\"ingredient\" itemprop=\"recipeIngredient\">300 g de baies fra\u00eeches assorties (fraises, framboises, myrtilles)<\/li>\n<\/ul>\n<\/div>\n<ol class=\"recette\" itemprop=\"recipeInstructions\">\n<li itemprop=\"step\">Foncez vos petits moules avec la p\u00e2te sabl\u00e9e et <strong>piquez le fond avec une fourchette<\/strong>. Faites cuire \u00e0 blanc pendant 15 minutes \u00e0 180 degr\u00e9s jusqu\u2019\u00e0 obtenir une belle coloration dor\u00e9e.<\/li>\n<li itemprop=\"step\">Faites chauffer le lait de coco dans une casserole \u00e0 feu doux avec les graines de la gousse de vanille pour bien lib\u00e9rer les parfums exotiques.<\/li>\n<li itemprop=\"step\">Battez vivement les jaunes d\u2019\u0153ufs avec le sucre dans un saladier. Incorporez ensuite la f\u00e9cule de ma\u00efs et fouettez vigoureusement pour \u00e9viter les grumeaux.<\/li>\n<li itemprop=\"step\">Versez doucement le lait de coco chaud sur cette pr\u00e9paration tout en remuant. Replacez le tout dans la casserole et <strong>faites \u00e9paissir \u00e0 feu moyen<\/strong> sans jamais cesser de remuer.<\/li>\n<li itemprop=\"step\">D\u00e9barrassez votre garniture dans un r\u00e9cipient propre. Filmez la surface au contact et laissez refroidir totalement au r\u00e9frig\u00e9rateur.<\/li>\n<li itemprop=\"step\">Garnissez g\u00e9n\u00e9reusement vos fonds cuits avec la cr\u00e8me onctueuse. Disposez harmonieusement vos petits fruits sur le dessus. J\u2019aime souvent accompagner ce dessert d\u2019autres mignardises, comme mes fameuses <a href=\"https:\/\/cuisine-saine.fr\/recette-bio\/recette-bio-tartelette-chocolat-cacahouete\/\">tartelettes chocolat et cacahou\u00e8te sans gluten<\/a> pour proposer un grand choix \u00e0 mes convives.<\/li>\n<\/ol>\n<h3 class=\"conseil\">Le conseil de Karen<\/h3>\n<div class=\"conkar\">\n<p>Lavez vos baies au tout dernier moment et <strong>s\u00e9chez-les tr\u00e8s d\u00e9licatement<\/strong> avec du papier absorbant. C\u2019est la meilleure m\u00e9thode pour ne pas d\u00e9tremper votre tartelette aux fruits rouges lors du montage final et conserver un sabl\u00e9 bien croquant.<\/p>\n<\/div>\n<div class=\"nutrition\" itemscope=\"\" itemtype=\"https:\/\/schema.org\/NutritionInformation\">\n<h3>Valeurs nutritionnelles indicatives pour une tartelette aux fruits rouges<\/h3>\n<p><strong itemprop=\"servingSize\">Par portion (1 tartelette)<\/strong><\/p>\n<table>\n<tr>\n<th>\u00c9nergie<\/th>\n<td><span itemprop=\"calories\">~320\u00a0kcal<\/span><\/td>\n<\/tr>\n<tr>\n<th>Glucides<\/th>\n<td><span itemprop=\"carbohydrateContent\">~35\u00a0g<\/span><\/td>\n<\/tr>\n<tr>\n<th>Dont sucres<\/th>\n<td><span itemprop=\"sugarContent\">~15\u00a0g<\/span><\/td>\n<\/tr>\n<tr>\n<th>Prot\u00e9ines<\/th>\n<td><span itemprop=\"proteinContent\">~4\u00a0g<\/span><\/td>\n<\/tr>\n<tr>\n<th>Lipides<\/th>\n<td><span itemprop=\"fatContent\">~18\u00a0g<\/span><\/td>\n<\/tr>\n<tr>\n<th>Fibres<\/th>\n<td><span itemprop=\"fiberContent\">~3\u00a0g<\/span><\/td>\n<\/tr>\n<tr>\n<th>Sodium<\/th>\n<td><span itemprop=\"sodiumContent\">~0,05\u00a0g<\/span><\/td>\n<\/tr>\n<\/table>\n<\/div>\n<div class=\"astuces-cahier\">\n<h3>Astuces et variantes pour la recette tartelettes aux fruits rouges<\/h3>\n<p class=\"surtitre\">Mes id\u00e9es pour sublimer votre <strong>recette de tartelette aux fruits rouges<\/strong><\/p>\n<ul>\n<li><strong>Touche acidul\u00e9e :<\/strong> ajoutez quelques zestes de citron vert dans votre pr\u00e9paration onctueuse. Cela apporte un peps incroyable et rappelle subtilement mes <a href=\"https:\/\/cuisine-saine.fr\/recette-sans-gluten-ni-lait\/recette-sans-gluten-ni-lait-tarte-au-citron-meringuee\/\">tartelettes au citron meringu\u00e9 sans gluten<\/a>.<\/li>\n<li><strong>Saveur amande :<\/strong> remplacez le coco par de la boisson v\u00e9g\u00e9tale aux amandes et saupoudrez quelques effil\u00e9es grill\u00e9es sur le dessus. <strong>Le croquant s\u2019accorde merveilleusement bien<\/strong> avec le c\u00f4t\u00e9 fondant des baies.<\/li>\n<li><strong>Garniture express :<\/strong> tartinez le fond de p\u00e2te avec une belle confiture de framboises all\u00e9g\u00e9e en sucre avant de d\u00e9poser vos morceaux frais. <strong>L\u2019\u00e9quilibre des textures reste tr\u00e8s gourmand<\/strong> et vraiment facile \u00e0 r\u00e9aliser.<\/li>\n<li><strong>D\u00e9coration herbac\u00e9e :<\/strong> parsemez quelques petites feuilles de menthe ou de basilic frais juste avant de servir. <strong>Cette note aromatique rel\u00e8ve d\u00e9licatement le go\u00fbt<\/strong> de vos desserts estivaux.<\/li>\n<\/ul>\n<\/div>\n<div class=\"faq\">\n<h2>Questions fr\u00e9quentes \u2013 recette tartelettes aux fruits rouges<\/h2>\n<div>\n<h3>Quelle est la diff\u00e9rence entre une tarte et une tartelette ?<\/h3>\n<div>\n<p>La diff\u00e9rence r\u00e9side uniquement dans la taille du dessert. La version individuelle mesure g\u00e9n\u00e9ralement entre 8 et 12 centim\u00e8tres de diam\u00e8tre, ce qui permet <strong>un dressage \u00e0 l\u2019assiette beaucoup plus chic<\/strong> sans \u00e9tape de d\u00e9coupe devant les invit\u00e9s.<\/p>\n<\/div>\n<\/div>\n<div>\n<h3>Comment absorber le jus des fruits dans une tarte ?<\/h3>\n<div>\n<p>Je vous conseille de saupoudrer un peu de poudre d\u2019amande ou de noix de coco r\u00e2p\u00e9e sur votre fond de p\u00e2te cuit avant d\u2019y d\u00e9poser votre garniture. <strong>Cette fine couche fera une barri\u00e8re imperm\u00e9able<\/strong> tr\u00e8s efficace contre l\u2019humidit\u00e9.<\/p>\n<\/div>\n<\/div>\n<div>\n<h3>Peut-on faire une tarte aux framboises la veille ?<\/h3>\n<div>\n<p>Il est pr\u00e9f\u00e9rable de pr\u00e9parer uniquement vos bases la veille. Conservez vos fonds sabl\u00e9s dans une bo\u00eete herm\u00e9tique et votre cr\u00e8me au frais. <strong>Le montage se fait id\u00e9alement le jour m\u00eame<\/strong> pour garantir le croquant du biscuit.<\/p>\n<\/div>\n<\/div>\n<div>\n<h3>Quel type de moule utiliser pour cette pr\u00e9paration ?<\/h3>\n<div>\n<p>Les cercles \u00e0 p\u00e2tisserie perfor\u00e9s sont parfaits pour obtenir une cuisson bien homog\u00e8ne. Si vous d\u00e9butez, <strong>de petits moules m\u00e9talliques avec un fond amovible<\/strong> faciliteront grandement l\u2019\u00e9tape du d\u00e9moulage final.<\/p>\n<\/div>\n<\/div>\n<\/div>\n<hr\/>\n<p>Je suis vraiment heureuse de partager cette merveilleuse cr\u00e9ation estivale avec vous aujourd\u2019hui. Pr\u00e9parer des p\u00e2tisseries maison apporte toujours une immense satisfaction, surtout quand on voit les sourires de ses convives \u00e0 la fin du repas. La douceur subtile du lait de coco se marie divinement avec l\u2019acidit\u00e9 naturelle des m\u00fbres, des groseilles ou des fraises. <strong>C\u2019est un \u00e9quilibre de saveurs absolument magique<\/strong> en bouche. N\u2019h\u00e9sitez pas \u00e0 faire participer vos enfants pour le montage final, ils adorent g\u00e9n\u00e9ralement disposer les baies color\u00e9es sur le dessus de la garniture de mani\u00e8re ludique.<\/p>\n<p>L\u2019avantage de ces petits desserts r\u00e9side dans leur incroyable flexibilit\u00e9. Vous pouvez adapter la garniture en fonction des r\u00e9coltes de votre jardin ou des belles trouvailles de saison sur le march\u00e9. <strong>Une belle pr\u00e9sentation soign\u00e9e fait toujours son petit effet<\/strong> aupr\u00e8s des gourmands. Je vous encourage vivement \u00e0 tester diff\u00e9rentes associations pour surprendre vos proches \u00e0 chaque invitation \u00e0 manger.<\/p>\n<p>Si vous avez des astuces personnelles pour sublimer vos desserts d\u2019\u00e9t\u00e9, racontez-moi tout dans les commentaires. Je prends toujours beaucoup de plaisir \u00e0 lire vos petits mots et \u00e0 \u00e9changer avec vous sur nos exp\u00e9riences culinaires respectives. <strong>R\u00e9galez-vous bien avec cette d\u00e9licieuse pr\u00e9paration fruit\u00e9e<\/strong> et profitez pleinement de ces beaux instants de gourmandise autour de la table !<\/p>\n<p><!-- FeedbackWP Plugin -->  <\/p><\/div>\n<p>[ad_2]<br \/>\n<br \/><a href=\"https:\/\/cuisine-saine.fr\/recette-sans-gluten-ni-lait\/tartelette-aux-fruits-rouges\/\">Source link <\/a><\/p>\n","protected":false},"excerpt":{"rendered":"<p>[ad_1] J\u2019adore pr\u00e9parer des desserts color\u00e9s qui apportent de la fra\u00eecheur et de la joie \u00e0 table. L\u2019\u00e9t\u00e9 nous offre &hellip; <a href=\"https:\/\/www.affinite.fr\/index.php\/2026\/03\/27\/tartelette-aux-fruits-rouges-sans-gluten-ni-lactose\/\" class=\"more-link\">Plus <span class=\"screen-reader-text\">Tartelette aux fruits rouges sans gluten ni lactose<\/span> <span class=\"meta-nav\">&rarr;<\/span><\/a><\/p>\n","protected":false},"author":1,"featured_media":12896,"comment_status":"","ping_status":"open","sticky":false,"template":"","format":"standard","meta":{"_sitemap_exclude":false,"_sitemap_priority":"","_sitemap_frequency":"","footnotes":""},"categories":[1],"tags":[],"class_list":["post-12895","post","type-post","status-publish","format-standard","has-post-thumbnail","hentry","category-tous"],"_links":{"self":[{"href":"https:\/\/www.affinite.fr\/index.php\/wp-json\/wp\/v2\/posts\/12895"}],"collection":[{"href":"https:\/\/www.affinite.fr\/index.php\/wp-json\/wp\/v2\/posts"}],"about":[{"href":"https:\/\/www.affinite.fr\/index.php\/wp-json\/wp\/v2\/types\/post"}],"author":[{"embeddable":true,"href":"https:\/\/www.affinite.fr\/index.php\/wp-json\/wp\/v2\/users\/1"}],"replies":[{"embeddable":true,"href":"https:\/\/www.affinite.fr\/index.php\/wp-json\/wp\/v2\/comments?post=12895"}],"version-history":[{"count":0,"href":"https:\/\/www.affinite.fr\/index.php\/wp-json\/wp\/v2\/posts\/12895\/revisions"}],"wp:featuredmedia":[{"embeddable":true,"href":"https:\/\/www.affinite.fr\/index.php\/wp-json\/wp\/v2\/media\/12896"}],"wp:attachment":[{"href":"https:\/\/www.affinite.fr\/index.php\/wp-json\/wp\/v2\/media?parent=12895"}],"wp:term":[{"taxonomy":"category","embeddable":true,"href":"https:\/\/www.affinite.fr\/index.php\/wp-json\/wp\/v2\/categories?post=12895"},{"taxonomy":"post_tag","embeddable":true,"href":"https:\/\/www.affinite.fr\/index.php\/wp-json\/wp\/v2\/tags?post=12895"}],"curies":[{"name":"wp","href":"https:\/\/api.w.org\/{rel}","templated":true}]}}