{"id":12888,"date":"2026-03-26T04:57:30","date_gmt":"2026-03-26T04:57:30","guid":{"rendered":"https:\/\/www.affinite.fr\/index.php\/2026\/03\/26\/petits-flans-de-poireaux-sans-lactose-individuels-et-cuits-a-la-vapeur\/"},"modified":"2026-03-26T04:57:30","modified_gmt":"2026-03-26T04:57:30","slug":"petits-flans-de-poireaux-sans-lactose-individuels-et-cuits-a-la-vapeur","status":"publish","type":"post","link":"https:\/\/www.affinite.fr\/index.php\/2026\/03\/26\/petits-flans-de-poireaux-sans-lactose-individuels-et-cuits-a-la-vapeur\/","title":{"rendered":"Petits flans de poireaux sans lactose : individuels et cuits \u00e0 la vapeur"},"content":{"rendered":"<p> [ad_1]<br \/>\n<\/p>\n<div>\n    <!-- FeedbackWP Plugin - Results Widget --><\/p>\n<div class=\"intro-article\">\n<p>J\u2019adore cuisiner les l\u00e9gumes de saison et trouver de nouvelles id\u00e9es pour les mettre en valeur. Le poireau fait partie de mes favoris pour sa douceur subtile qui pla\u00eet g\u00e9n\u00e9ralement \u00e0 toute la famille. Aujourd\u2019hui, je vous propose de pr\u00e9parer un d\u00e9licieux <strong>flan au poireau<\/strong> en format individuel. Cette m\u00e9thode de cuisson \u00e0 la vapeur douce permet de conserver une texture v\u00e9ritablement fondante et extr\u00eamement d\u00e9licate. Vous allez adorer le r\u00e9sultat en bouche.<\/p>\n<p>J\u2019ai d\u00e9lib\u00e9r\u00e9ment choisi d\u2019utiliser du lait de soja pour obtenir une base sans aucun produit laitier. Si vous aimez d\u00e9couvrir de nouvelles assiettes saines, vous pouvez d\u2019ailleurs consulter l\u2019ensemble de mes <a href=\"https:\/\/cuisine-saine.fr\/toutes-les-recettes-sans-gluten-ni-lait\/\">recettes sans gluten ni lait<\/a> pour faire le plein d\u2019inspirations.<\/p>\n<p>Je pr\u00e9pare tr\u00e8s r\u00e9guli\u00e8rement cette entr\u00e9e pour d\u00e9marrer un repas sur une note a\u00e9rienne. C\u2019est une formidable alternative \u00e0 la classique <a href=\"https:\/\/cuisine-saine.fr\/recette-sans-gluten\/tarte-aux-poireaux\/\">tarte au poireaux<\/a>, surtout si vous avez envie de tester une <strong>recette flan de poireaux l\u00e9ger<\/strong>. Le passage en cuisine demande peu de temps et la pr\u00e9sentation dans de petits ramequins fait toujours son petit effet \u00e0 table. Le soja se marie remarquablement bien avec notre l\u00e9gume du jour. <strong>Je vous guide pas \u00e0 pas pour r\u00e9ussir<\/strong> ces petites merveilles parfum\u00e9es !<\/p>\n<\/div>\n<h2>Recette de flans de poireaux \u00e0 la vapeur<\/h2>\n<ul class=\"typerect\" itemprop=\"recipeCuisine\">\n<li class=\"ssgluten\">\n    <link itemprop=\"suitableForDiet\" href=\"https:\/\/schema.org\/GlutenFreeDiet\"\/>\n    <span>Recette sans gluten<\/span>\n  <\/li>\n<li class=\"sslait\">\n    <link itemprop=\"suitableForDiet\" href=\"https:\/\/schema.org\/LowLactoseDiet\"\/>\n    <span>Recette sans lactose<\/span>\n  <\/li>\n<li class=\"vege\">\n    <link itemprop=\"suitableForDiet\" href=\"https:\/\/schema.org\/VegetarianDiet\"\/>\n    <span>Recette v\u00e9g\u00e9tarienne<\/span>\n  <\/li>\n<\/ul>\n<div id=\"attachment_125195\" style=\"width: 1210px\" class=\"wp-caption alignnone\"><img loading=\"lazy\" decoding=\"async\" aria-describedby=\"caption-attachment-125195\" alt=\"Recette de flans de poireaux \u00e0 la vapeur\" width=\"1200\" height=\"1789\" itemprop=\"image\" src=\"https:\/\/cuisine-saine.fr\/wp-content\/uploads\/2026\/03\/flans-de-poireaux-sans-lactose-vapeur.jpg\"\/><noscript><img loading=\"lazy\" decoding=\"async\" aria-describedby=\"caption-attachment-125195\" src=\"https:\/\/cuisine-saine.fr\/wp-content\/uploads\/2026\/03\/flans-de-poireaux-sans-lactose-vapeur.jpg\" alt=\"Recette de flans de poireaux \u00e0 la vapeur\" width=\"1200\" height=\"1789\" itemprop=\"image\"\/><\/noscript><\/p>\n<p id=\"caption-attachment-125195\" class=\"wp-caption-text\">Recette de flans de poireaux \u00e0 la vapeur<\/p>\n<\/div>\n<div class=\"intro\">\n<p itemprop=\"recipeCategory\">Entr\u00e9e<\/p>\n<p class=\"temps\">\n    <strong class=\"yield\" itemprop=\"recipeYield\">Pour 4 ramequins<\/strong><br \/><strong>Temps de pr\u00e9paration<\/strong> : <time datetime=\"PT15M\" itemprop=\"prepTime\">15 min<\/time><br \/><strong>Temps de cuisson<\/strong> : <time datetime=\"PT20M\" itemprop=\"cookTime\">20 min<\/time>\n  <\/p>\n<\/div>\n<div class=\"ingredient\">\n<h3 class=\"listetitre\">Ingr\u00e9dients<\/h3>\n<ul class=\"listeingredient\">\n<li class=\"ingredient\" itemprop=\"recipeIngredient\">2 beaux poireaux<\/li>\n<li class=\"ingredient\" itemprop=\"recipeIngredient\">200 ml de lait de soja nature sans sucre ajout\u00e9<\/li>\n<li class=\"ingredient\" itemprop=\"recipeIngredient\">3 \u0153ufs bio<\/li>\n<li class=\"ingredient\" itemprop=\"recipeIngredient\">1 cuill\u00e8re \u00e0 soupe d\u2019huile d\u2019olive<\/li>\n<li class=\"ingredient\" itemprop=\"recipeIngredient\">Une belle pinc\u00e9e de noix de muscade r\u00e2p\u00e9e<\/li>\n<li class=\"ingredient\" itemprop=\"recipeIngredient\">Sel gris et poivre du moulin<\/li>\n<\/ul>\n<\/div>\n<ol class=\"recette\" itemprop=\"recipeInstructions\">\n<li itemprop=\"step\">Lavez soigneusement les blancs et le vert tendre des l\u00e9gumes, puis <strong>\u00e9mincez-les tr\u00e8s finement<\/strong> au couteau.<\/li>\n<li itemprop=\"step\">Faites chauffer l\u2019huile d\u2019olive dans une po\u00eale. Ajoutez les \u00e9minc\u00e9s et <strong>laissez suer pendant 10 minutes<\/strong> \u00e0 feu doux pour obtenir une texture bien fondante.<\/li>\n<li itemprop=\"step\">Battez les \u0153ufs en omelette dans un cul de poule. Versez le lait de soja, la muscade, le sel et le poivre. <strong>Fouettez vivement la pr\u00e9paration<\/strong> pour amener de l\u2019air.<\/li>\n<li itemprop=\"step\">R\u00e9partissez la fondue de l\u00e9gumes de mani\u00e8re \u00e9quitable au fond de quatre ramequins individuels compatibles avec votre cuit-vapeur.<\/li>\n<li itemprop=\"step\">Versez le liquide par-dessus les l\u00e9gumes jusqu\u2019aux trois quarts de la hauteur des moules.<\/li>\n<li itemprop=\"step\">Placez vos ramequins dans le panier de votre cuit-vapeur et <strong>laissez cuire 20 minutes<\/strong> \u00e0 la vapeur douce.<\/li>\n<li itemprop=\"step\">Sortez les ramequins avec pr\u00e9caution. Cette d\u00e9licieuse recette de flan de poireaux s\u2019appr\u00e9cie encore ti\u00e8de avec une petite salade verte.<\/li>\n<\/ol>\n<h3 class=\"conseil\">Le conseil de Karen<\/h3>\n<div class=\"conkar\">\n<p>Je vous invite \u00e0 parsemer un peu de levure malt\u00e9e sur le dessus de vos pr\u00e9parations juste avant la cuisson. Cela apporte <strong>une d\u00e9licieuse note fromag\u00e8re<\/strong> totalement v\u00e9g\u00e9tale et vraiment gourmande.<\/p>\n<\/div>\n<div class=\"nutrition\" itemscope=\"\" itemtype=\"https:\/\/schema.org\/NutritionInformation\">\n<h3>Valeurs nutritionnelles indicatives pour nos flans de poireaux<\/h3>\n<p><strong itemprop=\"servingSize\">Par portion (1 ramequin)<\/strong><\/p>\n<table>\n<tr>\n<th>\u00c9nergie<\/th>\n<td><span itemprop=\"calories\">~120\u00a0kcal<\/span><\/td>\n<\/tr>\n<tr>\n<th>Glucides<\/th>\n<td><span itemprop=\"carbohydrateContent\">~5\u00a0g<\/span><\/td>\n<\/tr>\n<tr>\n<th>Dont sucres<\/th>\n<td><span itemprop=\"sugarContent\">~2\u00a0g<\/span><\/td>\n<\/tr>\n<tr>\n<th>Prot\u00e9ines<\/th>\n<td><span itemprop=\"proteinContent\">~7\u00a0g<\/span><\/td>\n<\/tr>\n<tr>\n<th>Lipides<\/th>\n<td><span itemprop=\"fatContent\">~8\u00a0g<\/span><\/td>\n<\/tr>\n<tr>\n<th>Fibres<\/th>\n<td><span itemprop=\"fiberContent\">~2\u00a0g<\/span><\/td>\n<\/tr>\n<tr>\n<th>Sodium<\/th>\n<td><span itemprop=\"sodiumContent\">~0,3\u00a0g<\/span><\/td>\n<\/tr>\n<\/table>\n<\/div>\n<div class=\"astuces-cahier\">\n<h3>Astuces et variantes pour r\u00e9ussir vos flans de poireaux<\/h3>\n<p class=\"surtitre\">Mes id\u00e9es pour sublimer votre <strong>recette flan de poireaux<\/strong><\/p>\n<ul>\n<li><strong>Version de la mer :<\/strong> ajoutez quelques crevettes ou de petits morceaux de noix de p\u00e9toncle dans la fondue de l\u00e9gumes avant cuisson. C\u2019est une excellente suite iod\u00e9e si vous avez d\u00e9j\u00e0 appr\u00e9ci\u00e9 ma <a href=\"https:\/\/cuisine-saine.fr\/recette-sans-gluten\/recette-facile\/recette-facile-et-rapide-poelee-de-saint-jacques-aux-poireaux-saveur-curry\/\">po\u00eal\u00e9e de saint Jacques aux poireaux<\/a>.<\/li>\n<li><strong>Touche \u00e9pic\u00e9e :<\/strong> troquez la muscade contre une belle pinc\u00e9e de curry ou de curcuma. <strong>Ces \u00e9pices colorent joliment la pr\u00e9paration<\/strong> et r\u00e9veillent imm\u00e9diatement les papilles.<\/li>\n<li><strong>Encore plus onctueux :<\/strong> remplacez la moiti\u00e9 de la boisson v\u00e9g\u00e9tale par de la cr\u00e8me de coco ou d\u2019amande. <strong>La consistance devient extr\u00eamement soyeuse<\/strong> sous la petite cuill\u00e8re.<\/li>\n<li><strong>Format familial :<\/strong> utilisez un grand plat au lieu des petits ramequins individuels. <strong>Pensez \u00e0 prolonger le temps de cuisson<\/strong> dans le panier pour que le centre soit parfaitement pris.<\/li>\n<\/ul>\n<\/div>\n<div class=\"faq\">\n<h2>Questions fr\u00e9quentes \u2013 flans de poireaux<\/h2>\n<div>\n<h3>Peut-on pr\u00e9parer cette entr\u00e9e \u00e0 l\u2019avance ?<\/h3>\n<div>\n<p>Absolument. Je vous conseille de <strong>les cuire la veille<\/strong> et de les conserver au frais. Il suffit de les r\u00e9chauffer doucement quelques minutes \u00e0 la vapeur juste avant de servir.<\/p>\n<\/div>\n<\/div>\n<div>\n<h3>Quel lait v\u00e9g\u00e9tal choisir si je n\u2019aime pas le soja ?<\/h3>\n<div>\n<p>Vous pouvez parfaitement utiliser du lait d\u2019amande sans sucre ou du lait d\u2019avoine. <strong>Ces alternatives donnent d\u2019excellents r\u00e9sultats<\/strong> tout en conservant une texture tr\u00e8s soyeuse sous la cuill\u00e8re.<\/p>\n<\/div>\n<\/div>\n<div>\n<h3>Est-il possible de cuire ces ramequins au four traditionnel ?<\/h3>\n<div>\n<p>Oui, c\u2019est tout \u00e0 fait faisable. Placez vos petits moules <strong>dans un bain-marie<\/strong> et enfournez \u00e0 160 degr\u00e9s pendant environ 30 minutes pour bien pr\u00e9server le c\u00f4t\u00e9 fondant des l\u00e9gumes.<\/p>\n<\/div>\n<\/div>\n<\/div>\n<hr\/>\n<p>J\u2019esp\u00e8re sinc\u00e8rement que cette petite merveille v\u00e9g\u00e9tale saura conqu\u00e9rir vos tables. <strong>La cuisson douce fait vraiment la diff\u00e9rence<\/strong> en bouche pour obtenir un r\u00e9sultat extraordinairement a\u00e9rien. C\u2019est le plat id\u00e9al pour faire manger des l\u00e9gumes aux enfants sans la moindre protestation. Je re\u00e7ois toujours des compliments quand je les apporte encore fumants sur la table \u00e0 manger pour d\u00e9buter le repas.<\/p>\n<p>Prenez le temps de bien \u00e9mincer vos l\u00e9gumes au d\u00e9part. Cette petite attention change absolument tout au moment de la d\u00e9gustation. N\u2019h\u00e9sitez pas \u00e0 varier les herbes aromatiques selon le contenu de votre r\u00e9frig\u00e9rateur. De la ciboulette fra\u00eeche ou quelques brins d\u2019aneth <strong>apportent une note printani\u00e8re fantastique<\/strong> \u00e0 cette pr\u00e9paration si facile \u00e0 r\u00e9aliser.<\/p>\n<p>Laissez parler votre cr\u00e9ativit\u00e9 en cuisine ! Vous avez toutes les cartes en main pour r\u00e9ussir cette entr\u00e9e savoureuse d\u00e8s votre premier essai. C\u2019est une excellente fa\u00e7on de se faire plaisir tout en respectant ses intol\u00e9rances alimentaires de fa\u00e7on ludique. La simplicit\u00e9 a souvent du bon quand elle met en valeur de beaux produits bruts.<\/p>\n<p>Racontez-moi quelles \u00e9pices vous avez choisi d\u2019ajouter. <strong>Laissez vos impressions en commentaire<\/strong> juste en dessous. Je lis chacun de vos retours avec un immense bonheur et je r\u00e9ponds \u00e0 toutes vos interrogations. Bon app\u00e9tit \u00e0 tous et profitez pleinement de ce petit plat fait maison avec vos proches !<\/p>\n<p><!-- FeedbackWP Plugin -->  <\/p><\/div>\n<p>[ad_2]<br \/>\n<br \/><a href=\"https:\/\/cuisine-saine.fr\/recette-sans-gluten-ni-lait\/flans-de-poireaux\/\">Source link <\/a><\/p>\n","protected":false},"excerpt":{"rendered":"<p>[ad_1] J\u2019adore cuisiner les l\u00e9gumes de saison et trouver de nouvelles id\u00e9es pour les mettre en valeur. Le poireau fait &hellip; <a href=\"https:\/\/www.affinite.fr\/index.php\/2026\/03\/26\/petits-flans-de-poireaux-sans-lactose-individuels-et-cuits-a-la-vapeur\/\" class=\"more-link\">Plus <span class=\"screen-reader-text\">Petits flans de poireaux sans lactose : individuels et cuits \u00e0 la vapeur<\/span> <span class=\"meta-nav\">&rarr;<\/span><\/a><\/p>\n","protected":false},"author":1,"featured_media":12889,"comment_status":"","ping_status":"open","sticky":false,"template":"","format":"standard","meta":{"_sitemap_exclude":false,"_sitemap_priority":"","_sitemap_frequency":"","footnotes":""},"categories":[1],"tags":[],"class_list":["post-12888","post","type-post","status-publish","format-standard","has-post-thumbnail","hentry","category-tous"],"_links":{"self":[{"href":"https:\/\/www.affinite.fr\/index.php\/wp-json\/wp\/v2\/posts\/12888"}],"collection":[{"href":"https:\/\/www.affinite.fr\/index.php\/wp-json\/wp\/v2\/posts"}],"about":[{"href":"https:\/\/www.affinite.fr\/index.php\/wp-json\/wp\/v2\/types\/post"}],"author":[{"embeddable":true,"href":"https:\/\/www.affinite.fr\/index.php\/wp-json\/wp\/v2\/users\/1"}],"replies":[{"embeddable":true,"href":"https:\/\/www.affinite.fr\/index.php\/wp-json\/wp\/v2\/comments?post=12888"}],"version-history":[{"count":0,"href":"https:\/\/www.affinite.fr\/index.php\/wp-json\/wp\/v2\/posts\/12888\/revisions"}],"wp:featuredmedia":[{"embeddable":true,"href":"https:\/\/www.affinite.fr\/index.php\/wp-json\/wp\/v2\/media\/12889"}],"wp:attachment":[{"href":"https:\/\/www.affinite.fr\/index.php\/wp-json\/wp\/v2\/media?parent=12888"}],"wp:term":[{"taxonomy":"category","embeddable":true,"href":"https:\/\/www.affinite.fr\/index.php\/wp-json\/wp\/v2\/categories?post=12888"},{"taxonomy":"post_tag","embeddable":true,"href":"https:\/\/www.affinite.fr\/index.php\/wp-json\/wp\/v2\/tags?post=12888"}],"curies":[{"name":"wp","href":"https:\/\/api.w.org\/{rel}","templated":true}]}}