{"id":12883,"date":"2026-03-25T16:01:01","date_gmt":"2026-03-25T16:01:01","guid":{"rendered":"https:\/\/www.affinite.fr\/index.php\/2026\/03\/25\/petit-potager-de-paques-chefnini\/"},"modified":"2026-03-25T16:01:01","modified_gmt":"2026-03-25T16:01:01","slug":"petit-potager-de-paques-chefnini","status":"publish","type":"post","link":"https:\/\/www.affinite.fr\/index.php\/2026\/03\/25\/petit-potager-de-paques-chefnini\/","title":{"rendered":"Petit potager de P\u00e2ques &#8211; chefNini"},"content":{"rendered":"<p> [ad_1]<br \/>\n<\/p>\n<div itemprop=\"text\">\n<div itemscope=\"itemscope\" itemtype=\"https:\/\/schema.org\/Recipe\"><span style=\"display:none\" itemprop=\"name\">Petit potager de P\u00e2ques<\/span><span style=\"display:none\" itemprop=\"author\">Virginie Fouquet<\/span><\/p>\n<p><img loading=\"lazy\" decoding=\"async\" itemprop=\"image\" class=\"aligncenter size-full wp-image-46995\" src=\"https:\/\/static.chefnini.com\/wp-content\/uploads\/2026\/03\/IMG_0628-copie.jpg\" alt=\"\" width=\"500\" height=\"750\" srcset=\"https:\/\/static.chefnini.com\/wp-content\/uploads\/2026\/03\/IMG_0628-copie.jpg 500w, https:\/\/static.chefnini.com\/wp-content\/uploads\/2026\/03\/IMG_0628-copie-200x300.jpg 200w\" sizes=\"(max-width: 500px) 100vw, 500px\"\/><\/p>\n<p data-start=\"144\" data-end=\"390\">Avec l\u2019arriv\u00e9e du printemps et des beaux jours, j\u2019aime proposer des recettes aussi jolies que gourmandes. Ce petit potager est typiquement le genre de pr\u00e9paration qui fait son effet sur une table : color\u00e9, ludique et parfait \u00e0 partager.<\/p>\n<p data-start=\"392\" data-end=\"656\">L\u2019id\u00e9e est simple : transformer des l\u00e9gumes crus et croquants en un mini jardin comestible, \u00e0 tremper dans un dip cr\u00e9meux au fromage frais. Une recette \u00e0 la fois l\u00e9g\u00e8re, conviviale et visuellement irr\u00e9sistible, en plus d\u2019\u00eatre super facile \u00e0 pr\u00e9parer \u2014 id\u00e9ale pour un ap\u00e9ritif de P\u00e2ques ou un brunch printanier. \ud83d\ude42<\/p>\n<p><img loading=\"lazy\" decoding=\"async\" itemprop=\"image\" class=\"aligncenter size-full wp-image-46996\" src=\"https:\/\/static.chefnini.com\/wp-content\/uploads\/2026\/03\/IMG_0632-copie.jpg\" alt=\"\" width=\"800\" height=\"533\" srcset=\"https:\/\/static.chefnini.com\/wp-content\/uploads\/2026\/03\/IMG_0632-copie.jpg 800w, https:\/\/static.chefnini.com\/wp-content\/uploads\/2026\/03\/IMG_0632-copie-300x200.jpg 300w, https:\/\/static.chefnini.com\/wp-content\/uploads\/2026\/03\/IMG_0632-copie-768x512.jpg 768w\" sizes=\"(max-width: 800px) 100vw, 800px\"\/><\/p>\n<p><img loading=\"lazy\" decoding=\"async\" itemprop=\"image\" class=\"aligncenter size-full wp-image-46998\" src=\"https:\/\/static.chefnini.com\/wp-content\/uploads\/2026\/03\/IMG_0637-copie.jpg\" alt=\"\" width=\"500\" height=\"750\" srcset=\"https:\/\/static.chefnini.com\/wp-content\/uploads\/2026\/03\/IMG_0637-copie.jpg 500w, https:\/\/static.chefnini.com\/wp-content\/uploads\/2026\/03\/IMG_0637-copie-200x300.jpg 200w\" sizes=\"auto, (max-width: 500px) 100vw, 500px\"\/><\/p>\n<h3\/>\n<h3 itemprop=\"recipeYield\">Pour 4 personnes :<\/h3>\n<ul>\n<li itemprop=\"ingredients\" data-section-id=\"1023f5z\" data-start=\"857\" data-end=\"927\">300 g de fromage frais (type Philadelphia ou fromage frais nature)<\/li>\n<li itemprop=\"ingredients\" data-section-id=\"7em3xz\" data-start=\"928\" data-end=\"996\">3 c.s. de cr\u00e8me liquide<\/li>\n<li itemprop=\"ingredients\" data-section-id=\"tyuwns\" data-start=\"997\" data-end=\"1024\">2 c.c. de jus de citron<\/li>\n<li itemprop=\"ingredients\" data-section-id=\"1o3pa3t\" data-start=\"1025\" data-end=\"1040\">Sel, poivre<\/li>\n<li itemprop=\"ingredients\" data-section-id=\"1fsgf7w\" data-start=\"1042\" data-end=\"1076\">2 tranches de pain de campagne<\/li>\n<li itemprop=\"ingredients\" data-section-id=\"1hl3qh7\" data-start=\"1078\" data-end=\"1107\">1 botte d\u2019asperges vertes<\/li>\n<li itemprop=\"ingredients\" data-section-id=\"1cg5vlp\" data-start=\"1108\" data-end=\"1128\">1 botte de radis<\/li>\n<li itemprop=\"ingredients\" data-section-id=\"dkibyy\" data-start=\"1129\" data-end=\"1159\">1 poign\u00e9e de baby carottes<\/li>\n<\/ul>\n<h3\/>\n<div itemprop=\"recipeInstructions\">\n<p><img loading=\"lazy\" decoding=\"async\" itemprop=\"image\" class=\"aligncenter size-full wp-image-46999\" src=\"https:\/\/static.chefnini.com\/wp-content\/uploads\/2026\/03\/IMG_0642-copie.jpg\" alt=\"\" width=\"500\" height=\"750\" srcset=\"https:\/\/static.chefnini.com\/wp-content\/uploads\/2026\/03\/IMG_0642-copie.jpg 500w, https:\/\/static.chefnini.com\/wp-content\/uploads\/2026\/03\/IMG_0642-copie-200x300.jpg 200w\" sizes=\"auto, (max-width: 500px) 100vw, 500px\"\/><\/p>\n<p data-start=\"1183\" data-end=\"1334\">1- Dans un bol, m\u00e9langez le fromage frais avec la cr\u00e8me liquide et le jus de citron jusqu\u2019\u00e0 obtenir une texture souple et bien cr\u00e9meuse. Salez et poivrez.<\/p>\n<p data-start=\"1336\" data-end=\"1483\">2- Versez la pr\u00e9paration dans un r\u00e9cipient de service, lissez la surface puis placez au frais pendant environ 30 minutes pour qu\u2019elle se tienne mieux.<\/p>\n<p data-start=\"1485\" data-end=\"1791\">3- Pendant ce temps, portez une casserole d\u2019eau sal\u00e9e \u00e0 \u00e9bullition et faites cuire les pointes d\u2019asperges pendant 3 \u00e0 4 minutes, jusqu\u2019\u00e0 ce qu\u2019elles soient tendres mais encore l\u00e9g\u00e8rement croquantes. \u00c9gouttez-les puis plongez-les dans de l\u2019eau froide pour conserver leur belle couleur verte. Laissez refroidir.<\/p>\n<p data-start=\"1793\" data-end=\"1929\">4- Faites griller les tranches de pain jusqu\u2019\u00e0 ce qu\u2019elles soient bien croustillantes, puis mixez-les pour obtenir une chapelure grossi\u00e8re.<\/p>\n<p data-start=\"1931\" data-end=\"2031\">5- Sortez le dip du r\u00e9frig\u00e9rateur et recouvrez-le enti\u00e8rement de chapelure pour cr\u00e9er un effet \u201cterre\u201d.<\/p>\n<p data-start=\"2033\" data-end=\"2209\">6- Disposez ensuite les l\u00e9gumes en les plantant directement dans le dip : les asperges pour donner de la hauteur, les radis et les carottes pour varier les formes et les couleurs.<\/p>\n<p><img loading=\"lazy\" decoding=\"async\" itemprop=\"image\" class=\"aligncenter size-full wp-image-46997\" src=\"https:\/\/static.chefnini.com\/wp-content\/uploads\/2026\/03\/IMG_0635-copie.jpg\" alt=\"\" width=\"800\" height=\"533\" srcset=\"https:\/\/static.chefnini.com\/wp-content\/uploads\/2026\/03\/IMG_0635-copie.jpg 800w, https:\/\/static.chefnini.com\/wp-content\/uploads\/2026\/03\/IMG_0635-copie-300x200.jpg 300w, https:\/\/static.chefnini.com\/wp-content\/uploads\/2026\/03\/IMG_0635-copie-768x512.jpg 768w\" sizes=\"auto, (max-width: 800px) 100vw, 800px\"\/><\/p>\n<\/div>\n<p> <!-- recipeInstructions -->\n<\/div>\n<p><!-- CONTENT END 1 -->\n\t\t\t\t\t\t\t\t\t\t\t\t\t\t\t<\/div>\n<p>[ad_2]<br \/>\n<br \/><a href=\"https:\/\/www.chefnini.com\/petit-potager-de-paques\/\">Source link <\/a><\/p>\n","protected":false},"excerpt":{"rendered":"<p>[ad_1] Petit potager de P\u00e2quesVirginie Fouquet Avec l\u2019arriv\u00e9e du printemps et des beaux jours, j\u2019aime proposer des recettes aussi jolies &hellip; <a href=\"https:\/\/www.affinite.fr\/index.php\/2026\/03\/25\/petit-potager-de-paques-chefnini\/\" class=\"more-link\">Plus <span class=\"screen-reader-text\">Petit potager de P\u00e2ques &#8211; chefNini<\/span> <span class=\"meta-nav\">&rarr;<\/span><\/a><\/p>\n","protected":false},"author":1,"featured_media":12884,"comment_status":"","ping_status":"open","sticky":false,"template":"","format":"standard","meta":{"_sitemap_exclude":false,"_sitemap_priority":"","_sitemap_frequency":"","footnotes":""},"categories":[1],"tags":[],"class_list":["post-12883","post","type-post","status-publish","format-standard","has-post-thumbnail","hentry","category-tous"],"_links":{"self":[{"href":"https:\/\/www.affinite.fr\/index.php\/wp-json\/wp\/v2\/posts\/12883"}],"collection":[{"href":"https:\/\/www.affinite.fr\/index.php\/wp-json\/wp\/v2\/posts"}],"about":[{"href":"https:\/\/www.affinite.fr\/index.php\/wp-json\/wp\/v2\/types\/post"}],"author":[{"embeddable":true,"href":"https:\/\/www.affinite.fr\/index.php\/wp-json\/wp\/v2\/users\/1"}],"replies":[{"embeddable":true,"href":"https:\/\/www.affinite.fr\/index.php\/wp-json\/wp\/v2\/comments?post=12883"}],"version-history":[{"count":0,"href":"https:\/\/www.affinite.fr\/index.php\/wp-json\/wp\/v2\/posts\/12883\/revisions"}],"wp:featuredmedia":[{"embeddable":true,"href":"https:\/\/www.affinite.fr\/index.php\/wp-json\/wp\/v2\/media\/12884"}],"wp:attachment":[{"href":"https:\/\/www.affinite.fr\/index.php\/wp-json\/wp\/v2\/media?parent=12883"}],"wp:term":[{"taxonomy":"category","embeddable":true,"href":"https:\/\/www.affinite.fr\/index.php\/wp-json\/wp\/v2\/categories?post=12883"},{"taxonomy":"post_tag","embeddable":true,"href":"https:\/\/www.affinite.fr\/index.php\/wp-json\/wp\/v2\/tags?post=12883"}],"curies":[{"name":"wp","href":"https:\/\/api.w.org\/{rel}","templated":true}]}}