{"id":12880,"date":"2026-03-24T10:55:13","date_gmt":"2026-03-24T10:55:13","guid":{"rendered":"http:\/\/www.affinite.fr\/index.php\/2026\/03\/24\/poelee-de-radis-fondants-au-miel-et-au-gingembre\/"},"modified":"2026-03-24T10:55:13","modified_gmt":"2026-03-24T10:55:13","slug":"poelee-de-radis-fondants-au-miel-et-au-gingembre","status":"publish","type":"post","link":"https:\/\/www.affinite.fr\/index.php\/2026\/03\/24\/poelee-de-radis-fondants-au-miel-et-au-gingembre\/","title":{"rendered":"Po\u00eal\u00e9e de radis fondants au miel et au gingembre"},"content":{"rendered":"<p> [ad_1]<br \/>\n<\/p>\n<div id=\"post-125184\">\n<div class=\"entry-content\">\n    <!-- FeedbackWP Plugin - Results Widget --><\/p>\n<p itemprop=\"description\">Avez-vous d\u00e9j\u00e0 go\u00fbt\u00e9 aux radis cuits ? C\u2019est une v\u00e9ritable r\u00e9v\u00e9lation ! Une fois pass\u00e9s \u00e0 la po\u00eale, les radis perdent leur piquant pour r\u00e9v\u00e9ler une saveur douce et une texture fondante. Cette po\u00eal\u00e9e de radis au miel et au gingembre est une recette <strong>sans gluten et sans lactose<\/strong>, id\u00e9ale pour accompagner une c\u00e9r\u00e9ale ou une prot\u00e9ine. C\u2019est aussi une excellente fa\u00e7on de cuisiner les radis un peu trop piquants ou qui commencent \u00e0 ramollir.<\/p>\n<h2>Recette de po\u00eal\u00e9e de radis fondants au miel et au gingembre<\/h2>\n<ul class=\"typerect\" itemprop=\"recipeCuisine\">\n<li class=\"ssgluten\">\n  <link itemprop=\"suitableForDiet\" href=\"https:\/\/schema.org\/GlutenFreeDiet\"\/>\n  <span>Recette sans gluten<\/span>\n<\/li>\n<li class=\"sslait\">\n  <link itemprop=\"suitableForDiet\" href=\"https:\/\/schema.org\/LowLactoseDiet\"\/>\n  <span>Recette sans lactose<\/span>\n<\/li>\n<li class=\"vege\">\n  <link itemprop=\"suitableForDiet\" href=\"https:\/\/schema.org\/VegetarianDiet\"\/>\n  <span>Recette v\u00e9g\u00e9tarienne<\/span>\n<\/li>\n<\/ul>\n<div id=\"attachment_125185\" style=\"width: 1210px\" class=\"wp-caption alignnone\"><img loading=\"lazy\" decoding=\"async\" aria-describedby=\"caption-attachment-125185\" alt=\"Po\u00eal\u00e9e de radis fondants au miel et au gingembre\" width=\"1200\" height=\"1789\" itemprop=\"image\" src=\"https:\/\/cuisine-saine.fr\/wp-content\/uploads\/2026\/03\/poelee-radis.jpg\"\/><noscript><img loading=\"lazy\" decoding=\"async\" aria-describedby=\"caption-attachment-125185\" src=\"https:\/\/cuisine-saine.fr\/wp-content\/uploads\/2026\/03\/poelee-radis.jpg\" alt=\"Po\u00eal\u00e9e de radis fondants au miel et au gingembre\" width=\"1200\" height=\"1789\" itemprop=\"image\"\/><\/noscript><\/p>\n<p id=\"caption-attachment-125185\" class=\"wp-caption-text\">Po\u00eal\u00e9e de radis fondants au miel et au gingembre<\/p>\n<\/div>\n<div class=\"intro\">\n<p itemprop=\"recipeCategory\">Accompagnement<\/p>\n<p class=\"temps\">\n<strong class=\"yield\" itemprop=\"recipeYield\">Pour 2 personnes<\/strong><br \/><strong>Temps de pr\u00e9paration<\/strong> :<time datetime=\"PT15M\" itemprop=\"prepTime\">15 min<\/time><br \/><strong>Temps de cuisson<\/strong> : <time datetime=\"PT10M\" itemprop=\"cookTime\">10 min<\/time>\n<\/p>\n<\/div>\n<div class=\"ingredient\">\n<h3 class=\"listetitre\">Ingr\u00e9dients<\/h3>\n<ul class=\"listeingredient\">\n<li class=\"ingredient\" itemprop=\"recipeIngredient\">1 botte de radis (roses, verts ou m\u00eame radis longs)<\/li>\n<li class=\"ingredient\" itemprop=\"recipeIngredient\">1 CS d\u2019huile d\u2019olive (ou de ghee pour un petit go\u00fbt noisette)<\/li>\n<li class=\"ingredient\" itemprop=\"recipeIngredient\">1 cc de gingembre frais r\u00e2p\u00e9 (ou en poudre)<\/li>\n<li class=\"ingredient\" itemprop=\"recipeIngredient\">1 CS de miel de thym (ou miel de fleurs)<\/li>\n<li class=\"ingredient\" itemprop=\"recipeIngredient\">1 pinc\u00e9e de sel marin<\/li>\n<li class=\"ingredient\" itemprop=\"recipeIngredient\">Optionnel : quelques graines de s\u00e9same pour le d\u00e9cor<\/li>\n<\/ul>\n<\/div>\n<ol class=\"recette\" itemprop=\"recipeInstructions\">\n<li itemprop=\"step\">Lavez soigneusement les radis, \u00f4tez les fanes (ne les jetez pas, voir mon conseil plus bas !) et coupez les radis en rondelles un peu \u00e9paisses ou en quartiers s\u2019ils sont gros.<\/li>\n<li itemprop=\"step\">Dans une po\u00eale, faites chauffer l\u2019huile d\u2019olive \u00e0 feu moyen.<\/li>\n<li itemprop=\"step\">Versez les radis dans la po\u00eale. Faites-les revenir pendant 5 \u00e0 7 minutes en remuant r\u00e9guli\u00e8rement. Ils doivent commencer \u00e0 devenir l\u00e9g\u00e8rement translucides tout en restant un peu croquants au c\u0153ur.<\/li>\n<li itemprop=\"step\">Ajoutez le gingembre frais r\u00e2p\u00e9 et la pinc\u00e9e de sel. M\u00e9langez bien pour enrober les radis.<\/li>\n<li itemprop=\"step\">Ajoutez enfin le miel de thym. Laissez caram\u00e9liser pendant 2 \u00e0 3 minutes suppl\u00e9mentaires \u00e0 feu vif en remuant sans cesse pour glacer les radis.<\/li>\n<li itemprop=\"step\">Servez aussit\u00f4t, parsem\u00e9 de graines de s\u00e9same pour une touche de croquant.<\/li>\n<\/ol>\n<h3 class=\"conseil\">Le conseil de Karen<\/h3>\n<div class=\"conkar\">\n<p><strong>Z\u00e9ro d\u00e9chet :<\/strong> Ne jetez surtout pas les fanes de vos radis ! Si elles sont bien fra\u00eeches, vous pouvez les transformer en un d\u00e9licieux pesto de fanes de radis ou les ajouter \u00e0 une soupe de l\u00e9gumes pour une touche de chlorophylle. Pour cette recette, vous pouvez varier les plaisirs en rempla\u00e7ant le miel de thym par du sirop d\u2019\u00e9rable pour une version 100% vegan.<\/p>\n<\/div>\n<div class=\"nutrition\" itemscope=\"\" itemtype=\"https:\/\/schema.org\/NutritionInformation\">\n<h4>Valeurs nutritionnelles indicatives pour 100 g de radis glac\u00e9s<\/h4>\n<p><strong itemprop=\"servingSize\">Par 100\u00a0g<\/strong><\/p>\n<table>\n<tr>\n<th>\u00c9nergie<\/th>\n<td><span itemprop=\"calories\">~85\u00a0kcal<\/span><\/td>\n<\/tr>\n<tr>\n<th>Glucides<\/th>\n<td><span itemprop=\"carbohydrateContent\">~10\u00a0g<\/span><\/td>\n<\/tr>\n<tr>\n<th>Dont sucres<\/th>\n<td><span itemprop=\"sugarContent\">~7\u00a0g<\/span><\/td>\n<\/tr>\n<tr>\n<th>Prot\u00e9ines<\/th>\n<td><span itemprop=\"proteinContent\">~1,2\u00a0g<\/span><\/td>\n<\/tr>\n<tr>\n<th>Lipides<\/th>\n<td><span itemprop=\"fatContent\">~4,5\u00a0g<\/span><\/td>\n<\/tr>\n<tr>\n<th>Fibres<\/th>\n<td><span itemprop=\"fiberContent\">~1,5\u00a0g<\/span><\/td>\n<\/tr>\n<tr>\n<th>Sodium<\/th>\n<td><span itemprop=\"sodiumContent\">~0,15\u00a0g<\/span><\/td>\n<\/tr>\n<\/table>\n<\/div>\n<div class=\"astuces-cahier\">\n<h3>Astuces et variantes pour la recette de radis glac\u00e9s<\/h3>\n<p class=\"surtitre\">Mes id\u00e9es pour sublimer vos <strong>radis po\u00eal\u00e9s<\/strong><\/p>\n<ul>\n<li><strong>Cuisson parfaite :<\/strong> ne cuisez pas trop les radis pour garder un c\u0153ur l\u00e9g\u00e8rement croquant, c\u2019est ce qui fait tout l\u2019int\u00e9r\u00eat de la recette.<\/li>\n<li><strong>Version sans miel :<\/strong> remplacez le miel par un filet de sirop d\u2019\u00e9rable ou un peu de jus de pomme r\u00e9duit pour une alternative douce.<\/li>\n<li><strong>Variante acidul\u00e9e :<\/strong> ajoutez un trait de jus de citron ou de vinaigre balsamique en fin de cuisson pour \u00e9quilibrer le sucr\u00e9.<\/li>\n<li><strong>Utiliser les fanes :<\/strong> ne jetez pas les fanes de radis, elles sont d\u00e9licieuses en pesto ou ajout\u00e9es dans une soupe verte.<\/li>\n<li><strong>Version \u00e9pic\u00e9e :<\/strong> ajoutez une pinc\u00e9e de piment ou de paprika pour relever l\u00e9g\u00e8rement le plat.<\/li>\n<li><strong>Accompagnement :<\/strong> ces radis se marient tr\u00e8s bien avec du poisson, une viande blanche ou une assiette v\u00e9g\u00e9tarienne.<\/li>\n<\/ul>\n<\/div>\n<div class=\"faq\">\n<h2>Questions fr\u00e9quentes \u2013 radis glac\u00e9s au miel et gingembre<\/h2>\n<div>\n<h3>Peut-on cuire les radis \u00e0 la po\u00eale ?<\/h3>\n<div>\n<p>Oui, et c\u2019est m\u00eame une excellente fa\u00e7on de les red\u00e9couvrir. La cuisson adoucit leur piquant et leur donne une texture tendre tout en gardant un l\u00e9ger croquant.<\/p>\n<\/div>\n<\/div>\n<div>\n<h3>Quel go\u00fbt ont les radis cuits ?<\/h3>\n<div>\n<p>Une fois cuits, les radis deviennent plus doux et l\u00e9g\u00e8rement sucr\u00e9s. Leur go\u00fbt est beaucoup moins piquant que crus.<\/p>\n<\/div>\n<\/div>\n<div>\n<h3>Peut-on remplacer le miel dans cette recette ?<\/h3>\n<div>\n<p>Oui, vous pouvez utiliser du sirop d\u2019\u00e9rable ou un peu de jus de pomme r\u00e9duit pour obtenir un effet l\u00e9g\u00e8rement caram\u00e9lis\u00e9.<\/p>\n<\/div>\n<\/div>\n<div>\n<h3>Faut-il \u00e9plucher les radis avant cuisson ?<\/h3>\n<div>\n<p>Non, il suffit de bien les laver. La peau est fine et devient tendre \u00e0 la cuisson.<\/p>\n<\/div>\n<\/div>\n<div>\n<h3>Que faire avec les fanes de radis ?<\/h3>\n<div>\n<p>Je vous conseille de ne pas les jeter. Elles sont parfaites pour r\u00e9aliser un pesto, une soupe ou les ajouter \u00e0 une po\u00eal\u00e9e de l\u00e9gumes.<\/p>\n<\/div>\n<\/div>\n<div>\n<h3>Avec quoi servir les radis glac\u00e9s ?<\/h3>\n<div>\n<p>Ils accompagnent tr\u00e8s bien un poisson, une viande blanche ou un plat v\u00e9g\u00e9tarien. Leur c\u00f4t\u00e9 l\u00e9g\u00e8rement sucr\u00e9 contraste bien avec des saveurs sal\u00e9es.<\/p>\n<\/div>\n<\/div>\n<\/div>\n<hr\/>\n<p>\nCes radis glac\u00e9s au miel et gingembre sont une belle fa\u00e7on de cuisiner ce l\u00e9gume autrement. J\u2019aime particuli\u00e8rement leur texture fondante avec un c\u0153ur encore l\u00e9g\u00e8rement croquant, ainsi que leur go\u00fbt adouci par la cuisson. Le miel et le gingembre apportent une touche parfum\u00e9e qui transforme compl\u00e8tement le radis.\n<\/p>\n<p>\nC\u2019est une recette rapide, simple et id\u00e9ale pour accompagner de nombreux plats. Elle permet aussi de varier les l\u00e9gumes au quotidien avec tr\u00e8s peu d\u2019ingr\u00e9dients. Une pr\u00e9paration facile \u00e0 refaire, parfaite pour ajouter une note originale et color\u00e9e \u00e0 votre assiette.<\/p>\n<p><!-- FeedbackWP Plugin -->  <\/p><\/div>\n<p><!-- Fin de entry-content --><\/p>\n<p><!-- D&#4294967295;BUT : Articles Similaires (Related Posts) - D&#4294967295;PLAC&#4294967295; ICI --><\/p>\n<section class=\"cs-related-posts\">\n<h3 class=\"cs-related-title\">Vous aimerez aussi ces recettes gourmandes<\/h3>\n<\/section>\n<p>    <!-- Style CSS int&#4294967295;gr&#4294967295; --><\/p>\n<p>    <!-- FIN : Articles Similaires --><\/p>\n<div class=\"et_post_meta_wrapper\">\n<div id=\"instagram\" style=\"background:#ffe699; border:3px double #d32d97; margin-top:25px; padding:20px; overflow:hidden;\">\n<h3 style=\"color:#505050;\">Vous avez test\u00e9 et appr\u00e9ci\u00e9 la recette\u00a0? Partagez votre photo sur Instagram\u00a0!<\/h3>\n<p style=\"float:left;margin-right:5px\"><img loading=\"lazy\" decoding=\"async\" alt=\"logo instagram\" width=\"25\" height=\"25\" style=\"display:inline-block;\" src=\"https:\/\/cuisine-saine.fr\/wp-content\/uploads\/2018\/10\/if_25_social_2609558.png\"\/><noscript><img loading=\"lazy\" decoding=\"async\" src=\"https:\/\/cuisine-saine.fr\/wp-content\/uploads\/2018\/10\/if_25_social_2609558.png\" alt=\"logo instagram\" width=\"25\" height=\"25\" style=\"display:inline-block;\"\/><\/noscript><\/p>\n<p style=\"color:#505050;\">Identifiez-moi avec <strong style=\"color:#d32d97\"><a href=\"https:\/\/www.instagram.com\/karenchevallier\/\" target=\"_blank\" style=\"color:#d32d97\" rel=\"noopener\">@karenchevallier<\/a><\/strong> et ajoutez <strong style=\"color:#d32d97\"><a href=\"https:\/\/www.instagram.com\/explore\/tags\/cuisinesaine\/\" target=\"_blank\" style=\"color:#d32d97\" rel=\"noopener\">#cuisinesaine<\/a><\/strong> \u2014 j\u2019adore d\u00e9couvrir vos jolies cr\u00e9ations healthy.<\/p>\n<\/div><\/div>\n<p>                    <!-- NAVIGATION SUPPRIM&#4294967295;E COMME DISCUT&#4294967295; --><\/p><\/div>\n<p><script async defer src=\"https:\/\/platform.instagram.com\/en_US\/embeds.js\"><\/script><br \/>\n<br \/>[ad_2]<br \/>\n<br \/><a href=\"https:\/\/cuisine-saine.fr\/par-type-de-plat\/accompagnement-sans-gluten\/poelee-de-radis\/\">Source link <\/a><\/p>\n","protected":false},"excerpt":{"rendered":"<p>[ad_1] Avez-vous d\u00e9j\u00e0 go\u00fbt\u00e9 aux radis cuits ? C\u2019est une v\u00e9ritable r\u00e9v\u00e9lation ! Une fois pass\u00e9s \u00e0 la po\u00eale, les &hellip; <a href=\"https:\/\/www.affinite.fr\/index.php\/2026\/03\/24\/poelee-de-radis-fondants-au-miel-et-au-gingembre\/\" class=\"more-link\">Plus <span class=\"screen-reader-text\">Po\u00eal\u00e9e de radis fondants au miel et au gingembre<\/span> <span class=\"meta-nav\">&rarr;<\/span><\/a><\/p>\n","protected":false},"author":1,"featured_media":12881,"comment_status":"","ping_status":"open","sticky":false,"template":"","format":"standard","meta":{"_sitemap_exclude":false,"_sitemap_priority":"","_sitemap_frequency":"","footnotes":""},"categories":[1],"tags":[],"class_list":["post-12880","post","type-post","status-publish","format-standard","has-post-thumbnail","hentry","category-tous"],"_links":{"self":[{"href":"https:\/\/www.affinite.fr\/index.php\/wp-json\/wp\/v2\/posts\/12880"}],"collection":[{"href":"https:\/\/www.affinite.fr\/index.php\/wp-json\/wp\/v2\/posts"}],"about":[{"href":"https:\/\/www.affinite.fr\/index.php\/wp-json\/wp\/v2\/types\/post"}],"author":[{"embeddable":true,"href":"https:\/\/www.affinite.fr\/index.php\/wp-json\/wp\/v2\/users\/1"}],"replies":[{"embeddable":true,"href":"https:\/\/www.affinite.fr\/index.php\/wp-json\/wp\/v2\/comments?post=12880"}],"version-history":[{"count":0,"href":"https:\/\/www.affinite.fr\/index.php\/wp-json\/wp\/v2\/posts\/12880\/revisions"}],"wp:featuredmedia":[{"embeddable":true,"href":"https:\/\/www.affinite.fr\/index.php\/wp-json\/wp\/v2\/media\/12881"}],"wp:attachment":[{"href":"https:\/\/www.affinite.fr\/index.php\/wp-json\/wp\/v2\/media?parent=12880"}],"wp:term":[{"taxonomy":"category","embeddable":true,"href":"https:\/\/www.affinite.fr\/index.php\/wp-json\/wp\/v2\/categories?post=12880"},{"taxonomy":"post_tag","embeddable":true,"href":"https:\/\/www.affinite.fr\/index.php\/wp-json\/wp\/v2\/tags?post=12880"}],"curies":[{"name":"wp","href":"https:\/\/api.w.org\/{rel}","templated":true}]}}