{"id":12877,"date":"2026-03-23T13:54:10","date_gmt":"2026-03-23T13:54:10","guid":{"rendered":"https:\/\/www.affinite.fr\/index.php\/2026\/03\/23\/crepes-a-la-carotte-sans-gluten-sans-lactose\/"},"modified":"2026-03-23T13:54:10","modified_gmt":"2026-03-23T13:54:10","slug":"crepes-a-la-carotte-sans-gluten-sans-lactose","status":"publish","type":"post","link":"https:\/\/www.affinite.fr\/index.php\/2026\/03\/23\/crepes-a-la-carotte-sans-gluten-sans-lactose\/","title":{"rendered":"Cr\u00eapes \u00e0 la carotte sans gluten &#038; sans lactose"},"content":{"rendered":"<p> [ad_1]<br \/>\n<\/p>\n<div id=\"post-125178\">\n<div class=\"entry-content\">\n    <!-- FeedbackWP Plugin - Results Widget --><\/p>\n<p itemprop=\"description\">Apportez de la couleur et de la vitalit\u00e9 \u00e0 votre table avec ces cr\u00eapes sal\u00e9es \u00e0 la carotte ! Cette recette originale permet d\u2019int\u00e9grer des l\u00e9gumes d\u00e8s la p\u00e2te pour un r\u00e9sultat fondant, riche en b\u00eata-carot\u00e8ne et en fibres. Enti\u00e8rement <strong>sans gluten et sans lactose<\/strong>, ces cr\u00eapes \u00e0 la jolie couleur orang\u00e9e et au parfum de cumin sont une base saine et ludique pour vos d\u00e9jeuners ou vos brunchs en toutes saisons.<\/p>\n<h2>Recette cr\u00eapes \u00e0 la carotte et au cumin (Sans gluten &amp; Sans lactose)<\/h2>\n<ul class=\"typerect\" itemprop=\"recipeCuisine\">\n<li class=\"ssgluten\">\n  <link itemprop=\"suitableForDiet\" href=\"https:\/\/schema.org\/GlutenFreeDiet\"\/>\n  <span>Recette sans gluten<\/span>\n<\/li>\n<li class=\"sslait\">\n  <link itemprop=\"suitableForDiet\" href=\"https:\/\/schema.org\/LowLactoseDiet\"\/>\n  <span>Recette sans lactose<\/span>\n<\/li>\n<li class=\"vege\">\n  <link itemprop=\"suitableForDiet\" href=\"https:\/\/schema.org\/VegetarianDiet\"\/>\n  <span>Recette v\u00e9g\u00e9tarienne<\/span>\n<\/li>\n<\/ul>\n<div id=\"attachment_125180\" style=\"width: 1210px\" class=\"wp-caption alignnone\"><img loading=\"lazy\" decoding=\"async\" aria-describedby=\"caption-attachment-125180\" alt=\"Cr\u00eapes \u00e0 la carotte sans gluten &amp; sans lactose\" width=\"1200\" height=\"1789\" itemprop=\"image\" src=\"https:\/\/cuisine-saine.fr\/wp-content\/uploads\/2026\/03\/crepe-carotte-sans-gluten.jpg\"\/><noscript><img loading=\"lazy\" decoding=\"async\" aria-describedby=\"caption-attachment-125180\" src=\"https:\/\/cuisine-saine.fr\/wp-content\/uploads\/2026\/03\/crepe-carotte-sans-gluten.jpg\" alt=\"Cr\u00eapes \u00e0 la carotte sans gluten &amp; sans lactose\" width=\"1200\" height=\"1789\" itemprop=\"image\"\/><\/noscript><\/p>\n<p id=\"caption-attachment-125180\" class=\"wp-caption-text\">Cr\u00eapes \u00e0 la carotte sans gluten &amp; sans lactose<\/p>\n<\/div>\n<div class=\"intro\">\n<p itemprop=\"recipeCategory\">Accompagnement<\/p>\n<p class=\"temps\">\n<strong class=\"yield\" itemprop=\"recipeYield\">Pour 4 personnes (environ 8 cr\u00eapes)<\/strong><br \/><strong>Temps de pr\u00e9paration<\/strong> :<time datetime=\"PT10M\" itemprop=\"prepTime\">10 min<\/time><br \/><strong>Temps de cuisson<\/strong> : <time datetime=\"PT24M\" itemprop=\"cookTime\">3 min par cr\u00eape<\/time>\n<\/p>\n<\/div>\n<div class=\"ingredient\">\n<h3 class=\"listetitre\">Ingr\u00e9dients<\/h3>\n<ul class=\"listeingredient\">\n<li class=\"ingredient\" itemprop=\"recipeIngredient\">3 \u0153ufs bio<\/li>\n<li class=\"ingredient\" itemprop=\"recipeIngredient\">150 g de pur\u00e9e de carottes (carottes cuites \u00e0 la vapeur puis mix\u00e9es finement)<\/li>\n<li class=\"ingredient\" itemprop=\"recipeIngredient\">100 g de farine de riz demi-complet<\/li>\n<li class=\"ingredient\" itemprop=\"recipeIngredient\">50 g de f\u00e9cule de ma\u00efs ou de pomme de terre (pour le liant)<\/li>\n<li class=\"ingredient\" itemprop=\"recipeIngredient\">300 ml de lait de soja (ou autre lait v\u00e9g\u00e9tal non sucr\u00e9)<\/li>\n<li class=\"ingredient\" itemprop=\"recipeIngredient\">1 cc de graines de cumin (ou cumin en poudre)<\/li>\n<li class=\"ingredient\" itemprop=\"recipeIngredient\">1 pinc\u00e9e de sel marin<\/li>\n<li class=\"ingredient\" itemprop=\"recipeIngredient\">Huile d\u2019olive pour la cuisson<\/li>\n<\/ul>\n<\/div>\n<ol class=\"recette\" itemprop=\"recipeInstructions\">\n<li itemprop=\"step\">Dans le bol d\u2019un blender, cassez les \u0153ufs. Ajoutez la pur\u00e9e de carottes, le lait de soja, la farine de riz, la f\u00e9cule et la pinc\u00e9e de sel.<\/li>\n<li itemprop=\"step\">Mixez \u00e0 pleine puissance pendant environ 1 minute jusqu\u2019\u00e0 obtenir une p\u00e2te fluide et parfaitement lisse.<\/li>\n<li itemprop=\"step\">Ajoutez les graines de cumin et donnez une derni\u00e8re impulsion tr\u00e8s br\u00e8ve pour les incorporer sans les broyer totalement.<\/li>\n<li itemprop=\"step\"><strong>Laissez reposer la p\u00e2te au moins 20 minutes<\/strong> \u00e0 temp\u00e9rature ambiante. Ce temps de repos est indispensable en cuisine sans gluten pour permettre aux farines de bien s\u2019hydrater et \u00e9viter que les cr\u00eapes ne se cassent.<\/li>\n<li itemprop=\"step\">Faites chauffer une cr\u00eapi\u00e8re l\u00e9g\u00e8rement huil\u00e9e \u00e0 l\u2019aide d\u2019un papier absorbant imbib\u00e9 d\u2019huile d\u2019olive.<\/li>\n<li itemprop=\"step\">Versez une louche de p\u00e2te et inclinez la po\u00eale pour bien la r\u00e9partir. Faites cuire environ 2 minutes de chaque c\u00f4t\u00e9 \u00e0 feu moyen. Les cr\u00eapes doivent \u00eatre souples et dor\u00e9es.<\/li>\n<li itemprop=\"step\">Renouvelez l\u2019op\u00e9ration pour chaque cr\u00eape. Servez chaud ou ti\u00e8de avec la garniture de votre choix.<\/li>\n<\/ol>\n<h3 class=\"conseil\">Le conseil de Karen<\/h3>\n<div class=\"conkar\">\n<p>Pour r\u00e9ussir vos cr\u00eapes sans gluten \u00e0 tous les coups, veillez \u00e0 ce que votre pur\u00e9e de carottes soit tr\u00e8s fine (sans morceaux). Si apr\u00e8s le temps de repos la p\u00e2te vous semble trop \u00e9paisse, n\u2019h\u00e9sitez pas \u00e0 ajouter 2 ou 3 cuill\u00e8res \u00e0 soupe de lait v\u00e9g\u00e9tal suppl\u00e9mentaire. Garnissez-les de fromage frais v\u00e9g\u00e9tal, d\u2019avocat ou de l\u00e9gumes croquants pour un repas complet et color\u00e9.<\/p>\n<\/div>\n<div class=\"astuces-cahier\">\n<h3>Astuces et variantes pour la recette de cr\u00eapes \u00e0 la carotte<\/h3>\n<p class=\"surtitre\">Mes id\u00e9es pour sublimer vos <strong>cr\u00eapes sal\u00e9es sans gluten<\/strong><\/p>\n<ul>\n<li><strong>Texture parfaite :<\/strong> si la p\u00e2te vous semble trop \u00e9paisse apr\u00e8s repos, ajoutez un peu de lait v\u00e9g\u00e9tal pour retrouver une texture fluide et facile \u00e0 \u00e9taler.<\/li>\n<li><strong>Version \u00e9pic\u00e9e :<\/strong> ajoutez une pinc\u00e9e de curcuma ou de paprika pour renforcer la couleur et apporter une note parfum\u00e9e.<\/li>\n<li><strong>Variante sans \u0153ufs :<\/strong> remplacez les \u0153ufs par 2 c. \u00e0 s. de graines de chia ou de lin moulues + 6 c. \u00e0 s. d\u2019eau (laisser gonfler 10 minutes).<\/li>\n<li><strong>Id\u00e9e garniture :<\/strong> garnissez avec du houmous, des l\u00e9gumes grill\u00e9s ou une tartinade v\u00e9g\u00e9tale pour un repas complet.<\/li>\n<li><strong>Version sucr\u00e9e :<\/strong> retirez le cumin et ajoutez une pinc\u00e9e de cannelle pour une base l\u00e9g\u00e8rement sucr\u00e9e \u00e0 accompagner de pur\u00e9e d\u2019amande ou de compote.<\/li>\n<li><strong>Cuisson homog\u00e8ne :<\/strong> utilisez une po\u00eale bien chaude et l\u00e9g\u00e8rement huil\u00e9e \u00e0 chaque cr\u00eape pour \u00e9viter qu\u2019elles n\u2019accrochent.<\/li>\n<\/ul>\n<\/div>\n<div class=\"faq\">\n<h2>Questions fr\u00e9quentes \u2013 cr\u00eapes \u00e0 la carotte sans gluten<\/h2>\n<div>\n<h3>Pourquoi laisser reposer la p\u00e2te \u00e0 cr\u00eapes sans gluten ?<\/h3>\n<div>\n<p>Le repos permet aux farines sans gluten de bien s\u2019hydrater. Cela am\u00e9liore la tenue de la p\u00e2te et \u00e9vite que les cr\u00eapes ne se cassent \u00e0 la cuisson.<\/p>\n<\/div>\n<\/div>\n<div>\n<h3>Peut-on pr\u00e9parer la p\u00e2te \u00e0 l\u2019avance ?<\/h3>\n<div>\n<p>Oui, vous pouvez pr\u00e9parer la p\u00e2te quelques heures \u00e0 l\u2019avance et la conserver au r\u00e9frig\u00e9rateur. Pensez \u00e0 bien la m\u00e9langer avant utilisation.<\/p>\n<\/div>\n<\/div>\n<div>\n<h3>Comment \u00e9viter que les cr\u00eapes sans gluten collent \u00e0 la po\u00eale ?<\/h3>\n<div>\n<p>Utilisez une po\u00eale bien chaude et l\u00e9g\u00e8rement huil\u00e9e. Une p\u00e2te bien repos\u00e9e et suffisamment fluide aide aussi \u00e0 une cuisson plus facile.<\/p>\n<\/div>\n<\/div>\n<div>\n<h3>Peut-on remplacer la farine de riz ?<\/h3>\n<div>\n<p>Oui, vous pouvez utiliser de la farine de sarrasin ou un m\u00e9lange de farines sans gluten. Le go\u00fbt et la texture seront l\u00e9g\u00e8rement diff\u00e9rents.<\/p>\n<\/div>\n<\/div>\n<div>\n<h3>Les cr\u00eapes \u00e0 la carotte sont-elles adapt\u00e9es aux enfants ?<\/h3>\n<div>\n<p>Oui, elles sont douces et l\u00e9g\u00e8rement sucr\u00e9es naturellement gr\u00e2ce \u00e0 la carotte. Vous pouvez ajuster les \u00e9pices selon les go\u00fbts.<\/p>\n<\/div>\n<\/div>\n<div>\n<h3>Peut-on congeler les cr\u00eapes ?<\/h3>\n<div>\n<p>Oui, elles se cong\u00e8lent tr\u00e8s bien. Placez-les s\u00e9par\u00e9es par du papier cuisson et r\u00e9chauffez-les doucement \u00e0 la po\u00eale ou au four.<\/p>\n<\/div>\n<\/div>\n<\/div>\n<hr\/>\n<p>\nCes cr\u00eapes \u00e0 la carotte sans gluten sont une excellente alternative pour varier des recettes classiques. J\u2019aime leur texture souple et leur go\u00fbt l\u00e9g\u00e8rement sucr\u00e9 qui se marie aussi bien avec des garnitures sal\u00e9es que sucr\u00e9es. Elles permettent d\u2019int\u00e9grer facilement des l\u00e9gumes dans l\u2019assiette tout en gardant un c\u00f4t\u00e9 gourmand.\n<\/p>\n<p>\nJe vous conseille de bien respecter le temps de repos pour obtenir des cr\u00eapes faciles \u00e0 manipuler et agr\u00e9ables \u00e0 d\u00e9guster. C\u2019est une recette simple, rapide et modulable selon vos envies. Parfaites pour un repas l\u00e9ger, un brunch ou m\u00eame \u00e0 emporter, elles s\u2019adaptent \u00e0 toutes les occasions.<\/p>\n<p><!-- FeedbackWP Plugin -->  <\/p><\/div>\n<p><!-- Fin de entry-content --><\/p>\n<p><!-- D&#4294967295;BUT : Articles Similaires (Related Posts) - D&#4294967295;PLAC&#4294967295; ICI --><\/p>\n<section class=\"cs-related-posts\">\n<h3 class=\"cs-related-title\">Vous aimerez aussi ces recettes gourmandes<\/h3>\n<\/section>\n<p>    <!-- Style CSS int&#4294967295;gr&#4294967295; --><\/p>\n<p>    <!-- FIN : Articles Similaires --><\/p>\n<div class=\"et_post_meta_wrapper\">\n<div id=\"instagram\" style=\"background:#ffe699; border:3px double #d32d97; margin-top:25px; padding:20px; overflow:hidden;\">\n<h3 style=\"color:#505050;\">Vous avez test\u00e9 et appr\u00e9ci\u00e9 la recette\u00a0? Partagez votre photo sur Instagram\u00a0!<\/h3>\n<p style=\"float:left;margin-right:5px\"><img loading=\"lazy\" decoding=\"async\" alt=\"logo instagram\" width=\"25\" height=\"25\" style=\"display:inline-block;\" src=\"https:\/\/cuisine-saine.fr\/wp-content\/uploads\/2018\/10\/if_25_social_2609558.png\"\/><noscript><img loading=\"lazy\" decoding=\"async\" src=\"https:\/\/cuisine-saine.fr\/wp-content\/uploads\/2018\/10\/if_25_social_2609558.png\" alt=\"logo instagram\" width=\"25\" height=\"25\" style=\"display:inline-block;\"\/><\/noscript><\/p>\n<p style=\"color:#505050;\">Identifiez-moi avec <strong style=\"color:#d32d97\"><a href=\"https:\/\/www.instagram.com\/karenchevallier\/\" target=\"_blank\" style=\"color:#d32d97\" rel=\"noopener\">@karenchevallier<\/a><\/strong> et ajoutez <strong style=\"color:#d32d97\"><a href=\"https:\/\/www.instagram.com\/explore\/tags\/cuisinesaine\/\" target=\"_blank\" style=\"color:#d32d97\" rel=\"noopener\">#cuisinesaine<\/a><\/strong> \u2014 j\u2019adore d\u00e9couvrir vos jolies cr\u00e9ations healthy.<\/p>\n<\/div><\/div>\n<p>                    <!-- NAVIGATION SUPPRIM&#4294967295;E COMME DISCUT&#4294967295; --><\/p><\/div>\n<p><script async defer src=\"https:\/\/platform.instagram.com\/en_US\/embeds.js\"><\/script><br \/>\n<br \/>[ad_2]<br \/>\n<br \/><a href=\"https:\/\/cuisine-saine.fr\/recette-sans-gluten-ni-lait\/crepes-a-la-carotte\/\">Source link <\/a><\/p>\n","protected":false},"excerpt":{"rendered":"<p>[ad_1] Apportez de la couleur et de la vitalit\u00e9 \u00e0 votre table avec ces cr\u00eapes sal\u00e9es \u00e0 la carotte ! &hellip; <a href=\"https:\/\/www.affinite.fr\/index.php\/2026\/03\/23\/crepes-a-la-carotte-sans-gluten-sans-lactose\/\" class=\"more-link\">Plus <span class=\"screen-reader-text\">Cr\u00eapes \u00e0 la carotte sans gluten &#038; sans lactose<\/span> <span class=\"meta-nav\">&rarr;<\/span><\/a><\/p>\n","protected":false},"author":1,"featured_media":12878,"comment_status":"","ping_status":"open","sticky":false,"template":"","format":"standard","meta":{"_sitemap_exclude":false,"_sitemap_priority":"","_sitemap_frequency":"","footnotes":""},"categories":[1],"tags":[],"class_list":["post-12877","post","type-post","status-publish","format-standard","has-post-thumbnail","hentry","category-tous"],"_links":{"self":[{"href":"https:\/\/www.affinite.fr\/index.php\/wp-json\/wp\/v2\/posts\/12877"}],"collection":[{"href":"https:\/\/www.affinite.fr\/index.php\/wp-json\/wp\/v2\/posts"}],"about":[{"href":"https:\/\/www.affinite.fr\/index.php\/wp-json\/wp\/v2\/types\/post"}],"author":[{"embeddable":true,"href":"https:\/\/www.affinite.fr\/index.php\/wp-json\/wp\/v2\/users\/1"}],"replies":[{"embeddable":true,"href":"https:\/\/www.affinite.fr\/index.php\/wp-json\/wp\/v2\/comments?post=12877"}],"version-history":[{"count":0,"href":"https:\/\/www.affinite.fr\/index.php\/wp-json\/wp\/v2\/posts\/12877\/revisions"}],"wp:featuredmedia":[{"embeddable":true,"href":"https:\/\/www.affinite.fr\/index.php\/wp-json\/wp\/v2\/media\/12878"}],"wp:attachment":[{"href":"https:\/\/www.affinite.fr\/index.php\/wp-json\/wp\/v2\/media?parent=12877"}],"wp:term":[{"taxonomy":"category","embeddable":true,"href":"https:\/\/www.affinite.fr\/index.php\/wp-json\/wp\/v2\/categories?post=12877"},{"taxonomy":"post_tag","embeddable":true,"href":"https:\/\/www.affinite.fr\/index.php\/wp-json\/wp\/v2\/tags?post=12877"}],"curies":[{"name":"wp","href":"https:\/\/api.w.org\/{rel}","templated":true}]}}