{"id":12449,"date":"2025-11-14T03:03:10","date_gmt":"2025-11-14T03:03:10","guid":{"rendered":"https:\/\/www.affinite.fr\/index.php\/2025\/11\/14\/marche-fermier-et-marquage-de-pommes-a-montreuil-sous-bois\/"},"modified":"2025-11-14T03:03:10","modified_gmt":"2025-11-14T03:03:10","slug":"marche-fermier-et-marquage-de-pommes-a-montreuil-sous-bois","status":"publish","type":"post","link":"https:\/\/www.affinite.fr\/index.php\/2025\/11\/14\/marche-fermier-et-marquage-de-pommes-a-montreuil-sous-bois\/","title":{"rendered":"March\u00e9 fermier et marquage de pommes \u00e0 Montreuil sous bois"},"content":{"rendered":"<p> [ad_1]<br \/>\n<br \/><img decoding=\"async\" src=\"https:\/\/maison.com\/images\/medias\/000\/011\/000011994\/200.jpg\" \/><\/p>\n<div itemprop=\"articleBody\">\n<p>\n  Le jardin \u00e9cole de la <strong>Soci\u00e9t\u00e9 Horticole R\u00e9gionale de Montreuil-sous-bois<\/strong> ouvre ses portes r\u00e9guli\u00e8rement pour des festivit\u00e9s, visite du mus\u00e9e et du jardin, animation de pressage de fruits, taille des arbres et divers f\u00eates autour du fruit et de l&rsquo;arbre fruitier.<\/p>\n<p>Un march\u00e9 fermier francilien dit <strong>\u00ab\u00a0March\u00e9 des Murs \u00e0 p\u00eaches\u00a0\u00bb<\/strong> est pr\u00e9vu Dimanche 21 novembre autour des fruits d&rsquo;automne et la plantation d&rsquo;arbres fruitiers.<\/p>\n<p>F\u00eate ouverte \u00e0 tous pour d\u00e9guster et d\u00e9couvrir les fruits et l\u00e9gumes d&rsquo;automne cultiv\u00e9s en Ile de France. Divers producteurs viendront pr\u00e9senter leurs produits et vous pourrez questionner, d\u00e9guster et acheter les produits directement aupr\u00e8s des des producteurs.<\/p>\n<p>Bernard Guicheteau du domaine de Pomamour et ses vari\u00e9t\u00e9s de pommes rares : Suntan, Freyberg, Bertanne et les pommes marqu\u00e9es \u00ab\u00a0\u00e0 la montreuil\u00a0\u00bb.<\/p>\n<p>Michel Biberon pr\u00e9sentera ses jus de pommes et de poire, son cidre briard fermier et ses gel\u00e9es de cidres et autres sp\u00e9cialit\u00e9s de la Brie, sabl\u00e9s et bi\u00e8re de Brie.<\/p>\n<p>Sirops et liqueurs de menthe poivr\u00e9e, de coquelicot, violette et de rose produits par Catherine Bosc Bierne de l&rsquo;Herbier de Milly, avec comme nouveaut\u00e9 la liqueur de p\u00eaches de Montreuil.<\/p>\n<p>Et le p\u00e9pini\u00e9riste Bruno Vivien apportera ses arbres fruitiers en scion et en palmette, p\u00eachers, pommiers, poiriers et cerisiers pr\u00eat \u00e0 \u00eatre plant\u00e9s dans vos jardins.<\/p>\n<p>La suite du programme est convivial et all\u00e9chant :<br \/>Un repas du midi avec au menu une soupe de potimarron ( vari\u00e9t\u00e9 de courge proche du potiron) accompagn\u00e9 d&rsquo;une terrine de foie de canard \u00ab\u00a0<strong>de la ferme du loup ravissant\u00a0\u00bb<\/strong> et un plateau de fromage de brie de chez <strong>Ganot<\/strong> la plus ancienne fromagerie\u00a0\u00bb d&rsquo;Ile de France et pour finir un dessert aux p\u00eaches du jardin <strong>\u00ab\u00a0des p\u00e2tisseries plumes<\/strong>\u00a0\u00bb de Montreuil.<\/p>\n<p>Toute la journ\u00e9e, une animation de pressage de pommes se tiendra pour les enfants avec d\u00e9gustation du jus fra\u00eechement press\u00e9, et les surprises m\u00e9di\u00e9vales de <strong>l&rsquo;association du jardin de la lune<\/strong> compos\u00e9s de Montreuillois passionn\u00e9s par le site des <strong>murs \u00e0 p\u00eaches.<\/strong><\/p>\n<p>mail: <a href=\"mailto:contact@jardin-ecole.com\">contact@jardin-ecole.com<\/a><\/p>\n<p>4 rue du jardin \u00e9cole 93100 Montreuil<\/p>\n<p>Le site www.srhm.fr a \u00e9t\u00e9 revu et est devenu www.jardin-ecole.com<br \/><a href=\"https:\/\/www.jardin-ecole.com\/\">www.jardin-ecole.com<\/a><br \/>www.echoppe-locale.fr<br \/><a href=\"https:\/\/jardindelalune.jimdo.com\/\">jardindelalune.jimdo.com\/<\/a>\n<\/p>\n<p>\n  <br \/>Article publi\u00e9 le 19\/10\/2010 et remis \u00e0 jour par maison.com le 20\/10\/2025\n<\/p>\n<\/p><\/div>\n<p><script async defer crossorigin=\"anonymous\" src=\"https:\/\/connect.facebook.net\/fr_FR\/sdk.js#xfbml=1&#038;version=v6.0&#038;appId=252025098257546&#038;autoLogAppEvents=1\"><\/script><br \/>\n<br \/>[ad_2]<br \/>\n<br \/><a href=\"https:\/\/maison.com\/jardin\/jardins-visiter\/jardin-horticole-montreuil-2500\/\">Source link <\/a><\/p>\n","protected":false},"excerpt":{"rendered":"<p>[ad_1] Le jardin \u00e9cole de la Soci\u00e9t\u00e9 Horticole R\u00e9gionale de Montreuil-sous-bois ouvre ses portes r\u00e9guli\u00e8rement pour des festivit\u00e9s, visite du &hellip; <a href=\"https:\/\/www.affinite.fr\/index.php\/2025\/11\/14\/marche-fermier-et-marquage-de-pommes-a-montreuil-sous-bois\/\" class=\"more-link\">Plus <span class=\"screen-reader-text\">March\u00e9 fermier et marquage de pommes \u00e0 Montreuil sous bois<\/span> <span class=\"meta-nav\">&rarr;<\/span><\/a><\/p>\n","protected":false},"author":1,"featured_media":12450,"comment_status":"","ping_status":"open","sticky":false,"template":"","format":"standard","meta":{"_sitemap_exclude":false,"_sitemap_priority":"","_sitemap_frequency":"","footnotes":""},"categories":[1],"tags":[],"class_list":["post-12449","post","type-post","status-publish","format-standard","has-post-thumbnail","hentry","category-tous"],"_links":{"self":[{"href":"https:\/\/www.affinite.fr\/index.php\/wp-json\/wp\/v2\/posts\/12449"}],"collection":[{"href":"https:\/\/www.affinite.fr\/index.php\/wp-json\/wp\/v2\/posts"}],"about":[{"href":"https:\/\/www.affinite.fr\/index.php\/wp-json\/wp\/v2\/types\/post"}],"author":[{"embeddable":true,"href":"https:\/\/www.affinite.fr\/index.php\/wp-json\/wp\/v2\/users\/1"}],"replies":[{"embeddable":true,"href":"https:\/\/www.affinite.fr\/index.php\/wp-json\/wp\/v2\/comments?post=12449"}],"version-history":[{"count":0,"href":"https:\/\/www.affinite.fr\/index.php\/wp-json\/wp\/v2\/posts\/12449\/revisions"}],"wp:featuredmedia":[{"embeddable":true,"href":"https:\/\/www.affinite.fr\/index.php\/wp-json\/wp\/v2\/media\/12450"}],"wp:attachment":[{"href":"https:\/\/www.affinite.fr\/index.php\/wp-json\/wp\/v2\/media?parent=12449"}],"wp:term":[{"taxonomy":"category","embeddable":true,"href":"https:\/\/www.affinite.fr\/index.php\/wp-json\/wp\/v2\/categories?post=12449"},{"taxonomy":"post_tag","embeddable":true,"href":"https:\/\/www.affinite.fr\/index.php\/wp-json\/wp\/v2\/tags?post=12449"}],"curies":[{"name":"wp","href":"https:\/\/api.w.org\/{rel}","templated":true}]}}