{"id":12401,"date":"2025-11-06T14:56:47","date_gmt":"2025-11-06T14:56:47","guid":{"rendered":"http:\/\/www.affinite.fr\/index.php\/2025\/11\/06\/les-coups-de-coeur-du-salon-revelation-2017\/"},"modified":"2025-11-06T14:56:47","modified_gmt":"2025-11-06T14:56:47","slug":"les-coups-de-coeur-du-salon-revelation-2017","status":"publish","type":"post","link":"https:\/\/www.affinite.fr\/index.php\/2025\/11\/06\/les-coups-de-coeur-du-salon-revelation-2017\/","title":{"rendered":"Les coups de c\u0153ur du salon R\u00e9v\u00e9lation 2017"},"content":{"rendered":"<p> [ad_1]<br \/>\n<br \/><img decoding=\"async\" src=\"https:\/\/maison.com\/images\/medias\/000\/048\/000048017\/200.jpg\" \/><\/p>\n<div itemprop=\"articleBody\">\n<p>\n  Cr\u00e9\u00e9 en 2013 par des\u00a0Ateliers d\u2019art de France le syndicat professionnel des m\u00e9tiers d\u2019art, le salon R\u00e9v\u00e9lation a pour vocation tous les deux ans <strong>d\u2019explorer toutes les facettes des m\u00e9tiers d\u2019art et de mettre en lumi\u00e8re pour le grand public et les professionnels des \u0153uvres exceptionnelles.<\/strong> De plus en plus audacieuses et sophistiqu\u00e9es, certaines de ces <strong>pi\u00e8ces uniques<\/strong> sont rel\u00e9gu\u00e9es au rang de l\u2019artisanat d\u2019art et du savoir faire; d\u2019autres fr\u00f4lent l\u2019\u0153uvre art, sans toutefois franchir le cap de l\u2019art contemporain.\u00a0\n<\/p>\n<p>\n  L\u2019autre tendance du salon, c\u2019est <strong>l\u2019ouverture \u00e0 l\u2019international.<\/strong> Pari gagn\u00e9 aussi de ce point de vue, <strong>avec le Chili comme invit\u00e9 d\u2019honneur<\/strong>. Sur le stand sc\u00e9nographi\u00e9 par Nury Gonzales, directrice du Mus\u00e9e des Arts Populaires Tom\u00e1s Lago (MAPA), on a pu admirer <strong>l\u2019hybridation des mati\u00e8res, crin de cheval, algues ou bois,<\/strong> savamment mis en sc\u00e8ne par le prisme des techniques artisanales. Les 27 cr\u00e9ateurs s\u00e9lectionn\u00e9s ont r\u00e9alis\u00e9 des pi\u00e8ces autour du projet en m\u00e9moire de l&rsquo;artiste internationale Violeta Parra, dans le cadre de la c\u00e9l\u00e9bration du centenaire de la naissance de la R\u00e9publique du Chili.\n<\/p>\n<p>\n  Au milieu de la nef du Grand Palais, <strong>l\u2019exposition internationale Le Banquet<\/strong> a \u00e9t\u00e9 la belle surprise du salon. Sur 150 m\u00e8tres de longueur, elle a d\u00e9ploy\u00e9 <strong>des pi\u00e8ces spectaculaires t\u00e9moignant de l\u2019audace et de la diversit\u00e9 des pays participants:<\/strong> Allemagne, Belgique, Chine, Cor\u00e9e du Sud, France, Luxembourg, Russie, S\u00e9n\u00e9gal, Suisse et Togo.\n<\/p>\n<p>\n  Le succ\u00e8s du salon R\u00e9v\u00e9lation a donc \u00e9t\u00e9 au rendez-vous. Les visiteurs amateurs et collectionneurs ont montr\u00e9 leur enthousiasme face <strong>au foisonnement des \u0153uvres et \u00e0 la complexit\u00e9 des techniques.<\/strong> Les professionnels furent nombreux \u00e0 se distinguer: les designers, India Madhavi, Noe\u0301 Duchaufour-Lawrence, Vincent Dare\u0301, Ross Lovegrove, les d\u00e9corateurs Rodolphe Parente, Fabrizio Casiraghi, Studio Pinto ou les\u00a0 bureaux d\u2019achats fran\u00e7ais et internationaux, les directeurs artistiques de maisons de luxe\u2026\n<\/p>\n<p>\n  <strong>Le partenariat engag\u00e9 avec les D\u2019Days,<\/strong> autre \u00e9v\u00e9nement en parall\u00e8le, a permis de renforcer la venue d\u2019un plus large public, ainsi que les <strong>grandes institutions fran\u00e7aises et internationales repr\u00e9sent\u00e9es<\/strong>\u00a0: S\u00e8vres, Le Mobilier National, Les Gobelins, l\u2019Institut Franc\u0327ais, l\u2019INMA, les Ateliers de Paris, la KCDF, le Direktorenhaus, Urban Art Nations&#8230;\n<\/p>\n<p>\n  Sous l\u2019\u00e9gide du Comit\u00e9 d\u2019Orientation Artistique, <strong>400 cr\u00e9ateurs de haut niveau ont investi ce<\/strong> <strong>lieu embl\u00e9matique du Grand palais,<\/strong> au c\u0153ur de la capitale, avec 300 m\u00b2 d\u2019espace d\u2019exposition suppl\u00e9mentaire. Et si la qualit\u00e9\u0301 des stands a r\u00e9v\u00e9l\u00e9 une mont\u00e9e en gamme, on peut regretter aussi\u00a0 la mise en sc\u00e8ne de pi\u00e8ces uniquement vou\u00e9es \u00e0 un savoir faire sans vraie r\u00e9flexion sur l\u2019intention et la mati\u00e8re, et c\u2019est parfois rat\u00e9\u2026\n<\/p>\n<p>\n  <strong>Revoir ces objets\u00a0:<\/strong><br \/>Atelier d\u2019art de France, <a href=\"https:\/\/www.ateliersdart.com\">www.ateliersdart.com<\/a><br \/>Galerie Armel Soyer, <a href=\"https:\/\/www.armelsoyer.com\">www.armelsoyer.com<\/a><br \/>Galerie Bensimon, <a href=\"https:\/\/www.gallerybensimon.com\">www.gallerybensimon.com<\/a><br \/>Guillaume Delvigne, <a href=\"https:\/\/www.guillaumedelvigne.com\">www.guillaumedelvigne.com<\/a><br \/>Isabelle Aza\u00efs, <a href=\"https:\/\/wcc-bf.org\">www.wcc-bf.org<\/a><br \/>Jean Nouvel Design, <a href=\"https:\/\/www.jeannouveldesign.fr\">www.jeannouveldesign.fr<\/a><br \/>Myriam Olmi, <a href=\"https:\/\/www.myriamolmi.com\">www.myriamolmi.com<\/a><br \/>Poo, <a href=\"https:\/\/www.pooldesign.fr\">www.pooldesign.fr<\/a><br \/>R\u00e9v\u00e9lations, <a href=\"https:\/\/www.revelations-grandpalais.com\">www.revelations-grandpalais.com<\/a><br \/>Samuel Accoceberry, <a href=\"https:\/\/www.samuelaccoceberry.com\">www.samuelaccoceberry.com<\/a><br \/>Studio Harow, <a href=\"https:\/\/www.harow.fr\">www.harow.fr<\/a><br \/>V\u00e9ronique de Soultrait, <a href=\"https:\/\/www.veronique-de-soultrait.com\">www.veronique-de-soultrait.com<\/a>\n<\/p>\n<p>\nArticle publi\u00e9 le 31\/05\/2017 et mis \u00e0 jour par maison.com le 21\/10\/2025\t\t\t\t\t<\/div>\n<p><script async defer crossorigin=\"anonymous\" src=\"https:\/\/connect.facebook.net\/fr_FR\/sdk.js#xfbml=1&#038;version=v6.0&#038;appId=252025098257546&#038;autoLogAppEvents=1\"><\/script><br \/>\n<br \/>[ad_2]<br \/>\n<br \/><a href=\"https:\/\/maison.com\/decoration\/inspiration\/coups-coeur-salon-revelation-2017-9072\/\">Source link <\/a><\/p>\n","protected":false},"excerpt":{"rendered":"<p>[ad_1] Cr\u00e9\u00e9 en 2013 par des\u00a0Ateliers d\u2019art de France le syndicat professionnel des m\u00e9tiers d\u2019art, le salon R\u00e9v\u00e9lation a pour &hellip; <a href=\"https:\/\/www.affinite.fr\/index.php\/2025\/11\/06\/les-coups-de-coeur-du-salon-revelation-2017\/\" class=\"more-link\">Plus <span class=\"screen-reader-text\">Les coups de c\u0153ur du salon R\u00e9v\u00e9lation 2017<\/span> <span class=\"meta-nav\">&rarr;<\/span><\/a><\/p>\n","protected":false},"author":1,"featured_media":12402,"comment_status":"","ping_status":"open","sticky":false,"template":"","format":"standard","meta":{"_sitemap_exclude":false,"_sitemap_priority":"","_sitemap_frequency":"","footnotes":""},"categories":[1],"tags":[],"class_list":["post-12401","post","type-post","status-publish","format-standard","has-post-thumbnail","hentry","category-tous"],"_links":{"self":[{"href":"https:\/\/www.affinite.fr\/index.php\/wp-json\/wp\/v2\/posts\/12401"}],"collection":[{"href":"https:\/\/www.affinite.fr\/index.php\/wp-json\/wp\/v2\/posts"}],"about":[{"href":"https:\/\/www.affinite.fr\/index.php\/wp-json\/wp\/v2\/types\/post"}],"author":[{"embeddable":true,"href":"https:\/\/www.affinite.fr\/index.php\/wp-json\/wp\/v2\/users\/1"}],"replies":[{"embeddable":true,"href":"https:\/\/www.affinite.fr\/index.php\/wp-json\/wp\/v2\/comments?post=12401"}],"version-history":[{"count":0,"href":"https:\/\/www.affinite.fr\/index.php\/wp-json\/wp\/v2\/posts\/12401\/revisions"}],"wp:featuredmedia":[{"embeddable":true,"href":"https:\/\/www.affinite.fr\/index.php\/wp-json\/wp\/v2\/media\/12402"}],"wp:attachment":[{"href":"https:\/\/www.affinite.fr\/index.php\/wp-json\/wp\/v2\/media?parent=12401"}],"wp:term":[{"taxonomy":"category","embeddable":true,"href":"https:\/\/www.affinite.fr\/index.php\/wp-json\/wp\/v2\/categories?post=12401"},{"taxonomy":"post_tag","embeddable":true,"href":"https:\/\/www.affinite.fr\/index.php\/wp-json\/wp\/v2\/tags?post=12401"}],"curies":[{"name":"wp","href":"https:\/\/api.w.org\/{rel}","templated":true}]}}