{"id":12391,"date":"2025-11-04T02:55:26","date_gmt":"2025-11-04T02:55:26","guid":{"rendered":"http:\/\/www.affinite.fr\/index.php\/2025\/11\/04\/un-hotel-haut-de-gamme-en-altitude\/"},"modified":"2025-11-04T02:55:26","modified_gmt":"2025-11-04T02:55:26","slug":"un-hotel-haut-de-gamme-en-altitude","status":"publish","type":"post","link":"https:\/\/www.affinite.fr\/index.php\/2025\/11\/04\/un-hotel-haut-de-gamme-en-altitude\/","title":{"rendered":"Un h\u00f4tel haut de gamme en altitude"},"content":{"rendered":"<p> [ad_1]<br \/>\n<br \/><img decoding=\"async\" src=\"https:\/\/maison.com\/images\/medias\/000\/035\/000035004\/200.jpg\" \/><\/p>\n<div itemprop=\"articleBody\">\n<p>\n  D\u00e8s les premi\u00e8res neiges, le temps est venu de s\u00e9journer au c\u0153ur de la plus haute station d\u2019Europe. Ouvert depuis un an, <strong>l\u2019H\u00f4tel Le Val Thorens est situ\u00e9 \u00e0 2300 m\u00e8tres d\u2019altitude\u00a0!<\/strong> C\u2019est \u00e0 l\u2019agence ID Associ\u00e9 que l\u2019on doit cette <strong>r\u00e9novation de luxe,<\/strong> avec en prime une piscine somptueuse et un spa. L\u2019intervention de l\u2019agence ID s\u2019est inscrite dans une relation \u00e9troite avec le client, passionn\u00e9 d\u2019art contemporain et de montagne. Le challenge? <strong>Redonner une seconde vie \u00e0 cet h\u00f4tel de luxe, proposer une vision contemporaine,\u00a0sans d\u00e9naturer le chalet traditionne<\/strong>l o\u00f9 l\u2019on aime se retrouver en famille ou entre amis dans un refuge douillet.\n<\/p>\n<p>\n  <strong>Les espaces sont\u00a0 repens\u00e9s<\/strong>\n<\/p>\n<p>\n  Afin de cr\u00e9er un lieu de rencontre, l\u2019agence d\u2019architecture a imagin\u00e9 <strong>un atrium ouvert, point de rencontre et de d\u00e9tente apr\u00e8s une longue journ\u00e9e de ski<\/strong>. Intemporelles, confortables, lumineuses, <strong>les 83 chambres de l\u2019<\/strong><strong>H\u00f4tel Le Val Thorens,<\/strong> toutes dot\u00e9es d\u2019un balcon, sont des bulles de s\u00e9r\u00e9nit\u00e9. Les diff\u00e9rents univers, o\u00f9 s\u2019exprime l\u2019\u00e9l\u00e9gance, sont cr\u00e9\u00e9s pour insuffler <strong>une nouvelle identit\u00e9 confortable et haut de gamme \u00e0 l\u2019H\u00f4tel Le Val Thorens<\/strong>. L\u2019espace de bien-\u00eatre propose une exp\u00e9rience multi-sensorielle aux skieurs. On peut nager dans la <strong>piscine exceptionnelle, v\u00e9ritable couloir d\u2019eau, offrant une vue panoramique sur les montagnes\u00a0<\/strong>! On peut se relaxer dans les salles propices \u00e0 la d\u00e9tente et choisir parmi un panel propos\u00e9 des soins (massages, bains, sauna, hammam\u2026). Les tonalit\u00e9s chaudes et cuivr\u00e9es contribuent \u00e0 cr\u00e9er une ambiance reposante, indispensable, apr\u00e8s l\u2019effort.\n<\/p>\n<p>\n  <strong>Les mati\u00e8res de qualit\u00e9 sont associ\u00e9es \u00e0 la lumi\u00e8re<\/strong>\n<\/p>\n<p>\n  Pour les chambres et les suites de l\u2019H\u00f4tel Le Val Thorens, les d\u00e9tails sont \u00e9tudi\u00e9s et pens\u00e9s dans leur contexte. Les mat\u00e9riaux nobles, (bois sabl\u00e9, fourrure, laine\u2026), le m\u00e9lange de mobilier contemporain et vintage, l\u2019harmonie de tonalit\u00e9s sourdes sont le parti prix de la modernit\u00e9. <strong>Le style vintage, les oeuvres d\u2019art contemporain renouvellent l\u2019esprit montagne,<\/strong> o\u00f9 chaque \u00e9l\u00e9ment \u00e9voque cet univers rustique et traditionnel avec un regard d\u00e9cal\u00e9.\n<\/p>\n<p>\n  <strong>L\u2019agence ID Associ\u00e9s\u00a0<\/strong> (Soci\u00e9t\u00e9 d\u00e9finitivement ferm\u00e9e !)\n<\/p>\n<p>\n  Cr\u00e9\u00e9e en 2010, <strong>ID.associ\u00e9s, est une entit\u00e9 form\u00e9e par les architectes Gilles Leborgne, Caroline B\u00e9n\u00e9-Combes et Sandra Demuth.<\/strong> Elle d\u00e9veloppe des projets d\u2019architecture d\u2019int\u00e9rieur. Son approche est volontairement contemporaine, hors des effets de modes, et toujours en lien avec le respect de la culture, de l\u2019identit\u00e9 et de l\u2019histoire des lieux.\n<\/p>\n<p>\n  <strong>Adresses\u00a0:<\/strong><br \/><strong>H\u00f4tel Le Val Thorens<\/strong><br \/>Place de l\u2019Eglise<br \/>73440 Val Thorens<br \/>T\u00e9l. +33 (0)4 79 00 04 33<br \/><a href=\"https:\/\/www.levalthorens.com\/\">www.levalthorens.com<\/a>\n<\/p>\n<p>\n  AA\u00a0: <a href=\"https:\/\/www.aa-newdesign.com\/\">www.aa-newdesign.com<\/a><br \/>Cassina\u00a0: <a href=\"https:\/\/www.cassina.com\/fr\/fr.html\">www.cassina.com<\/a><br \/>Vitra\u00a0: <a href=\"https:\/\/www.vitra.com\/fr-fr\/home\">www.vitra.com<\/a>\n<\/p>\n<p>Article publi\u00e9 le 04\/12\/2013 et mis \u00e0 jour par maison.com le 21\/10\/2025\t\t\t\t\t<\/p><\/div>\n<p><script async defer crossorigin=\"anonymous\" src=\"https:\/\/connect.facebook.net\/fr_FR\/sdk.js#xfbml=1&#038;version=v6.0&#038;appId=252025098257546&#038;autoLogAppEvents=1\"><\/script><br \/>\n<br \/>[ad_2]<br \/>\n<br \/><a href=\"https:\/\/maison.com\/architecture\/interieur\/hotel-haut-gamme-altitude-7633\/\">Source link <\/a><\/p>\n","protected":false},"excerpt":{"rendered":"<p>[ad_1] D\u00e8s les premi\u00e8res neiges, le temps est venu de s\u00e9journer au c\u0153ur de la plus haute station d\u2019Europe. Ouvert &hellip; <a href=\"https:\/\/www.affinite.fr\/index.php\/2025\/11\/04\/un-hotel-haut-de-gamme-en-altitude\/\" class=\"more-link\">Plus <span class=\"screen-reader-text\">Un h\u00f4tel haut de gamme en altitude<\/span> <span class=\"meta-nav\">&rarr;<\/span><\/a><\/p>\n","protected":false},"author":1,"featured_media":12392,"comment_status":"","ping_status":"open","sticky":false,"template":"","format":"standard","meta":{"_sitemap_exclude":false,"_sitemap_priority":"","_sitemap_frequency":"","footnotes":""},"categories":[1],"tags":[],"class_list":["post-12391","post","type-post","status-publish","format-standard","has-post-thumbnail","hentry","category-tous"],"_links":{"self":[{"href":"https:\/\/www.affinite.fr\/index.php\/wp-json\/wp\/v2\/posts\/12391"}],"collection":[{"href":"https:\/\/www.affinite.fr\/index.php\/wp-json\/wp\/v2\/posts"}],"about":[{"href":"https:\/\/www.affinite.fr\/index.php\/wp-json\/wp\/v2\/types\/post"}],"author":[{"embeddable":true,"href":"https:\/\/www.affinite.fr\/index.php\/wp-json\/wp\/v2\/users\/1"}],"replies":[{"embeddable":true,"href":"https:\/\/www.affinite.fr\/index.php\/wp-json\/wp\/v2\/comments?post=12391"}],"version-history":[{"count":0,"href":"https:\/\/www.affinite.fr\/index.php\/wp-json\/wp\/v2\/posts\/12391\/revisions"}],"wp:featuredmedia":[{"embeddable":true,"href":"https:\/\/www.affinite.fr\/index.php\/wp-json\/wp\/v2\/media\/12392"}],"wp:attachment":[{"href":"https:\/\/www.affinite.fr\/index.php\/wp-json\/wp\/v2\/media?parent=12391"}],"wp:term":[{"taxonomy":"category","embeddable":true,"href":"https:\/\/www.affinite.fr\/index.php\/wp-json\/wp\/v2\/categories?post=12391"},{"taxonomy":"post_tag","embeddable":true,"href":"https:\/\/www.affinite.fr\/index.php\/wp-json\/wp\/v2\/tags?post=12391"}],"curies":[{"name":"wp","href":"https:\/\/api.w.org\/{rel}","templated":true}]}}