{"id":12381,"date":"2025-11-02T13:37:05","date_gmt":"2025-11-02T13:37:05","guid":{"rendered":"http:\/\/www.affinite.fr\/index.php\/2025\/11\/02\/recette-dendives-en-salade-sans-gluten-ni-lactose\/"},"modified":"2025-11-02T13:37:05","modified_gmt":"2025-11-02T13:37:05","slug":"recette-dendives-en-salade-sans-gluten-ni-lactose","status":"publish","type":"post","link":"https:\/\/www.affinite.fr\/index.php\/2025\/11\/02\/recette-dendives-en-salade-sans-gluten-ni-lactose\/","title":{"rendered":"Recette d\u2019endives en salade sans gluten ni lactose"},"content":{"rendered":"<p> [ad_1]<br \/>\n<\/p>\n<div>\n    <!-- FeedbackWP Plugin - Results Widget --><\/p>\n<p>Je vous propose aujourd\u2019hui une <strong>recette d\u2019<em>endives en salade<\/em> sans gluten ni lactose<\/strong> qui change de la version trop am\u00e8re et noy\u00e9e de sauce. J\u2019aime travailler les endives crues pour leur croquant et leur fra\u00eecheur. Je choisis des petites pommes serr\u00e9es, bien blanches, que je d\u00e9coupe finement pour r\u00e9v\u00e9ler leur douceur.<\/p>\n<p>J\u2019enl\u00e8ve le c\u00f4ne central qui concentre l\u2019amertume, je rince rapidement, puis je s\u00e8che avec soin. Ensuite, je compose : un agrume pour l\u2019\u00e9clat, une huile douce pour l\u2019onctuosit\u00e9, une pointe de moutarde \u00e0 l\u2019ancienne, et des graines pour le jeu de textures. Vous pouvez personnaliser selon la saison : poire croquante, pomme acidul\u00e9e, noisettes torr\u00e9fi\u00e9es, ou noix. J\u2019\u00e9vite les produits laitiers et le gluten pour rester l\u00e9ger et digeste. R\u00e9sultat : des <strong>endives en salade<\/strong> pr\u00eates en quelques minutes.<\/p>\n<p>Je vous invite aussi \u00e0 explorer d\u2019autres id\u00e9es autour des endives sur le blog : mes <a href=\"https:\/\/cuisine-saine.fr\/tag\/endive\/\" target=\"_blank\" rel=\"noopener\">recettes avec des endives<\/a> vous donneront de l\u2019inspiration pour varier les assiettes et la mise en sc\u00e8ne \u00e0 table. Vous y trouverez des accords simples et efficaces. Cette base vous permettra d\u2019improviser, que vous cuisiniez pour un d\u00e9jeuner rapide ou un d\u00eener l\u00e9ger.<\/p>\n<p>Vous verrez qu\u2019avec une pr\u00e9paration rapide et une bonne sauce, les <strong>endives en salade<\/strong> deviennent un plaisir. Et si vous pr\u00e9parez des <strong>salades d\u2019endives<\/strong> pour plusieurs personnes, anticipez la d\u00e9coupe et assemblez au dernier moment pour conserver le croquant. Pr\u00eats \u00e0 sublimer vos endives en toute simplicit\u00e9 ? Je vous montre ma m\u00e9thode.<\/p>\n<h2>Recette d\u2019endives en salade<\/h2>\n<ul class=\"typerect\" itemprop=\"recipeCuisine\">\n<li class=\"ssgluten\">\n    <link itemprop=\"suitableForDiet\" href=\"https:\/\/schema.org\/GlutenFreeDiet\"\/>\n    <span>Recette sans gluten<\/span>\n  <\/li>\n<li class=\"sslait\">\n    <link itemprop=\"suitableForDiet\" href=\"https:\/\/schema.org\/LowLactoseDiet\"\/>\n    <span>Recette sans lactose<\/span>\n  <\/li>\n<\/ul>\n<div id=\"attachment_121469\" style=\"width: 1034px\" class=\"wp-caption alignnone\"><img loading=\"lazy\" decoding=\"async\" aria-describedby=\"caption-attachment-121469\" alt=\"Recette d\u2019endives en salade\" width=\"1024\" height=\"1536\" itemprop=\"image\" src=\"https:\/\/cuisine-saine.fr\/wp-content\/uploads\/2025\/11\/endives-en-salade.jpg\"\/><noscript><img loading=\"lazy\" decoding=\"async\" aria-describedby=\"caption-attachment-121469\" src=\"https:\/\/cuisine-saine.fr\/wp-content\/uploads\/2025\/11\/endives-en-salade.jpg\" alt=\"Recette d\u2019endives en salade\" width=\"1024\" height=\"1536\" itemprop=\"image\"\/><\/noscript><\/p>\n<p id=\"caption-attachment-121469\" class=\"wp-caption-text\">Recette d\u2019endives en salade<\/p>\n<\/div>\n<div class=\"intro\">\n<p itemprop=\"recipeCategory\">Entr\u00e9e<\/p>\n<p class=\"temps\">\n    <strong class=\"yield\" itemprop=\"recipeYield\">Pour 4 personnes<\/strong><br \/><strong>Temps de pr\u00e9paration<\/strong> : <time datetime=\"PT12M\" itemprop=\"prepTime\">12 min<\/time><br \/><strong>Temps de cuisson<\/strong> : <time datetime=\"PT0M\" itemprop=\"cookTime\">0 min<\/time>\n  <\/p>\n<\/div>\n<div class=\"ingredient\">\n<h3 class=\"listetitre\">Ingr\u00e9dients<\/h3>\n<ul class=\"listeingredient\">\n<li class=\"ingredient\" itemprop=\"recipeIngredient\">5 endives moyennes bien blanches<\/li>\n<li class=\"ingredient\" itemprop=\"recipeIngredient\">1 poire croquante (ou 1 pomme), en fines lamelles<\/li>\n<li class=\"ingredient\" itemprop=\"recipeIngredient\">60 g de cerneaux de noix torr\u00e9fi\u00e9s grossi\u00e8rement concass\u00e9s<\/li>\n<li class=\"ingredient\" itemprop=\"recipeIngredient\">1 petite \u00e9chalote finement cisel\u00e9e<\/li>\n<li class=\"ingredient\" itemprop=\"recipeIngredient\">1 c. \u00e0 s. de ciboulette ou persil, hach\u00e9<\/li>\n<li class=\"ingredient\" itemprop=\"recipeIngredient\">1 c. \u00e0 c. de moutarde \u00e0 l\u2019ancienne sans gluten<\/li>\n<li class=\"ingredient\" itemprop=\"recipeIngredient\">2 c. \u00e0 s. de vinaigre de cidre<\/li>\n<li class=\"ingredient\" itemprop=\"recipeIngredient\">4 c. \u00e0 s. d\u2019huile d\u2019olive douce<\/li>\n<li class=\"ingredient\" itemprop=\"recipeIngredient\">1 c. \u00e0 c. de jus de citron (pour limiter l\u2019amertume)<\/li>\n<li class=\"ingredient\" itemprop=\"recipeIngredient\">Sel fin non raffin\u00e9, poivre du moulin<\/li>\n<\/ul>\n<\/div>\n<ol class=\"recette\" itemprop=\"recipeInstructions\">\n<li itemprop=\"step\">\n    Coupez la base des endives, retirez le petit c\u00f4ne central pour adoucir l\u2019amertume, puis \u00e9mincez finement. Rincez rapidement et essorez soigneusement.\n  <\/li>\n<li itemprop=\"step\">\n    Dans un grand saladier, m\u00e9langez la moutarde, le vinaigre de cidre, le jus de citron, du sel et du poivre. Fouettez en versant l\u2019huile d\u2019olive pour \u00e9mulsionner.\n  <\/li>\n<li itemprop=\"step\">\n    Ajoutez les endives \u00e9minc\u00e9es, l\u2019\u00e9chalote, la poire (ou pomme) et les noix. M\u00e9langez d\u00e9licatement juste avant de servir pour garder le croquant des <strong>endives en salade<\/strong>.\n  <\/li>\n<li itemprop=\"step\">\n    Parsemez d\u2019herbes fra\u00eeches, rectifiez l\u2019assaisonnement et dressez aussit\u00f4t. Vos <strong>endives en salade<\/strong> sont pr\u00eates.\n  <\/li>\n<\/ol>\n<h3 class=\"conseil\">Le conseil de Karen<\/h3>\n<div class=\"conkar\">\n<p>\n    Si vos endives sont tr\u00e8s am\u00e8res, \u00e9mincez-les puis passez-les 2 min dans de l\u2019eau glac\u00e9e additionn\u00e9e d\u2019un trait de citron, \u00e9gouttez et s\u00e9chez parfaitement avant d\u2019assaisonner. Ajoutez la sauce \u00e0 la derni\u00e8re minute pour pr\u00e9server le croquant.\n  <\/p>\n<\/div>\n<div class=\"nutrition\" itemscope=\"\" itemtype=\"https:\/\/schema.org\/NutritionInformation\">\n<div itemprop=\"nutrition\" itemscope=\"\" itemtype=\"https:\/\/schema.org\/NutritionInformation\">\n<h3>Valeurs nutritionnelles pour la recette d\u2019endives en salade<\/h3>\n<p><strong itemprop=\"servingSize\">Par portion (150 g)<\/strong><\/p>\n<table>\n<tr>\n<th>\u00c9nergie<\/th>\n<td><span itemprop=\"calories\">120 kcal<\/span><\/td>\n<\/tr>\n<tr>\n<th>Prot\u00e9ines<\/th>\n<td><span itemprop=\"proteinContent\">2,8 g<\/span><\/td>\n<\/tr>\n<tr>\n<th>Glucides<\/th>\n<td><span itemprop=\"carbohydrateContent\">8,6 g<\/span><\/td>\n<\/tr>\n<tr>\n<th>Dont sucres<\/th>\n<td><span itemprop=\"sugarContent\">6,3 g<\/span><\/td>\n<\/tr>\n<tr>\n<th>Lipides<\/th>\n<td><span itemprop=\"fatContent\">8,5 g<\/span><\/td>\n<\/tr>\n<tr>\n<th>Dont satur\u00e9s<\/th>\n<td><span itemprop=\"saturatedFatContent\">1,1 g<\/span><\/td>\n<\/tr>\n<tr>\n<th>Fibres<\/th>\n<td><span itemprop=\"fiberContent\">3,4 g<\/span><\/td>\n<\/tr>\n<tr>\n<th>Sodium<\/th>\n<td><span itemprop=\"sodiumContent\">0,28 g<\/span><\/td>\n<\/tr>\n<\/table>\n<\/div>\n<\/div>\n<div class=\"astuces-cahier\">\n<h3>Astuces et variantes pour la recette d\u2019endives en salade<\/h3>\n<p class=\"surtitre\">Mes id\u00e9es pour sublimer vos <strong>endives en salade<\/strong><\/p>\n<ul>\n<li>\n      <strong>Version hivernale :<\/strong> ajoutez quelques morceaux d\u2019orange ou de cl\u00e9mentine pour une note sucr\u00e9e-acidul\u00e9e qui \u00e9quilibre l\u2019amertume naturelle des endives.\n    <\/li>\n<li>\n      <strong>Croquant gourmand :<\/strong> remplacez les noix par des amandes effil\u00e9es ou des noisettes concass\u00e9es l\u00e9g\u00e8rement grill\u00e9es. Cela apporte un parfum plus doux.\n    <\/li>\n<li>\n      <strong>Saveur fromag\u00e8re sans lactose :<\/strong> \u00e9miettez un peu de feta v\u00e9g\u00e9tale ou de fromage de ch\u00e8vre sans lactose pour un r\u00e9sultat plus cr\u00e9meux.\n    <\/li>\n<li>\n      <strong>Vinaigrette douce :<\/strong> si vous trouvez les endives trop am\u00e8res, m\u00e9langez une cuill\u00e8re de pur\u00e9e d\u2019amande \u00e0 la vinaigrette. La texture devient plus onctueuse et<br \/>le go\u00fbt, plus rond.\n    <\/li>\n<li>\n      <strong>Service express :<\/strong> servez vos <strong>endives en salade<\/strong> sur une tranche de pain sans gluten grill\u00e9, garnie d\u2019un filet d\u2019huile d\u2019olive et de graines de s\u00e9same. Simple et \u00e9l\u00e9gant !\n    <\/li>\n<\/ul>\n<\/div>\n<div class=\"faq\" itemscope=\"\" itemtype=\"https:\/\/schema.org\/FAQPage\">\n<h3>Questions fr\u00e9quentes \u2013 endives en salade<\/h3>\n<div itemscope=\"\" itemprop=\"mainEntity\" itemtype=\"https:\/\/schema.org\/Question\">\n<h4 itemprop=\"name\">Quels sont les bienfaits de l\u2019endive pour la sant\u00e9 ?<\/h4>\n<div itemscope=\"\" itemprop=\"acceptedAnswer\" itemtype=\"https:\/\/schema.org\/Answer\">\n<p itemprop=\"text\">\n        L\u2019endive est riche en eau, en fibres et tr\u00e8s peu calorique. Elle favorise la digestion et contribue \u00e0 la sati\u00e9t\u00e9. Source de potassium, de vitamine C et de min\u00e9raux, elle soutient \u00e9galement l\u2019hydratation et l\u2019\u00e9quilibre intestinal.\n      <\/p>\n<\/div>\n<\/div>\n<div itemscope=\"\" itemprop=\"mainEntity\" itemtype=\"https:\/\/schema.org\/Question\">\n<h4 itemprop=\"name\">L\u2019endive est-elle un l\u00e9gume ?<\/h4>\n<div itemscope=\"\" itemprop=\"acceptedAnswer\" itemtype=\"https:\/\/schema.org\/Answer\">\n<p itemprop=\"text\">\n        Oui, l\u2019endive est bien un l\u00e9gume ! Elle fait partie de la famille des chicor\u00e9es. On la cultive en cave \u00e0 partir de racines de chicor\u00e9e witloof. Son go\u00fbt l\u00e9g\u00e8rement amer et sa texture croquante en font un l\u00e9gume d\u2019hiver tr\u00e8s appr\u00e9ci\u00e9 en salade.\n      <\/p>\n<\/div>\n<\/div>\n<div itemscope=\"\" itemprop=\"mainEntity\" itemtype=\"https:\/\/schema.org\/Question\">\n<h4 itemprop=\"name\">Est-ce que l\u2019endive est bonne pour le foie ?<\/h4>\n<div itemscope=\"\" itemprop=\"acceptedAnswer\" itemtype=\"https:\/\/schema.org\/Answer\">\n<p itemprop=\"text\">\n        Oui, l\u2019endive soutient le foie gr\u00e2ce \u00e0 ses compos\u00e9s amers naturels qui stimulent la production de bile. Elle aide \u00e0 \u00e9liminer les toxines et facilite la digestion des graisses. C\u2019est un excellent choix pour all\u00e9ger les repas riches.\n      <\/p>\n<\/div>\n<\/div>\n<div itemscope=\"\" itemprop=\"mainEntity\" itemtype=\"https:\/\/schema.org\/Question\">\n<h4 itemprop=\"name\">Comment att\u00e9nuer l\u2019amertume des endives en salade ?<\/h4>\n<div itemscope=\"\" itemprop=\"acceptedAnswer\" itemtype=\"https:\/\/schema.org\/Answer\">\n<p itemprop=\"text\">\n        Pour des <strong>endives en salade<\/strong> plus douces, retirez le c\u00f4ne central \u00e0 la base, rincez-les rapidement et arrosez d\u2019un filet de jus de citron. Vous pouvez aussi adoucir la vinaigrette avec une pointe de miel ou de pur\u00e9e de noix de cajou.\n      <\/p>\n<\/div>\n<\/div>\n<\/div>\n<hr\/>\n<h2>Conclusion<\/h2>\n<p>\nVoil\u00e0 ma <strong>recette d\u2019endives en salade sans gluten ni lactose<\/strong>, fra\u00eeche et pr\u00eate en quelques minutes. J\u2019aime particuli\u00e8rement ce plat car il met en valeur la texture croquante et la douceur discr\u00e8te de l\u2019endive. C\u2019est une entr\u00e9e l\u00e9g\u00e8re qui se marie aussi bien avec un plat de poisson qu\u2019avec une assiette v\u00e9g\u00e9tarienne riche en l\u00e9gumineuses. En hiver, j\u2019aime la servir avec des noix et une vinaigrette douce ; au printemps, je l\u2019all\u00e8ge avec des herbes et des agrumes.\n<\/p>\n<p>\nSi vous aimez ce type de pr\u00e9paration, je vous invite \u00e0 parcourir toutes mes <a href=\"https:\/\/cuisine-saine.fr\/tag\/endive\/\" target=\"_blank\" rel=\"noopener\">recettes avec des endives<\/a>. Elles montrent combien ce l\u00e9gume d\u2019apparence modeste peut \u00eatre transform\u00e9 selon les envies : en salade croquante ou en gratin fondant. L\u2019endive m\u00e9rite d\u2019\u00eatre red\u00e9couverte, surtout dans les <strong>salades d\u2019endives<\/strong> o\u00f9 elle se r\u00e9v\u00e8le \u00e9tonnamment polyvalente.\n<\/p>\n<p>\nPour moi, la cl\u00e9 d\u2019une bonne <strong>salade d\u2019endives<\/strong> est l\u2019\u00e9quilibre. Ni trop d\u2019amertume, ni exc\u00e8s de sauce. Vous pouvez ajouter des fruits secs, un fromage v\u00e9g\u00e9tal ou quelques d\u00e9s de tofu marin\u00e9 pour varier les plaisirs. Ces endives en salade s\u2019adaptent \u00e0 vos go\u00fbts et aux saisons, et sont riches en fibres.\n<\/p>\n<p>\nJe trouve qu\u2019elles apportent une belle fra\u00eecheur aux repas d\u2019hiver, tout en restant nourrissantes et faciles \u00e0 pr\u00e9parer. N\u2019h\u00e9sitez pas \u00e0 partager votre propre version d\u2019<strong>endives en salade<\/strong> : avec betterave, agrumes ou grenade\u2026 En adoptant ces associations simples et naturelles, vous verrez que les endives n\u2019ont rien d\u2019ennuyeux : elles peuvent \u00eatre aussi d\u00e9licieuses que raffin\u00e9es.<\/p>\n<p><!-- FeedbackWP Plugin -->      <\/p>\n<nav class=\"cs-post-nav\" aria-label=\"Navigation entre articles\">\n<p>                  <a class=\"cs-nav-item cs-nav-older\" rel=\"prev\" href=\"https:\/\/cuisine-saine.fr\/recette-sans-gluten-ni-lait\/menu-semaine-novembre\/\"><br \/>\n            <span class=\"cs-nav-sub\">Plus ancien<\/span><br \/>\n            <span class=\"cs-nav-title\">Menu de la semaine sans gluten ni lactose \u2013 Novembre<\/span><br \/>\n          <\/a><br \/>\n              <\/nav>\n<p>      <span class=\"et_bloom_bottom_trigger\"\/>\n        <\/div>\n<p>[ad_2]<br \/>\n<br \/><a href=\"https:\/\/cuisine-saine.fr\/recette-sans-gluten\/recette-rapide\/endives-en-salade\/\">Source link <\/a><\/p>\n","protected":false},"excerpt":{"rendered":"<p>[ad_1] Je vous propose aujourd\u2019hui une recette d\u2019endives en salade sans gluten ni lactose qui change de la version trop &hellip; <a href=\"https:\/\/www.affinite.fr\/index.php\/2025\/11\/02\/recette-dendives-en-salade-sans-gluten-ni-lactose\/\" class=\"more-link\">Plus <span class=\"screen-reader-text\">Recette d\u2019endives en salade sans gluten ni lactose<\/span> <span class=\"meta-nav\">&rarr;<\/span><\/a><\/p>\n","protected":false},"author":1,"featured_media":12382,"comment_status":"","ping_status":"open","sticky":false,"template":"","format":"standard","meta":{"_sitemap_exclude":false,"_sitemap_priority":"","_sitemap_frequency":"","footnotes":""},"categories":[1],"tags":[],"class_list":["post-12381","post","type-post","status-publish","format-standard","has-post-thumbnail","hentry","category-tous"],"_links":{"self":[{"href":"https:\/\/www.affinite.fr\/index.php\/wp-json\/wp\/v2\/posts\/12381"}],"collection":[{"href":"https:\/\/www.affinite.fr\/index.php\/wp-json\/wp\/v2\/posts"}],"about":[{"href":"https:\/\/www.affinite.fr\/index.php\/wp-json\/wp\/v2\/types\/post"}],"author":[{"embeddable":true,"href":"https:\/\/www.affinite.fr\/index.php\/wp-json\/wp\/v2\/users\/1"}],"replies":[{"embeddable":true,"href":"https:\/\/www.affinite.fr\/index.php\/wp-json\/wp\/v2\/comments?post=12381"}],"version-history":[{"count":0,"href":"https:\/\/www.affinite.fr\/index.php\/wp-json\/wp\/v2\/posts\/12381\/revisions"}],"wp:featuredmedia":[{"embeddable":true,"href":"https:\/\/www.affinite.fr\/index.php\/wp-json\/wp\/v2\/media\/12382"}],"wp:attachment":[{"href":"https:\/\/www.affinite.fr\/index.php\/wp-json\/wp\/v2\/media?parent=12381"}],"wp:term":[{"taxonomy":"category","embeddable":true,"href":"https:\/\/www.affinite.fr\/index.php\/wp-json\/wp\/v2\/categories?post=12381"},{"taxonomy":"post_tag","embeddable":true,"href":"https:\/\/www.affinite.fr\/index.php\/wp-json\/wp\/v2\/tags?post=12381"}],"curies":[{"name":"wp","href":"https:\/\/api.w.org\/{rel}","templated":true}]}}