{"id":1238,"date":"2020-03-28T01:27:02","date_gmt":"2020-03-28T01:27:02","guid":{"rendered":"https:\/\/www.affinite.fr\/index.php\/2020\/03\/28\/comment-orange-a-reussi-a-retracer-nos-deplacements-a-lannonce-du-confinement\/"},"modified":"2020-03-28T01:27:02","modified_gmt":"2020-03-28T01:27:02","slug":"comment-orange-a-reussi-a-retracer-nos-deplacements-a-lannonce-du-confinement","status":"publish","type":"post","link":"https:\/\/www.affinite.fr\/index.php\/2020\/03\/28\/comment-orange-a-reussi-a-retracer-nos-deplacements-a-lannonce-du-confinement\/","title":{"rendered":"Comment Orange a r\u00e9ussi \u00e0 retracer nos d\u00e9placements \u00e0 l\u2019annonce du confinement"},"content":{"rendered":"<p> [ad_1]<br \/>\n<br \/><img decoding=\"async\" src=\"https:\/\/img.bfmtv.com\/i\/0\/0\/793\/7ddbfedfca80666f6a5ea33450bf8.jpeg\" \/><\/p>\n<div itemprop=\"articleBody\">\n<aside class=\"bg-color-0 padding-inside-all-s bloc border-s\">\n<h4 class=\"box-txt-normal\">\n<p><strong>En r\u00e9sum\u00e9<\/strong><\/p>\n<\/h4>\n<div class=\"\">\n<ul>\n<li>Orange a exploit\u00e9 les donn\u00e9es de g\u00e9olocalisation de 24 millions de clients mobiles pour conna\u00eetre leurs d\u00e9placements apr\u00e8s l\u2019annonce du confinement<\/li>\n<li>Ces donn\u00e9es, agr\u00e9g\u00e9es et anonymis\u00e9es, ont \u00e9t\u00e9 transmises \u00e0 l\u2019Inserm pour tenter de mod\u00e9liser l\u2019\u00e9volution de l\u2019\u00e9pid\u00e9mie en France<\/li>\n<li>Orange pratique ce type de collecte depuis 2013, notamment par le biais de son service Fluxvision<\/li>\n<li>L&rsquo;op\u00e9rateur souhaiterait conserver ces donn\u00e9es plus longtemps et servir de \u00ab tiers de confiance\u00a0\u00bb dans le cadre de politiques publiques ou de travaux de recherche<\/li>\n<\/ul>\n<\/div>\n<\/aside>\n<p>La veille et le premier jour du confinement, plus d\u2019un million de personnes auraient quitt\u00e9 le Grand Paris, tandis que l\u2019Ile de R\u00e9 enregistrait une hausse de sa population de 30%. Ces chiffres ont \u00e9t\u00e9 communiqu\u00e9s par le patron d\u2019Orange St\u00e9phane Richard sur Europe 1 et au <em>Monde<\/em>. L\u2019op\u00e9rateur les a transmises \u00e0 l\u2019Inserm, de mani\u00e8re \u00e0 am\u00e9liorer ses pr\u00e9visions \u00e9pid\u00e9miologiques.<\/p>\n<ul>\n<li>\n<h3 style=\"color:#333; font-family:arial,helvetica,sans-serif; font-size:23px; font-weight:700\">Quelles sont les informations collect\u00e9es\u00a0?<\/h3>\n<\/li>\n<\/ul>\n<p>Nous vous parlions un peu plus t\u00f4t cette semaine de <a href=\"https:\/\/www.01net.com\/actualites\/allons-nous-etre-suivis-a-la-trace-pour-lutter-contre-le-coronavirus-1882234.html#content\/contribution\/edit\" target=\"_blank\" rel=\"noopener noreferrer\">ce dispositif exp\u00e9rimental<\/a>. Il a \u00e9t\u00e9 approuv\u00e9 officiellement mercredi par la CNIL car il entre en conformit\u00e9 avec le r\u00e8glement sur les donn\u00e9es personnelles. Ce sont les 24 millions d\u2019abonn\u00e9s mobiles d\u2019Orange qui ont \u00e9t\u00e9 cibl\u00e9s. Un \u00e9chantillon de la population tellement vaste qu\u2019il peut \u00eatre consid\u00e9r\u00e9 comme repr\u00e9sentatif.<\/p>\n<p>Ni le contenu des communications, ni les contacts ne sont observ\u00e9s. Seules les m\u00e9tadonn\u00e9es ont \u00e9t\u00e9 prises en compte. Par ailleurs, St\u00e9phane Richard a pr\u00e9cis\u00e9 que la g\u00e9olocalisation avait \u00e9t\u00e9 l&rsquo;unique crit\u00e8re retenu. En outre, les informations ont \u00e9t\u00e9 agr\u00e9g\u00e9es par groupe de 50 000 utilisateurs. Elles ont ensuite \u00e9t\u00e9 anonymis\u00e9es, de mani\u00e8re \u00e0 ne pouvoir identifier un individu. L\u2019Inserm va se charger maintenant de passer toute cette data \u00e0 la moulinette de ses propres algorithmes pour savoir comment la pand\u00e9mie va \u00e9voluer sur chaque territoire.<\/p>\n<aside class=\"bg-color-0 padding-inside-all-s bloc border-s\">\n<h4 class=\"box-txt-normal\">\n<p><strong>A d\u00e9couvrir aussi en vid\u00e9o<\/strong><\/p>\n<\/h4>\n<\/aside>\n<ul>\n<li>\n<h3 style=\"color:#333; font-family:arial,helvetica,sans-serif; font-size:23px; font-weight:700\">Comment les abonn\u00e9s ont-ils \u00e9t\u00e9 g\u00e9olocalis\u00e9s\u00a0?<\/h3>\n<\/li>\n<\/ul>\n<p>L&rsquo;op\u00e9rateur s&rsquo;est appuy\u00e9 sur le signal envoy\u00e9 par nos t\u00e9l\u00e9phones aux antennes relais. A partir de l&rsquo;identification des antennes, il est possible de localiser les portables et donc leur propri\u00e9taire.<\/p>\n<p><em>\u00ab Ces statistiques consistent tout simplement \u00e0 compter les mobiles raccord\u00e9s au r\u00e9seau \u00e0 un instant donn\u00e9, dans des r\u00e9gions administratives fran\u00e7aises de plusieurs milliers de personnes d\u00e9finies par l\u2019INSEE \u00bb<\/em>, nous a d\u00e9clar\u00e9 un porte-parole d&rsquo;Orange.\u00a0<\/p>\n<p>Orange a une grande exp\u00e9rience en la mati\u00e8re. Avec sa division Orange Business Services, il commercialise depuis 2013 nos m\u00e9tadonn\u00e9es mobiles aupr\u00e8s d\u2019acteurs du tourisme ou du transport. Son service phare, c\u2019est <a href=\"https:\/\/hightech.bfmtv.com\/logiciel\/comment-les-operateurs-suivent-les-supporters-a-la-trace-999635.html\" target=\"_blank\" rel=\"noopener noreferrer\">FluxVision<\/a>. Il consiste \u00e0 collecter chaque minute les millions de donn\u00e9es qui transitent par le r\u00e9seau mobile d&rsquo;une zone d\u00e9finie \u00e0 l\u2019avance. Appels \u00e9mis et re\u00e7us, SMS, consommation de data, de nombreuses informations peuvent \u00eatre exploit\u00e9es.<\/p>\n<p>Le tout est converti en indicateurs statistiques pour alimenter un mod\u00e8le permettant de comptabiliser la foule et de suivre ses d\u00e9placements. Des informations tr\u00e8s pr\u00e9cises localement qui sont traduites en temps r\u00e9el sous forme de cartographie 3D.<\/p>\n<ul>\n<li>\n<h3 style=\"color:#333; font-family:arial,helvetica,sans-serif; font-size:23px; font-weight:700\">Orange veut aller plus loin<\/h3>\n<\/li>\n<\/ul>\n<p>Convaincu par l&rsquo;utilit\u00e9 de ses donn\u00e9es, Orange demande aujourd&rsquo;hui \u00e0 pouvoir les conserver au-del\u00e0 la p\u00e9riode d&rsquo;un an fix\u00e9e par la loi. Il nourrit \u00e9galement de nouvelles ambitions et s&rsquo;imagine d\u00e9sormais en tiers de confiance. <em>\u00ab Orange agirait en tant que coffre-fort des donn\u00e9es pour produire \u00e0 la demande des autorit\u00e9s, avec des donn\u00e9es \u00e9ventuellement fournies par les autorit\u00e9s, des analyses pr\u00e9cises et pertinentes permettant aux autorit\u00e9s d\u2019agir, de prendre des mesures \u00e9clair\u00e9es en mati\u00e8re de politique publique \u00bb<\/em>.<\/p>\n<p>Il propose enfin de contribuer sur le moyen terme \u00e0 des travaux de recherche visant \u00e0 mieux pr\u00e9parer la r\u00e9ponse des autorit\u00e9s sanitaires \u00e0 ce type d\u2019\u00e9v\u00e9nements. De nouvelles missions qui n\u00e9cessiteront une modification du cadr\u00e9 l\u00e9gal et m\u00e9riteront d&rsquo;\u00eatre examin\u00e9es par nos parlementaires.<\/p>\n<\/p><\/div>\n<p><script>\n         !function(f,b,e,v,n,t,s){if(f.fbq)return;n=f.fbq=function()\n         {n.callMethod? n.callMethod.apply(n,arguments):n.queue.push(arguments)}\n         ;if(!f._fbq)f._fbq=n;\n             n.push=n;n.loaded=!0;n.version='2.0';n.queue=[];t=b.createElement(e);t.async=!0;\n             t.src=v;s=b.getElementsByTagName(e)[0];s.parentNode.insertBefore(t,s)}(window,\n                 document,'script','https:\/\/connect.facebook.net\/en_US\/fbevents.js');\n         fbq('init', '1065890633454496');\n         fbq('track', 'PageView');\n     <\/script><br \/>\n<br \/>[ad_2]<br \/>\n<br \/><a href=\"https:\/\/www.01net.com\/actualites\/comment-orange-a-reussi-a-retracer-nos-deplacements-a-l-annonce-du-confinement-1883583.html\">Source link <\/a><\/p>\n","protected":false},"excerpt":{"rendered":"<p>[ad_1] En r\u00e9sum\u00e9 Orange a exploit\u00e9 les donn\u00e9es de g\u00e9olocalisation de 24 millions de clients mobiles pour conna\u00eetre leurs d\u00e9placements &hellip; <a href=\"https:\/\/www.affinite.fr\/index.php\/2020\/03\/28\/comment-orange-a-reussi-a-retracer-nos-deplacements-a-lannonce-du-confinement\/\" class=\"more-link\">Plus <span class=\"screen-reader-text\">Comment Orange a r\u00e9ussi \u00e0 retracer nos d\u00e9placements \u00e0 l\u2019annonce du confinement<\/span> <span class=\"meta-nav\">&rarr;<\/span><\/a><\/p>\n","protected":false},"author":1,"featured_media":1239,"comment_status":"open","ping_status":"open","sticky":false,"template":"","format":"standard","meta":{"_sitemap_exclude":false,"_sitemap_priority":"","_sitemap_frequency":"","footnotes":""},"categories":[1],"tags":[],"class_list":["post-1238","post","type-post","status-publish","format-standard","has-post-thumbnail","hentry","category-tous"],"_links":{"self":[{"href":"https:\/\/www.affinite.fr\/index.php\/wp-json\/wp\/v2\/posts\/1238"}],"collection":[{"href":"https:\/\/www.affinite.fr\/index.php\/wp-json\/wp\/v2\/posts"}],"about":[{"href":"https:\/\/www.affinite.fr\/index.php\/wp-json\/wp\/v2\/types\/post"}],"author":[{"embeddable":true,"href":"https:\/\/www.affinite.fr\/index.php\/wp-json\/wp\/v2\/users\/1"}],"replies":[{"embeddable":true,"href":"https:\/\/www.affinite.fr\/index.php\/wp-json\/wp\/v2\/comments?post=1238"}],"version-history":[{"count":0,"href":"https:\/\/www.affinite.fr\/index.php\/wp-json\/wp\/v2\/posts\/1238\/revisions"}],"wp:featuredmedia":[{"embeddable":true,"href":"https:\/\/www.affinite.fr\/index.php\/wp-json\/wp\/v2\/media\/1239"}],"wp:attachment":[{"href":"https:\/\/www.affinite.fr\/index.php\/wp-json\/wp\/v2\/media?parent=1238"}],"wp:term":[{"taxonomy":"category","embeddable":true,"href":"https:\/\/www.affinite.fr\/index.php\/wp-json\/wp\/v2\/categories?post=1238"},{"taxonomy":"post_tag","embeddable":true,"href":"https:\/\/www.affinite.fr\/index.php\/wp-json\/wp\/v2\/tags?post=1238"}],"curies":[{"name":"wp","href":"https:\/\/api.w.org\/{rel}","templated":true}]}}