{"id":12369,"date":"2025-10-31T13:22:10","date_gmt":"2025-10-31T13:22:10","guid":{"rendered":"https:\/\/www.affinite.fr\/index.php\/2025\/10\/31\/croque-monsieur-dautomne-chefnini\/"},"modified":"2025-10-31T13:22:10","modified_gmt":"2025-10-31T13:22:10","slug":"croque-monsieur-dautomne-chefnini","status":"publish","type":"post","link":"https:\/\/www.affinite.fr\/index.php\/2025\/10\/31\/croque-monsieur-dautomne-chefnini\/","title":{"rendered":"Croque-monsieur d&rsquo;automne &#8211; chefNini"},"content":{"rendered":"<p> [ad_1]<br \/>\n<\/p>\n<div itemprop=\"text\">\n<div itemscope=\"itemscope\" itemtype=\"https:\/\/schema.org\/Recipe\"><span style=\"display:none\" itemprop=\"name\">Croque-monsieur d\u2019automne<\/span><span style=\"display:none\" itemprop=\"author\">Virginie Fouquet<\/span><\/p>\n<p><img loading=\"lazy\" decoding=\"async\" itemprop=\"image\" class=\"aligncenter size-full wp-image-46555\" src=\"https:\/\/static.chefnini.com\/wp-content\/uploads\/2025\/10\/croque-automne6-@chefnini.jpg\" alt=\"\" width=\"500\" height=\"750\" srcset=\"https:\/\/static.chefnini.com\/wp-content\/uploads\/2025\/10\/croque-automne6-@chefnini.jpg 500w, https:\/\/static.chefnini.com\/wp-content\/uploads\/2025\/10\/croque-automne6-@chefnini-200x300.jpg 200w\" sizes=\"(max-width: 500px) 100vw, 500px\"\/><\/p>\n<p data-start=\"260\" data-end=\"466\">Parfois, il suffit de quelques ingr\u00e9dients de saison pour r\u00e9inventer un classique. C\u2019est exactement ce que j\u2019ai voulu faire avec ce <strong data-start=\"392\" data-end=\"421\">croque-monsieur d\u2019automne<\/strong>, g\u00e9n\u00e9reux, fondant et l\u00e9g\u00e8rement sucr\u00e9-sal\u00e9.<\/p>\n<p data-start=\"468\" data-end=\"880\">J\u2019ai m\u00eal\u00e9 des <strong data-start=\"482\" data-end=\"530\">tranches de butternut r\u00f4ties au paprika fum\u00e9<\/strong>, de la <strong data-start=\"538\" data-end=\"555\">poire juteuse<\/strong>, de l\u2019<strong data-start=\"562\" data-end=\"574\">emmental<\/strong>, du <strong data-start=\"579\" data-end=\"593\">jambon cru<\/strong>\u2026 et, parce que j\u2019adore \u00e7a, une petite poign\u00e9e de <strong data-start=\"643\" data-end=\"660\">noix de p\u00e9can<\/strong> pour le croquant. Le tout entre deux belles tranches de pain grill\u00e9 bien dor\u00e9. Et si vous aimez les recettes encore plus gourmandes : j\u2019ai test\u00e9 une version avec du <strong data-start=\"826\" data-end=\"848\">fromage \u00e0 raclette<\/strong>, et c\u2019est juste une dinguerie !<\/p>\n<p><span id=\"more-46551\"\/><br \/><img loading=\"lazy\" decoding=\"async\" itemprop=\"image\" class=\"aligncenter size-full wp-image-46553\" src=\"https:\/\/static.chefnini.com\/wp-content\/uploads\/2025\/10\/croque-automne4-@chefnini.jpg\" alt=\"\" width=\"730\" height=\"487\" srcset=\"https:\/\/static.chefnini.com\/wp-content\/uploads\/2025\/10\/croque-automne4-@chefnini.jpg 730w, https:\/\/static.chefnini.com\/wp-content\/uploads\/2025\/10\/croque-automne4-@chefnini-300x200.jpg 300w\" sizes=\"(max-width: 730px) 100vw, 730px\"\/> <img loading=\"lazy\" decoding=\"async\" itemprop=\"image\" class=\"aligncenter size-full wp-image-46554\" src=\"https:\/\/static.chefnini.com\/wp-content\/uploads\/2025\/10\/croque-automne5-@chefnini.jpg\" alt=\"\" width=\"730\" height=\"487\" srcset=\"https:\/\/static.chefnini.com\/wp-content\/uploads\/2025\/10\/croque-automne5-@chefnini.jpg 730w, https:\/\/static.chefnini.com\/wp-content\/uploads\/2025\/10\/croque-automne5-@chefnini-300x200.jpg 300w\" sizes=\"auto, (max-width: 730px) 100vw, 730px\"\/><\/p>\n<p><img loading=\"lazy\" decoding=\"async\" itemprop=\"image\" class=\"aligncenter size-full wp-image-46552\" src=\"https:\/\/static.chefnini.com\/wp-content\/uploads\/2025\/10\/croque-automne3-@chefnini.jpg\" alt=\"\" width=\"500\" height=\"750\" srcset=\"https:\/\/static.chefnini.com\/wp-content\/uploads\/2025\/10\/croque-automne3-@chefnini.jpg 500w, https:\/\/static.chefnini.com\/wp-content\/uploads\/2025\/10\/croque-automne3-@chefnini-200x300.jpg 200w\" sizes=\"auto, (max-width: 500px) 100vw, 500px\"\/><\/p>\n<h3 itemprop=\"recipeYield\">Pour 2 personnes :\u00a0<\/h3>\n<ul>\n<li itemprop=\"ingredients\">4 tranches de pain de mie<\/li>\n<li itemprop=\"ingredients\">6 rondelles coup\u00e9es dans une butternut<\/li>\n<li itemprop=\"ingredients\">Du paprika fum\u00e9 doux<\/li>\n<li itemprop=\"ingredients\">1 poire<\/li>\n<li itemprop=\"ingredients\">De l\u2019emmental<\/li>\n<li itemprop=\"ingredients\">2 tranches de jambon cru<\/li>\n<li itemprop=\"ingredients\">Un peu de persil cisel\u00e9<\/li>\n<li itemprop=\"ingredients\">Poivre du moulin, sel<\/li>\n<li itemprop=\"ingredients\">De l\u2019huile d\u2019olive<\/li>\n<\/ul>\n<div itemprop=\"recipeInstructions\">\n<p><img loading=\"lazy\" decoding=\"async\" itemprop=\"image\" class=\"aligncenter size-full wp-image-46556\" src=\"https:\/\/static.chefnini.com\/wp-content\/uploads\/2025\/10\/croque-automne-@chefnini.jpg\" alt=\"\" width=\"500\" height=\"750\" srcset=\"https:\/\/static.chefnini.com\/wp-content\/uploads\/2025\/10\/croque-automne-@chefnini.jpg 500w, https:\/\/static.chefnini.com\/wp-content\/uploads\/2025\/10\/croque-automne-@chefnini-200x300.jpg 200w\" sizes=\"auto, (max-width: 500px) 100vw, 500px\"\/><\/p>\n<p>1- D\u00e9posez les rondelles de courge sur une plaque recouverte de papier sulfuris\u00e9.<\/p>\n<p>2- Huilez-les, salez et saupoudrez de paprika.<\/p>\n<p>3- Faites cuire 15 minutes \u00e0 180\u00b0C.<\/p>\n<p>4- D\u00e9posez sur 2 tranches de pain de mie un couche d\u2019emmental r\u00e2p\u00e9e, un tranche de jambon pr\u00e9alablement coup\u00e9e en morceaux.<\/p>\n<p>5- Recouvrez de courge et ajoutez 1 tranche de poire.<\/p>\n<p>6- Ajoutez de nouveau de l\u2019emmental r\u00e2p\u00e9e, les noix de p\u00e9can concass\u00e9es et le persil.<\/p>\n<p>7- Fermez les croques et passez au four 15 minutes \u00e0 180\u00b0C.<\/p>\n<p>Servez avec une salade de m\u00e2che.<\/p>\n<p><img loading=\"lazy\" decoding=\"async\" itemprop=\"image\" class=\"aligncenter size-full wp-image-46557\" src=\"https:\/\/static.chefnini.com\/wp-content\/uploads\/2025\/10\/croque-automne2-@chefnini.jpg\" alt=\"\" width=\"500\" height=\"750\" srcset=\"https:\/\/static.chefnini.com\/wp-content\/uploads\/2025\/10\/croque-automne2-@chefnini.jpg 500w, https:\/\/static.chefnini.com\/wp-content\/uploads\/2025\/10\/croque-automne2-@chefnini-200x300.jpg 200w\" sizes=\"auto, (max-width: 500px) 100vw, 500px\"\/><\/p>\n<\/div>\n<p> <!-- recipeInstructions -->\n<\/div>\n<p><!-- CONTENT END 1 -->\n\t\t\t\t\t\t\t\t\t\t\t\t\t\t\t<\/div>\n<p>[ad_2]<br \/>\n<br \/><a href=\"https:\/\/www.chefnini.com\/croque-monsieur-dautomne\/\">Source link <\/a><\/p>\n","protected":false},"excerpt":{"rendered":"<p>[ad_1] Croque-monsieur d\u2019automneVirginie Fouquet Parfois, il suffit de quelques ingr\u00e9dients de saison pour r\u00e9inventer un classique. C\u2019est exactement ce que &hellip; <a href=\"https:\/\/www.affinite.fr\/index.php\/2025\/10\/31\/croque-monsieur-dautomne-chefnini\/\" class=\"more-link\">Plus <span class=\"screen-reader-text\">Croque-monsieur d&rsquo;automne &#8211; chefNini<\/span> <span class=\"meta-nav\">&rarr;<\/span><\/a><\/p>\n","protected":false},"author":1,"featured_media":12370,"comment_status":"","ping_status":"open","sticky":false,"template":"","format":"standard","meta":{"_sitemap_exclude":false,"_sitemap_priority":"","_sitemap_frequency":"","footnotes":""},"categories":[1],"tags":[],"class_list":["post-12369","post","type-post","status-publish","format-standard","has-post-thumbnail","hentry","category-tous"],"_links":{"self":[{"href":"https:\/\/www.affinite.fr\/index.php\/wp-json\/wp\/v2\/posts\/12369"}],"collection":[{"href":"https:\/\/www.affinite.fr\/index.php\/wp-json\/wp\/v2\/posts"}],"about":[{"href":"https:\/\/www.affinite.fr\/index.php\/wp-json\/wp\/v2\/types\/post"}],"author":[{"embeddable":true,"href":"https:\/\/www.affinite.fr\/index.php\/wp-json\/wp\/v2\/users\/1"}],"replies":[{"embeddable":true,"href":"https:\/\/www.affinite.fr\/index.php\/wp-json\/wp\/v2\/comments?post=12369"}],"version-history":[{"count":0,"href":"https:\/\/www.affinite.fr\/index.php\/wp-json\/wp\/v2\/posts\/12369\/revisions"}],"wp:featuredmedia":[{"embeddable":true,"href":"https:\/\/www.affinite.fr\/index.php\/wp-json\/wp\/v2\/media\/12370"}],"wp:attachment":[{"href":"https:\/\/www.affinite.fr\/index.php\/wp-json\/wp\/v2\/media?parent=12369"}],"wp:term":[{"taxonomy":"category","embeddable":true,"href":"https:\/\/www.affinite.fr\/index.php\/wp-json\/wp\/v2\/categories?post=12369"},{"taxonomy":"post_tag","embeddable":true,"href":"https:\/\/www.affinite.fr\/index.php\/wp-json\/wp\/v2\/tags?post=12369"}],"curies":[{"name":"wp","href":"https:\/\/api.w.org\/{rel}","templated":true}]}}