{"id":12293,"date":"2025-10-17T20:49:44","date_gmt":"2025-10-17T20:49:44","guid":{"rendered":"https:\/\/www.affinite.fr\/index.php\/2025\/10\/17\/il-capture-un-phenomene-rare-en-plein-jour\/"},"modified":"2025-10-17T20:49:44","modified_gmt":"2025-10-17T20:49:44","slug":"il-capture-un-phenomene-rare-en-plein-jour","status":"publish","type":"post","link":"https:\/\/www.affinite.fr\/index.php\/2025\/10\/17\/il-capture-un-phenomene-rare-en-plein-jour\/","title":{"rendered":"Il capture un ph\u00e9nom\u00e8ne rare en plein jour"},"content":{"rendered":"<p> [ad_1]<br \/>\n<br \/><img decoding=\"async\" src=\"https:\/\/img-3.journaldesfemmes.fr\/ag0MD3xWOn5FAJvz81v-N3YkOWo=\/1280x\/smart\/27c083fcea224ae2a07302d4f6e09c02\/ccmcms-jdf\/40050649.jpg\" \/><\/p>\n<p>\n                Un fant\u00f4me dans le ciel et en plein jour\u00a0? Ce n&rsquo;est pas une histoire d&rsquo;Halloween pour faire peur mais un cas concret, immortalis\u00e9 par un photographe. Et on a l&rsquo;explication.            <\/p>\n<div>\n<p>A quelques jours d&rsquo;Halloween, on pourrait croire au sc\u00e9nario d&rsquo;un film d&rsquo;horreur pour se faire peur&#8230;\u00a0Mais il n&rsquo;en est rien. Captur\u00e9e\u00a0par un photographe, au bon endroit au bon moment, cette image montre ce qui appara\u00eet comme \u00e9tant&#8230; la silhouette\u00a0d&rsquo;un fant\u00f4me !\u00a0Mais il y a une explication bien concr\u00e8te\u00a0\u00e0 ce ph\u00e9nom\u00e8ne qui semble paranormal.\u00a0<\/p>\n<p>Cette histoire, c&rsquo;est celle de Chris Atkinson, photographe animalier originaire de l&rsquo;East Yorkshire, en Angleterre. Parti en bord de mer \u00e0 la recherche de nouveaux clich\u00e9s d&rsquo;oiseaux en octobre de l&rsquo;an dernier, il a finalement \u00e9t\u00e9 t\u00e9moin d&rsquo;une sc\u00e8ne \u00e0 couper le souffle. Alors qu&rsquo;il scrutait l&rsquo;horizon, une silhouette \u00e0 l&rsquo;allure humaine est soudainement apparue dans le ciel, entour\u00e9e d&rsquo;un halo de lumi\u00e8re saisissant. Instinctivement, il s&rsquo;est plac\u00e9 \u00e0 l&rsquo;endroit qu&rsquo;il consid\u00e9rait comme id\u00e9al pour immortaliser cet instant et surtout avoir une preuve palpable de sa vision sans passer pour un d\u00e9rang\u00e9.\u00a0Le r\u00e9sultat\u00a0? Une photo mystique, presque irr\u00e9elle, qui a de quoi renforcer l&rsquo;avis de ceux qui croient dur comme fer aux esprits et autres fant\u00f4mes.<\/p>\n<p>Mais derri\u00e8re cette impressionnante photographie se cache une explication scientifique qui porte un nom.\u00a0Ce ph\u00e9nom\u00e8ne est appel\u00e9 spectre de Brocken et a \u00e9t\u00e9 observ\u00e9 pour la premi\u00e8re fois en Allemagne en 1780.\u00a0Il s&rsquo;agit d&rsquo;une illusion d&rsquo;optique qui se produit lorsque l&rsquo;ombre d&rsquo;une personne, projet\u00e9e sur un nuage ou une brume, est entour\u00e9e d&rsquo;un halo color\u00e9, souvent provoqu\u00e9 par la diffraction de la lumi\u00e8re du soleil. D&rsquo;ailleurs, cette illusion fait appara\u00eetre l&rsquo;ombre de la personne beaucoup plus grande que la r\u00e9alit\u00e9.\u00a0<\/p>\n<p>Le photographe a d\u00e9clar\u00e9 \u00e0 la BBC<em> <\/em>que cette photo unique occupe \u00ab\u00a0<em>directement le sommet de la pile<\/em>\u00a0\u00bb dans ses albums photo. La responsable de l&rsquo;accueil des visiteurs \u00e0 la r\u00e9serve naturelle de Bempton Cliffs, o\u00f9 la photo a \u00e9t\u00e9 prise, a d\u00e9clar\u00e9 que l&rsquo;\u00e9quipe n&rsquo;avait jamais observ\u00e9 de spectres de Brocken auparavant sur le site&#8230;<\/p>\n<\/p><\/div>\n<p>[ad_2]<br \/>\n<br \/><a href=\"https:\/\/www.journaldesfemmes.fr\/societe\/actu\/3244544-il-capture-un-phenomene-rare-en-pleine-jour-beaucoup-y-voient-un-fantome\/\">Source link <\/a><\/p>\n","protected":false},"excerpt":{"rendered":"<p>[ad_1] Un fant\u00f4me dans le ciel et en plein jour\u00a0? Ce n&rsquo;est pas une histoire d&rsquo;Halloween pour faire peur mais &hellip; <a href=\"https:\/\/www.affinite.fr\/index.php\/2025\/10\/17\/il-capture-un-phenomene-rare-en-plein-jour\/\" class=\"more-link\">Plus <span class=\"screen-reader-text\">Il capture un ph\u00e9nom\u00e8ne rare en plein jour<\/span> <span class=\"meta-nav\">&rarr;<\/span><\/a><\/p>\n","protected":false},"author":1,"featured_media":12294,"comment_status":"","ping_status":"open","sticky":false,"template":"","format":"standard","meta":{"_sitemap_exclude":false,"_sitemap_priority":"","_sitemap_frequency":"","footnotes":""},"categories":[1],"tags":[],"class_list":["post-12293","post","type-post","status-publish","format-standard","has-post-thumbnail","hentry","category-tous"],"_links":{"self":[{"href":"https:\/\/www.affinite.fr\/index.php\/wp-json\/wp\/v2\/posts\/12293"}],"collection":[{"href":"https:\/\/www.affinite.fr\/index.php\/wp-json\/wp\/v2\/posts"}],"about":[{"href":"https:\/\/www.affinite.fr\/index.php\/wp-json\/wp\/v2\/types\/post"}],"author":[{"embeddable":true,"href":"https:\/\/www.affinite.fr\/index.php\/wp-json\/wp\/v2\/users\/1"}],"replies":[{"embeddable":true,"href":"https:\/\/www.affinite.fr\/index.php\/wp-json\/wp\/v2\/comments?post=12293"}],"version-history":[{"count":0,"href":"https:\/\/www.affinite.fr\/index.php\/wp-json\/wp\/v2\/posts\/12293\/revisions"}],"wp:featuredmedia":[{"embeddable":true,"href":"https:\/\/www.affinite.fr\/index.php\/wp-json\/wp\/v2\/media\/12294"}],"wp:attachment":[{"href":"https:\/\/www.affinite.fr\/index.php\/wp-json\/wp\/v2\/media?parent=12293"}],"wp:term":[{"taxonomy":"category","embeddable":true,"href":"https:\/\/www.affinite.fr\/index.php\/wp-json\/wp\/v2\/categories?post=12293"},{"taxonomy":"post_tag","embeddable":true,"href":"https:\/\/www.affinite.fr\/index.php\/wp-json\/wp\/v2\/tags?post=12293"}],"curies":[{"name":"wp","href":"https:\/\/api.w.org\/{rel}","templated":true}]}}