{"id":12281,"date":"2025-10-15T20:46:07","date_gmt":"2025-10-15T20:46:07","guid":{"rendered":"https:\/\/www.affinite.fr\/index.php\/2025\/10\/15\/cest-la-destination-francaise-la-plus-recherchee-pour-2026-son-charme-nest-plus-a-prouver\/"},"modified":"2025-10-15T20:46:07","modified_gmt":"2025-10-15T20:46:07","slug":"cest-la-destination-francaise-la-plus-recherchee-pour-2026-son-charme-nest-plus-a-prouver","status":"publish","type":"post","link":"https:\/\/www.affinite.fr\/index.php\/2025\/10\/15\/cest-la-destination-francaise-la-plus-recherchee-pour-2026-son-charme-nest-plus-a-prouver\/","title":{"rendered":"C&rsquo;est la destination fran\u00e7aise la plus recherch\u00e9e pour 2026\u00a0&#8211; son charme n&rsquo;est plus \u00e0 prouver"},"content":{"rendered":"<p> [ad_1]<br \/>\n<br \/><img decoding=\"async\" src=\"https:\/\/img-3.journaldesfemmes.fr\/-IQWnWxeilpY3Y6wqAejCRlJELQ=\/1280x\/smart\/194b393054a14c2eaf3d4e1cc4ec6b6b\/ccmcms-jdf\/40050306.jpg\" \/><\/p>\n<p>\n                Alors qu&rsquo;on se dirige tout doucement vers la fin de l&rsquo;ann\u00e9e, o\u00f9 sont attendus les voyageurs en 2026\u00a0? Une \u00e9tude l\u00e8ve le voile et r\u00e9v\u00e8le ainsi quelle destination fran\u00e7aise l&#8217;emporte dans le coeur des touristes. Ce n&rsquo;est ni la capitale, ni au soleil&#8230;            <\/p>\n<div>\n<p>O\u00f9 partir en 2026 ? Les destinations ne manquent pas, en Europe comme en France. Mais les voyageurs semblent avoir d\u00e9j\u00e0 une petite id\u00e9e d&rsquo;o\u00f9 aller dans les mois \u00e0 venir. C&rsquo;est ce que d\u00e9voilent les recherches men\u00e9es\u00a0par\u00a0Expedia Group dans son \u00e9tude <a href=\"https:\/\/www.expedia.fr\/horizons26?brandcid=EXPEDIA-FR.COMMS.SOCIAL.UNPACK26.GENERIC\" target=\"_blank\" rel=\"noopener\">Horizons 2026<\/a>. On d\u00e9couvre ainsi qu&rsquo;une destination fran\u00e7aise conna\u00eet une hausse significative des recherches&#8230;\u00a0<\/p>\n<p>Comme le souligne le groupe sp\u00e9cialis\u00e9 dans le tourisme, \u00ab\u00a0<em>la liste des destinations de l&rsquo;ann\u00e9e a \u00e9t\u00e9 \u00e9tablie \u00e0 partir de donn\u00e9es de recherches en temps r\u00e9el de l&rsquo;appli et du site Internet d&rsquo;Expedia, r\u00e9v\u00e9lant les lieux pour lesquels l&rsquo;int\u00e9r\u00eat des voyageurs progresse fortement<\/em>.\u00a0\u00bb Et le top 3 est tr\u00e8s international puisque la Sardaigne en Italie d\u00e9croche la m\u00e9daille de bronze (63% de recherches), Okinawa au Japon remporte la m\u00e9daille d&rsquo;argent (71%) et, plus \u00e9tonnant encore, Big Sky dans l&rsquo;\u00e9tat am\u00e9ricain du Montana fait un carton absolu (92%). Et la France dans tout \u00e7a ? Notre pays classe une destination dans le top 10.<\/p>\n<p>Si Gordes et d\u00e9sormais\u00a0Conques-en-Rouergue sont r\u00e9put\u00e9s comme <a href=\"https:\/\/www.journaldesfemmes.fr\/loisirs\/voyages\/3242090-c-est-le-plus-beau-village-du-monde-il-pique-la-premiere-place-a-gordes-et-il-est-toujours-en-france\/\" target=\"_blank\" rel=\"noopener\">les plus beaux villages du monde<\/a>,\u00a0c&rsquo;est une destination moins ensoleill\u00e9e qui l&#8217;emporte. Avec 51% de recherches, la premi\u00e8re destination fran\u00e7aise de ce classement pour 2026 est la Savoie. Ce\u00a0d\u00e9partement situ\u00e9 en Auvergne-Rh\u00f4ne-Alpes est le second plus montagneux de France et son charme n&rsquo;est plus \u00e0 prouver. Les amateurs de ski s&rsquo;y pressent d&rsquo;ailleurs chaque ann\u00e9e dans des stations r\u00e9put\u00e9es comme Les Arcs, Val Thorens, Tignes, Courchevel ou encore M\u00e9ribel&#8230;\u00a0<\/p>\n<p>La Savoie, au-del\u00e0 de ses stations de ski, regorge de lieux d&rsquo;int\u00e9r\u00eat. On y d\u00e9couvre par exemple\u00a0le Lac du Bourget, le plus grand lac naturel de France class\u00e9\u00a0r\u00e9serve de biosph\u00e8re par l&rsquo;UNESCO\u00a0ou le Lac d&rsquo;Aiguebelette pour ses eaux claires. On peut aussi se rendre au Parc National de la Vanoise et le Massif des Bauges qui offrent de superbes possibilit\u00e9s de randonn\u00e9es. C\u00f4t\u00e9 villes, un crochet par\u00a0Chamb\u00e9ry, la\u00a0cit\u00e9 des ducs, s&rsquo;impose. On y visite\u00a0son ch\u00e2teau, la Fontaine des \u00c9l\u00e9phants et ses mus\u00e9es.\u00a0Mais ne manquez pas non plus la cit\u00e9 m\u00e9di\u00e9vale de Conflans \u00e0 Albertville ou l&rsquo;authenticit\u00e9 des villages de Bonneval-sur-Arc et Chanaz.<\/p>\n<\/p><\/div>\n<p>[ad_2]<br \/>\n<br \/><a href=\"https:\/\/www.journaldesfemmes.fr\/loisirs\/voyages\/3244162-c-est-la-destination-francaise-la-plus-recherchee-pour-2026\/\">Source link <\/a><\/p>\n","protected":false},"excerpt":{"rendered":"<p>[ad_1] Alors qu&rsquo;on se dirige tout doucement vers la fin de l&rsquo;ann\u00e9e, o\u00f9 sont attendus les voyageurs en 2026\u00a0? Une &hellip; <a href=\"https:\/\/www.affinite.fr\/index.php\/2025\/10\/15\/cest-la-destination-francaise-la-plus-recherchee-pour-2026-son-charme-nest-plus-a-prouver\/\" class=\"more-link\">Plus <span class=\"screen-reader-text\">C&rsquo;est la destination fran\u00e7aise la plus recherch\u00e9e pour 2026\u00a0&#8211; son charme n&rsquo;est plus \u00e0 prouver<\/span> <span class=\"meta-nav\">&rarr;<\/span><\/a><\/p>\n","protected":false},"author":1,"featured_media":12282,"comment_status":"","ping_status":"open","sticky":false,"template":"","format":"standard","meta":{"_sitemap_exclude":false,"_sitemap_priority":"","_sitemap_frequency":"","footnotes":""},"categories":[1],"tags":[],"class_list":["post-12281","post","type-post","status-publish","format-standard","has-post-thumbnail","hentry","category-tous"],"_links":{"self":[{"href":"https:\/\/www.affinite.fr\/index.php\/wp-json\/wp\/v2\/posts\/12281"}],"collection":[{"href":"https:\/\/www.affinite.fr\/index.php\/wp-json\/wp\/v2\/posts"}],"about":[{"href":"https:\/\/www.affinite.fr\/index.php\/wp-json\/wp\/v2\/types\/post"}],"author":[{"embeddable":true,"href":"https:\/\/www.affinite.fr\/index.php\/wp-json\/wp\/v2\/users\/1"}],"replies":[{"embeddable":true,"href":"https:\/\/www.affinite.fr\/index.php\/wp-json\/wp\/v2\/comments?post=12281"}],"version-history":[{"count":0,"href":"https:\/\/www.affinite.fr\/index.php\/wp-json\/wp\/v2\/posts\/12281\/revisions"}],"wp:featuredmedia":[{"embeddable":true,"href":"https:\/\/www.affinite.fr\/index.php\/wp-json\/wp\/v2\/media\/12282"}],"wp:attachment":[{"href":"https:\/\/www.affinite.fr\/index.php\/wp-json\/wp\/v2\/media?parent=12281"}],"wp:term":[{"taxonomy":"category","embeddable":true,"href":"https:\/\/www.affinite.fr\/index.php\/wp-json\/wp\/v2\/categories?post=12281"},{"taxonomy":"post_tag","embeddable":true,"href":"https:\/\/www.affinite.fr\/index.php\/wp-json\/wp\/v2\/tags?post=12281"}],"curies":[{"name":"wp","href":"https:\/\/api.w.org\/{rel}","templated":true}]}}