{"id":12195,"date":"2025-09-27T14:34:54","date_gmt":"2025-09-27T14:34:54","guid":{"rendered":"http:\/\/www.affinite.fr\/index.php\/2025\/09\/27\/en-catalogne-une-villa-brutaliste-qui-fusionne-avec-la-nature-3\/"},"modified":"2025-09-27T14:34:54","modified_gmt":"2025-09-27T14:34:54","slug":"en-catalogne-une-villa-brutaliste-qui-fusionne-avec-la-nature-3","status":"publish","type":"post","link":"https:\/\/www.affinite.fr\/index.php\/2025\/09\/27\/en-catalogne-une-villa-brutaliste-qui-fusionne-avec-la-nature-3\/","title":{"rendered":"En Catalogne, une villa brutaliste qui fusionne avec la nature"},"content":{"rendered":"<p> [ad_1]<br \/>\n<br \/><img decoding=\"async\" src=\"https:\/\/maison.com\/images\/medias\/000\/054\/000054932\/200.jpg\" \/><\/p>\n<div itemprop=\"articleBody\">\n<p>\n  <strong>Une esth\u00e9tique historique<\/strong>\n<\/p>\n<p>\n  La maison est n\u00e9e dans les seventies, sur le terrain fertile de <strong>l\u2019architecture moderniste et de l\u2019 \u00ab\u00a0Arte Povera\u00a0\u00bb<\/strong> et met en \u00e9vidence l\u2019esth\u00e9tique de la structure en acier et de la mati\u00e8re brute o\u00f9 le b\u00e9ton est roi. Comme pour la peinture des impressionnistes, <strong>le terme d\u2019architecture brutaliste a d\u2019abord \u00e9t\u00e9 utilis\u00e9 de fa\u00e7on n\u00e9gative.<\/strong> Mais des architectes comme <strong>Le Corbusier et Oscar Niemeyer,<\/strong> en b\u00e2tissant \u00ab\u00a0pauvre\u00a0\u00bb souvent pour des raisons \u00e9conomiques, ont r\u00e9ussi \u00e0 sublimer sa pr\u00e9sence faite de d\u00e9pouillement.\n<\/p>\n<p>\n  <strong>Une structure autant qu\u2019une forme<\/strong>\n<\/p>\n<p>\n  Une <em>\u00ab\u00a0machine \u00e0 habiter\u00a0\u00bb,<\/em> <strong><em>\u00ab\u00a0avec des murs lisses comme des feuilles de t\u00f4le, des fen\u00eatres semblables aux ch\u00e2ssis des usines\u00a0\u00bb<\/em><\/strong><em>\u2026<\/em> mais <em>\u00ab\u00a0pratique comme une machine \u00e0 \u00e9crire\u00a0\u00bb,<\/em> voil\u00e0 comment Le Corbusier aurait pu d\u00e9finir <strong>cette maison, situ\u00e9e \u00e0 l\u2019entr\u00e9e d\u2019un petit village de Catalogne<\/strong> et profitant d\u2019une vue imprenable sur le parc naturel de Sant Lloren\u00e7 de Munt i l\u2019Obac. Sa structure se compose de dalles de b\u00e9ton horizontales et de piliers m\u00e9talliques en forme de H qui permettent de d\u00e9cloisonner les espaces. Ses <strong>fa\u00e7ades transparentes, de mur \u00e0 mur, gomment les limites entre l\u2019int\u00e9rieur et l\u2019ext\u00e9rieur<\/strong> et s\u2019ouvrent sur des points de vue particuliers du paysage volcanique.\n<\/p>\n<p>\n  <strong>Des murs en verre<\/strong>\n<\/p>\n<p>\n  Au rez-de-chauss\u00e9e, les <strong>baies coulissantes \u00e0 levage en aluminium Galene de Technal,<\/strong> offrant une isolation et une s\u00e9curit\u00e9 optimales, ont \u00e9t\u00e9 choisies pour habiller le salon en angle et en double hauteur. D\u2019un c\u00f4t\u00e9, elles s\u2019ouvrent sur une longueur de 12 m\u00e8tres et de l\u2019autre sur 9 m\u00e8tres de long, d\u00e9ployant une <strong>vue \u00e0 360\u00b0 sur l\u2019ext\u00e9rieur et inondant la maison de lumi\u00e8re naturelle.<\/strong> A l\u2019\u00e9tage, les baies coulissantes Soleal de Technal pr\u00e9sentent une isolation aux performances accrues et une esth\u00e9tique \u00e9pur\u00e9e en accord avec le <strong>b\u00e2timent d\u00e9pouill\u00e9,<\/strong> am\u00e9nag\u00e9 avec un parti-pris d\u2019\u00e9quipements r\u00e9solument r\u00e9duits \u00e0 l\u2019essentiel. Tandis que l\u2019accent a \u00e9t\u00e9 mis sur le confort des occupants, un couple et deux enfants qui profitent des espaces libres et de l\u2019optimisation du rendement \u00e9nerg\u00e9tique de la maison. \u00a0\u00a0\n<\/p>\n<p>\n  <strong>Contacts :\u00a0<\/strong><br \/>Narch :\u00a0<a href=\"http:\/\/www.narch.eu\/\" target=\"_blank\" rel=\"noopener\">www.narch.eu<\/a><br \/>Technal :\u00a0<a href=\"http:\/\/www.technal.com\/\" target=\"_blank\" rel=\"noopener\">www.technal.com<\/a>\u00a0\n<\/p>\n<\/p><\/div>\n<p><script async defer crossorigin=\"anonymous\" src=\"https:\/\/connect.facebook.net\/fr_FR\/sdk.js#xfbml=1&#038;version=v6.0&#038;appId=252025098257546&#038;autoLogAppEvents=1\"><\/script><br \/>\n<br \/>[ad_2]<br \/>\n<br \/><a href=\"https:\/\/maison.com\/architecture\/demain\/catalogne-villa-brutaliste-fusion-avec-nature-9742\/\">Source link <\/a><\/p>\n","protected":false},"excerpt":{"rendered":"<p>[ad_1] Une esth\u00e9tique historique La maison est n\u00e9e dans les seventies, sur le terrain fertile de l\u2019architecture moderniste et de &hellip; <a href=\"https:\/\/www.affinite.fr\/index.php\/2025\/09\/27\/en-catalogne-une-villa-brutaliste-qui-fusionne-avec-la-nature-3\/\" class=\"more-link\">Plus <span class=\"screen-reader-text\">En Catalogne, une villa brutaliste qui fusionne avec la nature<\/span> <span class=\"meta-nav\">&rarr;<\/span><\/a><\/p>\n","protected":false},"author":1,"featured_media":12196,"comment_status":"","ping_status":"open","sticky":false,"template":"","format":"standard","meta":{"_sitemap_exclude":false,"_sitemap_priority":"","_sitemap_frequency":"","footnotes":""},"categories":[1],"tags":[],"class_list":["post-12195","post","type-post","status-publish","format-standard","has-post-thumbnail","hentry","category-tous"],"_links":{"self":[{"href":"https:\/\/www.affinite.fr\/index.php\/wp-json\/wp\/v2\/posts\/12195"}],"collection":[{"href":"https:\/\/www.affinite.fr\/index.php\/wp-json\/wp\/v2\/posts"}],"about":[{"href":"https:\/\/www.affinite.fr\/index.php\/wp-json\/wp\/v2\/types\/post"}],"author":[{"embeddable":true,"href":"https:\/\/www.affinite.fr\/index.php\/wp-json\/wp\/v2\/users\/1"}],"replies":[{"embeddable":true,"href":"https:\/\/www.affinite.fr\/index.php\/wp-json\/wp\/v2\/comments?post=12195"}],"version-history":[{"count":0,"href":"https:\/\/www.affinite.fr\/index.php\/wp-json\/wp\/v2\/posts\/12195\/revisions"}],"wp:featuredmedia":[{"embeddable":true,"href":"https:\/\/www.affinite.fr\/index.php\/wp-json\/wp\/v2\/media\/12196"}],"wp:attachment":[{"href":"https:\/\/www.affinite.fr\/index.php\/wp-json\/wp\/v2\/media?parent=12195"}],"wp:term":[{"taxonomy":"category","embeddable":true,"href":"https:\/\/www.affinite.fr\/index.php\/wp-json\/wp\/v2\/categories?post=12195"},{"taxonomy":"post_tag","embeddable":true,"href":"https:\/\/www.affinite.fr\/index.php\/wp-json\/wp\/v2\/tags?post=12195"}],"curies":[{"name":"wp","href":"https:\/\/api.w.org\/{rel}","templated":true}]}}