{"id":12084,"date":"2025-09-07T12:04:04","date_gmt":"2025-09-07T12:04:04","guid":{"rendered":"http:\/\/www.affinite.fr\/index.php\/2025\/09\/07\/recette-de-figues-roties-au-four-sans-gluten-ni-lactose\/"},"modified":"2025-09-07T12:04:04","modified_gmt":"2025-09-07T12:04:04","slug":"recette-de-figues-roties-au-four-sans-gluten-ni-lactose","status":"publish","type":"post","link":"https:\/\/www.affinite.fr\/index.php\/2025\/09\/07\/recette-de-figues-roties-au-four-sans-gluten-ni-lactose\/","title":{"rendered":"Recette de figues r\u00f4ties au four sans gluten ni lactose"},"content":{"rendered":"<p> [ad_1]<br \/>\n<\/p>\n<div>\n<p>\n    Quand les figues arrivent sur les \u00e9tals, c\u2019est toujours une petite f\u00eate dans ma cuisine. J\u2019aime leur douceur, leur parfum sucr\u00e9 et leur chair fondante. On peut les d\u00e9guster crues, mais je trouve qu\u2019elles r\u00e9v\u00e8lent encore plus de saveur lorsqu\u2019elles passent au four. Les <strong>figues r\u00f4ties au four<\/strong> font partie de ces desserts qui demandent peu de pr\u00e9paration et qui offrent pourtant un r\u00e9sultat \u00e0 la fois gourmand et raffin\u00e9.\n  <\/p>\n<p>\n    Je me souviens de la premi\u00e8re fois o\u00f9 j\u2019ai test\u00e9 cette recette de figues au four : un soir d\u2019\u00e9t\u00e9, avec un filet de miel et quelques amandes effil\u00e9es. Le parfum qui s\u2019est \u00e9chapp\u00e9 du four \u00e9tait incroyable. Depuis, c\u2019est devenu un classique que je pr\u00e9pare chaque saison. Ce que j\u2019aime dans les <strong>figues r\u00f4ties<\/strong>, c\u2019est leur capacit\u00e9 \u00e0 se transformer : la chaleur concentre leurs ar\u00f4mes et caram\u00e9lise doucement leur jus naturel. Servies ti\u00e8des, elles accompagnent parfaitement une boule de glace comme ma<br \/><a href=\"https:\/\/cuisine-saine.fr\/dessert\/recette-bio-et-vegetalienne-glace-a-la-figue\/\" target=\"_blank\" rel=\"noopener\">glace \u00e0 la figue<\/a>, ou encore un <a href=\"https:\/\/cuisine-saine.fr\/recette-sans-lait\/yaourt-vegetal-au-lait-de-coco\/\">yaourt v\u00e9g\u00e9tal bien frais<\/a>.\n  <\/p>\n<p>\n    Les <strong>figues r\u00f4ties au four<\/strong> se marient avec de nombreux ingr\u00e9dients. J\u2019aime les associer \u00e0 des notes sal\u00e9es, comme dans cette recette de <a href=\"https:\/\/cuisine-saine.fr\/recette-bio\/recette-bio-figues-au-miel-et-parmesan\/\" target=\"_blank\" rel=\"noopener\">figues au miel et parmesan<\/a>, o\u00f9 le contraste sucr\u00e9-sal\u00e9 est tout simplement irr\u00e9sistible. Pour rester dans le sucr\u00e9, vous pouvez aussi explorer mes recettes de bocaux, comme la <a href=\"https:\/\/cuisine-saine.fr\/recettes-bocaux\/confiture-de-figues-legere-en-sucre\/\" target=\"_blank\" rel=\"noopener\">confiture de figues l\u00e9g\u00e8re en sucre<\/a>, parfaite pour prolonger la saison.\n  <\/p>\n<p>\n    Ce que je trouve pratique avec cette <strong>recette de figues au four<\/strong>, c\u2019est qu\u2019elle s\u2019adapte \u00e0 toutes les occasions : dessert de derni\u00e8re minute, brunch gourmand ou petit plaisir du soir. Vous pouvez les pr\u00e9parer natures, simplement r\u00f4ties, ou les enrichir d\u2019\u00e9pices comme la cannelle ou la vanille pour encore plus de caract\u00e8re. C\u2019est une recette rapide, sans gluten ni lactose, que vous pouvez partager en famille ou entre amis. Et croyez-moi, quand vous servirez ces figues r\u00f4ties au four encore ti\u00e8des, napp\u00e9es de leur jus caram\u00e9lis\u00e9, vous verrez les regards s\u2019illuminer autour de la table !\n  <\/p>\n<\/div>\n<div id=\"attachment_119072\" style=\"width: 1034px\"><img loading=\"lazy\" decoding=\"async\" aria-describedby=\"caption-attachment-119072\" alt=\"Recette de figues r\u00f4ties au four sans gluten ni lactose\" width=\"1024\" height=\"1536\" itemprop=\"image\" src=\"https:\/\/cuisine-saine.fr\/wp-content\/uploads\/2025\/09\/figure-roti-au-four.jpg\"\/><noscript><img loading=\"lazy\" decoding=\"async\" aria-describedby=\"caption-attachment-119072\" src=\"https:\/\/cuisine-saine.fr\/wp-content\/uploads\/2025\/09\/figure-roti-au-four.jpg\" alt=\"Recette de figues r\u00f4ties au four sans gluten ni lactose\" width=\"1024\" height=\"1536\" itemprop=\"image\"\/><\/noscript><\/p>\n<p id=\"caption-attachment-119072\" class=\"wp-caption-text\">Recette de figues r\u00f4ties au four sans gluten ni lactose<\/p>\n<\/div>\n<div>\n<p>\n    J\u2019aime la simplicit\u00e9 des <strong>figues r\u00f4ties au four<\/strong>. Elles demandent peu, donnent beaucoup. La chaleur concentre les ar\u00f4mes, le jus devient sirupeux, la chair reste fondante. Vous obtenez un dessert express, \u00e9l\u00e9gant, sans gluten ni lactose, que vous adaptez selon l\u2019humeur. Un soir de semaine ? Une figue au four, un filet d\u2019\u00e9rable et quelques amandes font merveille. Un d\u00eener entre amis ? Multipliez les parfums, dressez joliment, servez ti\u00e8de. <strong>L\u2019effet est imm\u00e9diat et s\u00e9duit toujours<\/strong>.\n  <\/p>\n<p>\n    Cette recette se pr\u00eate \u00e0 de nombreuses variations. Agrumes, vanille, cannelle douce, thym citron, romarin fin\u2026 Chaque touche apporte une nuance. J\u2019appr\u00e9cie aussi la version sucr\u00e9\u2013sal\u00e9 : elles s\u2019accordent avec une lichette de cr\u00e8me de balsamique, un trait d\u2019huile d\u2019olive, quelques \u00e9clats de pistache. <strong>Le contraste entre le sucr\u00e9 naturel et la touche sal\u00e9e<\/strong> donne une dimension surprenante. C\u2019est simple, direct, efficace.\n  <\/p>\n<p>\n    C\u00f4t\u00e9 service, pensez textures. Un laitage v\u00e9g\u00e9tal bien froid, une boule de sorbet, des graines torr\u00e9fi\u00e9es. Les figues r\u00f4ties aiment le croquant et la fra\u00eecheur. Vous pouvez aussi les glisser sur une tartine sans gluten grill\u00e9e. En brunch, c\u2019est un r\u00e9gal. En dessert, c\u2019est l\u00e9ger et satisfaisant. Et si vous aimez prolonger la saison, gardez l\u2019id\u00e9e en t\u00eate : la m\u00eame base fonctionne avec poires, prunes, abricots. <strong>C\u2019est une m\u00e9thode que vous pouvez r\u00e9utiliser toute l\u2019ann\u00e9e<\/strong>.\n  <\/p>\n<p>\n    Pour aller plus loin, explorez d\u2019autres pr\u00e9parations autour du fruit : une figue r\u00f4tie au four avec zeste d\u2019orange et poivre de Timut, une assiette napp\u00e9e d\u2019un coulis minute, ou encore un plat familial o\u00f9 elles accompagnent un g\u00e2teau simple, type g\u00e9noise sans gluten. <strong>Chaque d\u00e9clinaison met en valeur la douceur naturelle du fruit<\/strong>.\n  <\/p>\n<p>\n    En r\u00e9sum\u00e9, ces figues r\u00f4ties au four sont un atout pour votre table : rapides, modulables, toujours s\u00e9duisantes. Essayez, ajustez, appropriez-vous la m\u00e9thode. Vous verrez, cette recette deviendra vite un classique, \u00e0 r\u00e9p\u00e9ter d\u00e8s que les fruits m\u00fbrs vous font de l\u2019\u0153il. <strong>Un petit plaisir simple, mais inoubliable<\/strong>.\n  <\/p>\n<\/div>\n<p>[ad_2]<br \/>\n<br \/><a href=\"https:\/\/cuisine-saine.fr\/recette-sans-gluten-ni-lait\/figues-roties-au-four\/\">Source link <\/a><\/p>\n","protected":false},"excerpt":{"rendered":"<p>[ad_1] Quand les figues arrivent sur les \u00e9tals, c\u2019est toujours une petite f\u00eate dans ma cuisine. J\u2019aime leur douceur, leur &hellip; <a href=\"https:\/\/www.affinite.fr\/index.php\/2025\/09\/07\/recette-de-figues-roties-au-four-sans-gluten-ni-lactose\/\" class=\"more-link\">Plus <span class=\"screen-reader-text\">Recette de figues r\u00f4ties au four sans gluten ni lactose<\/span> <span class=\"meta-nav\">&rarr;<\/span><\/a><\/p>\n","protected":false},"author":1,"featured_media":12085,"comment_status":"","ping_status":"open","sticky":false,"template":"","format":"standard","meta":{"_sitemap_exclude":false,"_sitemap_priority":"","_sitemap_frequency":"","footnotes":""},"categories":[1],"tags":[],"class_list":["post-12084","post","type-post","status-publish","format-standard","has-post-thumbnail","hentry","category-tous"],"_links":{"self":[{"href":"https:\/\/www.affinite.fr\/index.php\/wp-json\/wp\/v2\/posts\/12084"}],"collection":[{"href":"https:\/\/www.affinite.fr\/index.php\/wp-json\/wp\/v2\/posts"}],"about":[{"href":"https:\/\/www.affinite.fr\/index.php\/wp-json\/wp\/v2\/types\/post"}],"author":[{"embeddable":true,"href":"https:\/\/www.affinite.fr\/index.php\/wp-json\/wp\/v2\/users\/1"}],"replies":[{"embeddable":true,"href":"https:\/\/www.affinite.fr\/index.php\/wp-json\/wp\/v2\/comments?post=12084"}],"version-history":[{"count":0,"href":"https:\/\/www.affinite.fr\/index.php\/wp-json\/wp\/v2\/posts\/12084\/revisions"}],"wp:featuredmedia":[{"embeddable":true,"href":"https:\/\/www.affinite.fr\/index.php\/wp-json\/wp\/v2\/media\/12085"}],"wp:attachment":[{"href":"https:\/\/www.affinite.fr\/index.php\/wp-json\/wp\/v2\/media?parent=12084"}],"wp:term":[{"taxonomy":"category","embeddable":true,"href":"https:\/\/www.affinite.fr\/index.php\/wp-json\/wp\/v2\/categories?post=12084"},{"taxonomy":"post_tag","embeddable":true,"href":"https:\/\/www.affinite.fr\/index.php\/wp-json\/wp\/v2\/tags?post=12084"}],"curies":[{"name":"wp","href":"https:\/\/api.w.org\/{rel}","templated":true}]}}