{"id":12022,"date":"2025-08-27T19:39:52","date_gmt":"2025-08-27T19:39:52","guid":{"rendered":"https:\/\/www.affinite.fr\/index.php\/2025\/08\/27\/faire-le-plein-de-lumiere-dans-cette-salle-a-manger-trop-sombre\/"},"modified":"2025-08-27T19:39:52","modified_gmt":"2025-08-27T19:39:52","slug":"faire-le-plein-de-lumiere-dans-cette-salle-a-manger-trop-sombre","status":"publish","type":"post","link":"https:\/\/www.affinite.fr\/index.php\/2025\/08\/27\/faire-le-plein-de-lumiere-dans-cette-salle-a-manger-trop-sombre\/","title":{"rendered":"faire le plein de lumi\u00e8re dans cette salle \u00e0 manger trop sombre"},"content":{"rendered":"<p> [ad_1]<br \/>\n<\/p>\n<p>\n                Au d\u00e9part, cet espace de vie manquait cruellement de convivialit\u00e9, dommage pour une salle \u00e0 manger. Mais vous allez voir qu&rsquo;avec un peu d&rsquo;id\u00e9e et l&rsquo;installation d&rsquo;un \u00e9l\u00e9ment phare, tout a chang\u00e9. Que la lumi\u00e8re soit\u00a0!            <\/p>\n<div>\n<p>Au rez-de-chauss\u00e9e de cette maison de ville, l&rsquo;espace d\u00e9di\u00e9 aux repas plaisait \u00e0 ses propri\u00e9taires : surface agr\u00e9able, vaisselier mural, \u00e9tag\u00e8re pour mettre en valeur une belle collection de\u00a0magazines de cuisine, coin lecture au bout de la pi\u00e8ce pour s&rsquo;en d\u00e9lecter et surtout une ancienne table en bois entour\u00e9e de quatre chaises pour d\u00e9guster de bons petits plats. Tous les ingr\u00e9dients\u00a0semblaient \u00eatre r\u00e9unis pour appr\u00e9cier de bons moments\u00a0en famille ici, comme entre amis&#8230; \u00e0 un d\u00e9tail pr\u00e8s, la lumi\u00e8re.\u00a0<\/p>\n<p>Eh oui, la luminosit\u00e9 faisait figure de grande absente et n&rsquo;avait, selon toute vraisemblance, pas \u00e9t\u00e9 invit\u00e9e \u00e0 s&rsquo;attabler. Alors oui, deux fen\u00eatres diffusaient quelques rayons bienvenus, mais, au quotidien, cela\u00a0ne suffisait pas ! Afin\u00a0d&rsquo;y voir plus clair, les heureux propri\u00e9taires des lieux se sont rendus chez\u00a0VELUX\u00ae et bien leur en a pris.\u00a0<\/p>\n<div style=\"text-align:center\">\n<figure class=\"image\" style=\"display:inline-block\"><a class=\"fancy\" href=\"https:\/\/img-3.journaldesfemmes.fr\/ZSXl8VuQi9sSp6LFHM6a5AC977Y=\/1080x\/smart\/6e94b0d1fb71435bb22c6b6e04275b59\/ccmcms-jdf\/40043358.jpg\"><img decoding=\"async\" alt=\"salle-a-manger-apres-travaux\" src=\"https:\/\/img-3.journaldesfemmes.fr\/ZSXl8VuQi9sSp6LFHM6a5AC977Y=\/1080x\/smart\/6e94b0d1fb71435bb22c6b6e04275b59\/ccmcms-jdf\/40043358.jpg\"\/><\/a><figcaption data-credit=\"VELUX\u00ae\"><small>\u00a9\u00a0VELUX\u00ae<\/small><\/figcaption><\/figure>\n<\/div>\n<p>Une fois leur d\u00e9volu jet\u00e9 sur la verri\u00e8re 3en1, l&rsquo;un des produits phares de la marque, elle a \u00e9t\u00e9 pos\u00e9e dans les r\u00e8gles de l&rsquo;art et la lumi\u00e8re fut enfin ! Innovant, ce mod\u00e8le regroupe trois fen\u00eatres dans un seul cadre, de quoi maximiser l&rsquo;apport de lumi\u00e8re naturelle tout en ouvrant la vue sur l&rsquo;ext\u00e9rieur. R\u00e9sultat\u00a0: une pi\u00e8ce transform\u00e9e, baign\u00e9e de clart\u00e9 et visuellement agrandie, rien que \u00e7a !\u00a0<\/p>\n<p data-end=\"693\" data-start=\"391\">Au-del\u00e0 de l&rsquo;esth\u00e9tique, l&rsquo;avantage est aussi \u00e9conomique, puisque la verri\u00e8re 3en1\u00a0revient moins cher que l&rsquo;installation de trois fen\u00eatres de toit s\u00e9par\u00e9es de taille \u00e9quivalente. Elle s&rsquo;impose ainsi comme une solution accessible pour ceux qui souhaitent moderniser leur int\u00e9rieur sans exploser le budget.\u00a0Pens\u00e9e pour les espaces d&rsquo;au moins 15\u00a0m\u00b2, cette\u00a0verri\u00e8re s&rsquo;adapte \u00e0 des pentes de toit comprises entre 15\u00b0 et 90\u00b0 (ou 15\u00b0 \u00e0 55\u00b0 pour la version \u00e0 projection). On peut dire sans rougir que cet\u00a0apport de lumi\u00e8re fait toute la diff\u00e9rence au moment de passer \u00e0 table et de d\u00e9vorer une recette savamment pr\u00e9par\u00e9e.<\/p>\n<\/p><\/div>\n<p>[ad_2]<br \/>\n<br \/><a href=\"https:\/\/deco.journaldesfemmes.fr\/reportages-deco-et-visites-privees\/3238516-avant-apres-faire-le-plein-de-lumiere-dans-cette-salle-a-manger-trop-sombre-pour-en-profiter-pleinement\/\">Source link <\/a><\/p>\n","protected":false},"excerpt":{"rendered":"<p>[ad_1] Au d\u00e9part, cet espace de vie manquait cruellement de convivialit\u00e9, dommage pour une salle \u00e0 manger. Mais vous allez &hellip; <a href=\"https:\/\/www.affinite.fr\/index.php\/2025\/08\/27\/faire-le-plein-de-lumiere-dans-cette-salle-a-manger-trop-sombre\/\" class=\"more-link\">Plus <span class=\"screen-reader-text\">faire le plein de lumi\u00e8re dans cette salle \u00e0 manger trop sombre<\/span> <span class=\"meta-nav\">&rarr;<\/span><\/a><\/p>\n","protected":false},"author":1,"featured_media":12023,"comment_status":"","ping_status":"open","sticky":false,"template":"","format":"standard","meta":{"_sitemap_exclude":false,"_sitemap_priority":"","_sitemap_frequency":"","footnotes":""},"categories":[1],"tags":[],"class_list":["post-12022","post","type-post","status-publish","format-standard","has-post-thumbnail","hentry","category-tous"],"_links":{"self":[{"href":"https:\/\/www.affinite.fr\/index.php\/wp-json\/wp\/v2\/posts\/12022"}],"collection":[{"href":"https:\/\/www.affinite.fr\/index.php\/wp-json\/wp\/v2\/posts"}],"about":[{"href":"https:\/\/www.affinite.fr\/index.php\/wp-json\/wp\/v2\/types\/post"}],"author":[{"embeddable":true,"href":"https:\/\/www.affinite.fr\/index.php\/wp-json\/wp\/v2\/users\/1"}],"replies":[{"embeddable":true,"href":"https:\/\/www.affinite.fr\/index.php\/wp-json\/wp\/v2\/comments?post=12022"}],"version-history":[{"count":0,"href":"https:\/\/www.affinite.fr\/index.php\/wp-json\/wp\/v2\/posts\/12022\/revisions"}],"wp:featuredmedia":[{"embeddable":true,"href":"https:\/\/www.affinite.fr\/index.php\/wp-json\/wp\/v2\/media\/12023"}],"wp:attachment":[{"href":"https:\/\/www.affinite.fr\/index.php\/wp-json\/wp\/v2\/media?parent=12022"}],"wp:term":[{"taxonomy":"category","embeddable":true,"href":"https:\/\/www.affinite.fr\/index.php\/wp-json\/wp\/v2\/categories?post=12022"},{"taxonomy":"post_tag","embeddable":true,"href":"https:\/\/www.affinite.fr\/index.php\/wp-json\/wp\/v2\/tags?post=12022"}],"curies":[{"name":"wp","href":"https:\/\/api.w.org\/{rel}","templated":true}]}}