{"id":12012,"date":"2025-08-25T19:34:42","date_gmt":"2025-08-25T19:34:42","guid":{"rendered":"https:\/\/www.affinite.fr\/index.php\/2025\/08\/25\/mon-enfant-nest-toujours-pas-propre-pour-sa-rentree-en-maternelle-qui-va-lui-changer-sa-couche\/"},"modified":"2025-08-25T19:34:42","modified_gmt":"2025-08-25T19:34:42","slug":"mon-enfant-nest-toujours-pas-propre-pour-sa-rentree-en-maternelle-qui-va-lui-changer-sa-couche","status":"publish","type":"post","link":"https:\/\/www.affinite.fr\/index.php\/2025\/08\/25\/mon-enfant-nest-toujours-pas-propre-pour-sa-rentree-en-maternelle-qui-va-lui-changer-sa-couche\/","title":{"rendered":"Mon enfant n&rsquo;est toujours pas propre pour sa rentr\u00e9e en maternelle, qui va lui changer sa couche\u00a0?"},"content":{"rendered":"<p> [ad_1]<br \/>\n<br \/><img decoding=\"async\" src=\"https:\/\/img-3.journaldesfemmes.fr\/UmTlYsVaCvvD51POn-oe7smhxPE=\/1280x\/smart\/271a4e14165b4e60b28c2b2ebf0b2a19\/ccmcms-jdf\/40043958.jpg\" \/><\/p>\n<p>\n                La rentr\u00e9e en maternelle de votre enfant approche \u00e0 grands pas et vous paniquez parce qu&rsquo;il n&rsquo;est pas encore \u00ab\u00a0propre\u00a0\u00bb. Nos conseils.            <\/p>\n<div>\n<aside class=\"ccmsummary marqueur_module ccmcss_cms_summary ccmcss_cms_summary--right\">\n<p>Sommaire<\/p>\n<\/aside>\n<p>En France, l&rsquo;\u00e9cole est obligatoire d\u00e8s l&rsquo;\u00e2ge de trois ans. L&rsquo;enfant peut \u00eatre scolaris\u00e9 dans un \u00e9tablissement public ou priv\u00e9. Mais, <strong>que faire quand il n&rsquo;est pas encore compl\u00e8tement continent pour sa rentr\u00e9e \u00e0 l&rsquo;\u00e9cole maternelle\u00a0? <\/strong>R\u00e9ponses et conseils d&rsquo;H\u00e9lo\u00efse Junier, psychologue sp\u00e9cialiste du jeune enfant, auteure du Manuel de survie des parents (\u00c9d. Eyrolles).\u00a0<\/p>\n<h2 id=\"lecole-peut-elle-refuser-un-enfant-pas-propreque-dit-la-loi\">L&rsquo;\u00e9cole peut-elle refuser un enfant pas propre\u00a0?\u00a0Que dit la loi\u00a0?<\/h2>\n<p>Selon l&rsquo;<a href=\"https:\/\/www.legifrance.gouv.fr\/codes\/article_lc\/LEGIARTI000006524384\/2005-04-24\" target=\"_blank\" rel=\"noopener\">article L113-1<\/a>\u00a0du code de l&rsquo;\u00e9ducation, <em><strong>\u00ab\u00a0tout enfant doit pouvoir \u00eatre accueilli, \u00e0 l&rsquo;\u00e2ge de trois ans<\/strong>, dans une \u00e9cole maternelle ou une classe enfantine le plus pr\u00e8s possible de son domicile, si sa famille en fait la demande\u00a0\u00bb<\/em>. Autrement dit,<strong> l&rsquo;entr\u00e9e en maternelle n&rsquo;est pas conditionn\u00e9e \u00e0 la propret\u00e9 de l&rsquo;enfant.\u00a0<\/strong>C&rsquo;est ce qu&rsquo;avait affirm\u00e9\u00a0Jean-Michel Blanquer, alors ministre de l&rsquo;\u00c9ducation, suite \u00e0 une question pos\u00e9e par le\u00a0s\u00e9nateur d&rsquo;Indre-et-Loire Serge Babary. Sa r\u00e9ponse avait \u00e9t\u00e9 publi\u00e9e dans le JO S\u00e9nat du 16\/01\/2020\u00a0: <em><strong>\u00ab\u00a0L&rsquo;\u00e9ducation \u00e0 la \u00ab\u00a0propret\u00e9\u00a0\u00bb se fait conjointement \u00e0 l&rsquo;\u00e9cole et dans la famille. <\/strong>Son acquisition ne peut en aucun cas \u00eatre une condition qui emp\u00eache l&rsquo;inscription et la fr\u00e9quentation de l&rsquo;enfant \u00e0 l&rsquo;\u00e9cole.\u00a0L&rsquo;ATSEM et l&rsquo;enseignant sont appel\u00e9s \u00e0 effectuer les gestes d&rsquo;hygi\u00e8ne n\u00e9cessaires pour conduire l&rsquo;enfant \u00e0 franchir cette \u00e9tape, dans le respect de sa maturation et de son intimit\u00e9\u00a0\u00bb.\u00a0<\/em><\/p>\n<h2 id=\"qui-change-les-couches-en-maternelle\">Qui change les couches en maternelle\u00a0?\u00a0<\/h2>\n<p>Ce sont <strong>des agents territoriaux sp\u00e9cialis\u00e9s des <a href=\"https:\/\/www.journaldesfemmes.fr\/maman\/guide-des-parents\/1032293-maternelle-rentree-2022\/\" title=\"\u00e9cole maternelle\">\u00e9coles maternelles<\/a> (ATSEM) <\/strong>qui changent les couches en maternelle. Ces personnes ont pour r\u00f4le d&rsquo;assister l&rsquo;enseignant(e) dans ses missions du quotidien telles que l&rsquo;accueil, la surveillance et l&rsquo;encadrement des \u00e9l\u00e8ves.\u00a0<\/p>\n<h2 id=\"ne-pas-precipiter-les-choses-ni-se-mettre-la-pression\">Ne pas pr\u00e9cipiter les choses, ni se mettre la pression<\/h2>\n<p><strong>L&rsquo;<a href=\"https:\/\/www.journaldesfemmes.fr\/maman\/guide-bebe\/2604759-acquisition-de-la-proprete-a-quel-age-commencer-le-pot\/\" title=\"Propret\u00e9 enfant\">acquisition de la propret\u00e9<\/a><\/strong> est une grande \u00e9tape dans le d\u00e9veloppement de l&rsquo;enfant. Pourtant, il serait contre-productif de vouloir pr\u00e9cipiter les choses. En tant que psychologue de la petite enfance,\u00a0H\u00e9lo\u00efse Junier constate que<strong> la pression parentale augmente l&rsquo;\u00e9t\u00e9 et m\u00eame d\u00e8s le mois d&rsquo;avril.<\/strong>\u00a0<em>\u00ab\u00a0Il est important que les parents s&rsquo;enl\u00e8vent cette pression. L&rsquo;acquisition de la continence n&rsquo;est pas lin\u00e9aire, elle peut prendre du temps ou aller tr\u00e8s vite. <strong>Parfois, une ou deux semaines d&rsquo;observation des autres et de mim\u00e9tisme suffisent pour donner l&rsquo;envie \u00e0 l&rsquo;enfant d&rsquo;aller aux toilettes<\/strong>\u00ab\u00a0,<\/em> rassure la sp\u00e9cialiste.\u00a0D&rsquo;ailleurs, le terme de propret\u00e9 n&rsquo;est, selon elle, pas adapt\u00e9 car il sous-entend que l&rsquo;enfant n&rsquo;est pas propre, il est pr\u00e9f\u00e9rable de parler de continence. \u00ab\u00a0Il ne faut pas que le parent ait une image n\u00e9gative de son enfant qui serait sale. Plus le parent mettra la pression \u00e0 l&rsquo;enfant, plus celui-ci risque de rejeter le pot et de souffrir de constipation\u00a0\u00bb, pr\u00e9vient la psychologue sp\u00e9cialiste du jeune enfant.<\/p>\n<p><em>\u00ab\u00a0Si l&rsquo;enfant ne montre aucun int\u00e9r\u00eat pour la continence,<strong> les parents peuvent commencer \u00e0 \u00e9veiller sa curiosit\u00e9<\/strong> en lui lisant des livres, en laissant la porte des toilettes ouverte, en lui proposant des jeux sur la question, en parlant\u2026 Certains parents customisent les toilettes ou le lieu o\u00f9 l&rsquo;enfant va aux toilettes pour rendre le lieu magique et f\u00e9\u00e9rique<\/em>\u00ab\u00a0, conseille H\u00e9lo\u00efse Junier.\u00a0Pour que l&rsquo;apprentissage de la continence fonctionne,<strong> il est indispensable que l&rsquo;enfant se montre un minimum volontaire.<\/strong> \u00ab\u00a0<em>C&rsquo;est lorsqu&rsquo;il\u00a0commence \u00e0 identifier ses signaux internes (envie de faire pipi ou caca) qu&rsquo;il est int\u00e9ressant de proposer \u00e0 l&rsquo;enfant de retirer sa\u00a0couche<\/em>\u00ab\u00a0, d\u00e9taille la psychologue.\u00a0<\/p>\n<p>Autre astuce pour familiariser l&rsquo;enfant avec le pot, le transporter partout avec soi pendant les vacances\u00a0: sur le v\u00e9lo, \u00e0 la plage, comme si le pot faisait partie de la famille. D\u00e8s que l&rsquo;enfant manifestera des signaux d&rsquo;envie d&rsquo;aller aux toilettes, on d\u00e9gainera le pot. En cas d&rsquo;accident, le parent ne doit pas humilier l&rsquo;enfant, lui crier dessus ni le violenter.\u00a0<\/p>\n<p>Merci \u00e0 H\u00e9lo\u00efse Junier, psychologue sp\u00e9cialiste du jeune enfant, auteure du Manuel de survie des parents (\u00c9d. Eyrolles).<\/p>\n<p><lt-toolbar contenteditable=\"false\" data-lt-adjust-appearance=\"true\" data-lt-force-appearance=\"light\" style=\"display: none;\"><lt-div class=\"lt-toolbar__wrapper\" style=\"left: 974px; position: absolute !important; top: 104px !important; bottom: auto !important; z-index: 1; opacity: 1 !important; pointer-events: all !important;\"><lt-div class=\"lt-toolbar__status-icon lt-toolbar__status-icon--has-no-errors\" title=\"\"\/><lt-div class=\"lt-toolbar__premium-icon-dot\"\/><\/lt-div><\/lt-toolbar><\/p><\/div>\n<p>[ad_2]<br \/>\n<br \/><a href=\"https:\/\/www.journaldesfemmes.fr\/maman\/guide-des-parents\/2935017-enfant-pas-propre-rentree-en-maternelle-peut-il-etre-refuse\/\">Source link <\/a><\/p>\n","protected":false},"excerpt":{"rendered":"<p>[ad_1] La rentr\u00e9e en maternelle de votre enfant approche \u00e0 grands pas et vous paniquez parce qu&rsquo;il n&rsquo;est pas encore &hellip; <a href=\"https:\/\/www.affinite.fr\/index.php\/2025\/08\/25\/mon-enfant-nest-toujours-pas-propre-pour-sa-rentree-en-maternelle-qui-va-lui-changer-sa-couche\/\" class=\"more-link\">Plus <span class=\"screen-reader-text\">Mon enfant n&rsquo;est toujours pas propre pour sa rentr\u00e9e en maternelle, qui va lui changer sa couche\u00a0?<\/span> <span class=\"meta-nav\">&rarr;<\/span><\/a><\/p>\n","protected":false},"author":1,"featured_media":12013,"comment_status":"","ping_status":"open","sticky":false,"template":"","format":"standard","meta":{"_sitemap_exclude":false,"_sitemap_priority":"","_sitemap_frequency":"","footnotes":""},"categories":[1],"tags":[],"class_list":["post-12012","post","type-post","status-publish","format-standard","has-post-thumbnail","hentry","category-tous"],"_links":{"self":[{"href":"https:\/\/www.affinite.fr\/index.php\/wp-json\/wp\/v2\/posts\/12012"}],"collection":[{"href":"https:\/\/www.affinite.fr\/index.php\/wp-json\/wp\/v2\/posts"}],"about":[{"href":"https:\/\/www.affinite.fr\/index.php\/wp-json\/wp\/v2\/types\/post"}],"author":[{"embeddable":true,"href":"https:\/\/www.affinite.fr\/index.php\/wp-json\/wp\/v2\/users\/1"}],"replies":[{"embeddable":true,"href":"https:\/\/www.affinite.fr\/index.php\/wp-json\/wp\/v2\/comments?post=12012"}],"version-history":[{"count":0,"href":"https:\/\/www.affinite.fr\/index.php\/wp-json\/wp\/v2\/posts\/12012\/revisions"}],"wp:featuredmedia":[{"embeddable":true,"href":"https:\/\/www.affinite.fr\/index.php\/wp-json\/wp\/v2\/media\/12013"}],"wp:attachment":[{"href":"https:\/\/www.affinite.fr\/index.php\/wp-json\/wp\/v2\/media?parent=12012"}],"wp:term":[{"taxonomy":"category","embeddable":true,"href":"https:\/\/www.affinite.fr\/index.php\/wp-json\/wp\/v2\/categories?post=12012"},{"taxonomy":"post_tag","embeddable":true,"href":"https:\/\/www.affinite.fr\/index.php\/wp-json\/wp\/v2\/tags?post=12012"}],"curies":[{"name":"wp","href":"https:\/\/api.w.org\/{rel}","templated":true}]}}