{"id":11998,"date":"2025-08-22T19:28:49","date_gmt":"2025-08-22T19:28:49","guid":{"rendered":"https:\/\/www.affinite.fr\/index.php\/2025\/08\/22\/ce-petit-geste-transforme-nimporte-quelle-cuisine-en-piece-deco\/"},"modified":"2025-08-22T19:28:49","modified_gmt":"2025-08-22T19:28:49","slug":"ce-petit-geste-transforme-nimporte-quelle-cuisine-en-piece-deco","status":"publish","type":"post","link":"https:\/\/www.affinite.fr\/index.php\/2025\/08\/22\/ce-petit-geste-transforme-nimporte-quelle-cuisine-en-piece-deco\/","title":{"rendered":"Ce petit geste transforme n&rsquo;importe quelle cuisine en pi\u00e8ce d\u00e9co"},"content":{"rendered":"<p> [ad_1]<br \/>\n<br \/><img decoding=\"async\" src=\"https:\/\/img-3.journaldesfemmes.fr\/gMjUJ2XQsVC8SGU0CkL2KD3ip8c=\/1280x\/smart\/e52e1bb8d85d45a59ed31857104d55f6\/ccmcms-jdf\/40041657.jpg\" \/><\/p>\n<p>\n                Il suffit de pas grand-chose pour donner du style \u00e0 sa cuisine. En quelques coups de pinceau, cette influenceuse lui a offert un relooking incroyable mais vrai.            <\/p>\n<div>\n<p>Vous ne pouvez plus voir votre cuisine en peinture\u00a0? Mais la refaire enti\u00e8rement est un petit budget\u00a0: il faut pr\u00e9voir entre 5 000 \u00e0 10\u00a0000 euros\u00a0et c&rsquo;est sans compter le temps des travaux, o\u00f9 vous ne pouvez plus utiliser cet espace. Heureusement, il y a tout un tas de petits changements moins co\u00fbteux et rapides.<\/p>\n<p>Vous pouvez acheter de nouvelles poign\u00e9es pour les tiroirs ou placards, recouvrir le plan de travail d&rsquo;une autre mati\u00e8re comme une plaque de stratifi\u00e9, du carrelage plat ou du b\u00e9ton cir\u00e9, coller une nouvelle cr\u00e9dence par-dessus l&rsquo;ancienne, modifier l&rsquo;\u00e9vier ou son robinet, installer de nouveaux \u00e9clairages&#8230; Autant de petites modifications faciles \u00e0 r\u00e9aliser, mais qui ne sont pas tr\u00e8s visibles.<\/p>\n<p>En regardant sur Internet, il y a plein d&rsquo;id\u00e9es \u00e0 piocher selon le style de cuisine : classique, fonctionnelle, campagne, design ou ultra moderne. En revanche, il y a des \u00e9l\u00e9ments de la cuisine pas tr\u00e8s design et qui ne collent pas forc\u00e9ment avec le reste de vos meubles. L&rsquo;\u00e9lectrom\u00e9nager, c&rsquo;est indispensable, mais franchement ce n&rsquo;est pas toujours tr\u00e8s joli.<\/p>\n<p>Si on peut trouver certains appareils un peu styl\u00e9s comme la bouilloire ou le grille-pain et encore, c&rsquo;est plus compliqu\u00e9 pour le r\u00e9frig\u00e9rateur, le four ou le lave-vaisselle qui prennent une\u00a0place folle. Il est \u00e9videmment possible de les cacher derri\u00e8re des fa\u00e7ades, mais ce n&rsquo;est pas faisable avec tous les appareils. Alors l&rsquo;influenceuse \u00c8ve de @minireyve a trouv\u00e9 une autre solution beaucoup moins co\u00fbteuse, facile \u00e0 r\u00e9aliser et qui apporte une vraie personnalit\u00e9 \u00e0 sa pi\u00e8ce.<\/p>\n<p>Voici sa brillante id\u00e9e. \u00ab\u00a0<em>Quand ton frigo est devenu tout moche avec le temps, mais qu&rsquo;il fonctionne encore\u00a0: peins-le<\/em> !\u00a0\u00bb, a-t-elle sugg\u00e9r\u00e9 dans un post. Ce n&rsquo;est pas tr\u00e8s compliqu\u00e9, \u00e0 condition de bien tout pr\u00e9parer avant de sortir son pinceau. Elle recommande de poncer pour enlever la pellicule plastique qui recouvre la porte du r\u00e9frig\u00e9rateur. Cela permettra une meilleure accroche. Le choix de la peinture n&rsquo;est pas anodin aussi. Elle a opt\u00e9 pour une sous-couche et une laque de couleur rose de la marque Colibri Peinture,\u00a0qui est biosourc\u00e9e, respectueuse de l&rsquo;environnement et qui pr\u00e9serve la qualit\u00e9 de l&rsquo;air dans cette pi\u00e8ce o\u00f9 on utilise de la nourriture.<\/p>\n<p>Elle a m\u00eame eu la bonne id\u00e9e de retirer les lettres de la marque et d&rsquo;en r\u00e9cup\u00e9rer d&rsquo;autres sur Etsy pour \u00e9crire le mot \u00ab\u00a0miam\u00a0\u00bb. Le r\u00e9sultat final est vraiment tr\u00e8s sympa. Alors qu&rsquo;en dites-vous\u00a0? Bonne id\u00e9e, non\u00a0?<\/p>\n<\/p><\/div>\n<p>[ad_2]<br \/>\n<br \/><a href=\"https:\/\/deco.journaldesfemmes.fr\/styles-et-tendances\/3232610-ce-petit-geste-transforme-n-importe-quelle-cuisine-en-piece-deco-personne-ne-pense-a-le-faire\/\">Source link <\/a><\/p>\n","protected":false},"excerpt":{"rendered":"<p>[ad_1] Il suffit de pas grand-chose pour donner du style \u00e0 sa cuisine. En quelques coups de pinceau, cette influenceuse &hellip; <a href=\"https:\/\/www.affinite.fr\/index.php\/2025\/08\/22\/ce-petit-geste-transforme-nimporte-quelle-cuisine-en-piece-deco\/\" class=\"more-link\">Plus <span class=\"screen-reader-text\">Ce petit geste transforme n&rsquo;importe quelle cuisine en pi\u00e8ce d\u00e9co<\/span> <span class=\"meta-nav\">&rarr;<\/span><\/a><\/p>\n","protected":false},"author":1,"featured_media":11999,"comment_status":"","ping_status":"open","sticky":false,"template":"","format":"standard","meta":{"_sitemap_exclude":false,"_sitemap_priority":"","_sitemap_frequency":"","footnotes":""},"categories":[1],"tags":[],"class_list":["post-11998","post","type-post","status-publish","format-standard","has-post-thumbnail","hentry","category-tous"],"_links":{"self":[{"href":"https:\/\/www.affinite.fr\/index.php\/wp-json\/wp\/v2\/posts\/11998"}],"collection":[{"href":"https:\/\/www.affinite.fr\/index.php\/wp-json\/wp\/v2\/posts"}],"about":[{"href":"https:\/\/www.affinite.fr\/index.php\/wp-json\/wp\/v2\/types\/post"}],"author":[{"embeddable":true,"href":"https:\/\/www.affinite.fr\/index.php\/wp-json\/wp\/v2\/users\/1"}],"replies":[{"embeddable":true,"href":"https:\/\/www.affinite.fr\/index.php\/wp-json\/wp\/v2\/comments?post=11998"}],"version-history":[{"count":0,"href":"https:\/\/www.affinite.fr\/index.php\/wp-json\/wp\/v2\/posts\/11998\/revisions"}],"wp:featuredmedia":[{"embeddable":true,"href":"https:\/\/www.affinite.fr\/index.php\/wp-json\/wp\/v2\/media\/11999"}],"wp:attachment":[{"href":"https:\/\/www.affinite.fr\/index.php\/wp-json\/wp\/v2\/media?parent=11998"}],"wp:term":[{"taxonomy":"category","embeddable":true,"href":"https:\/\/www.affinite.fr\/index.php\/wp-json\/wp\/v2\/categories?post=11998"},{"taxonomy":"post_tag","embeddable":true,"href":"https:\/\/www.affinite.fr\/index.php\/wp-json\/wp\/v2\/tags?post=11998"}],"curies":[{"name":"wp","href":"https:\/\/api.w.org\/{rel}","templated":true}]}}