{"id":11993,"date":"2025-08-21T19:22:36","date_gmt":"2025-08-21T19:22:36","guid":{"rendered":"http:\/\/www.affinite.fr\/index.php\/2025\/08\/21\/les-maisons-qui-sentent-bon-a-la-rentree-font-toutes-ce-geste-simple-des-la-fin-aout\/"},"modified":"2025-08-21T19:22:36","modified_gmt":"2025-08-21T19:22:36","slug":"les-maisons-qui-sentent-bon-a-la-rentree-font-toutes-ce-geste-simple-des-la-fin-aout","status":"publish","type":"post","link":"https:\/\/www.affinite.fr\/index.php\/2025\/08\/21\/les-maisons-qui-sentent-bon-a-la-rentree-font-toutes-ce-geste-simple-des-la-fin-aout\/","title":{"rendered":"Les maisons qui sentent bon \u00e0 la rentr\u00e9e font toutes ce geste simple d\u00e8s la fin ao\u00fbt"},"content":{"rendered":"<p> [ad_1]<br \/>\n<br \/><img decoding=\"async\" src=\"https:\/\/img-3.journaldesfemmes.fr\/rNnYBQQafts50JJZH8XP7shnaos=\/1280x\/smart\/902c273ebc01460cb8f61000b8d6c337\/ccmcms-jdf\/40042695.jpg\" \/><\/p>\n<p>\n                Comment faire pour retrouver une maison fra\u00eeche et parfum\u00e9e \u00e0 la rentr\u00e9e\u00a0? Ce geste simple, mais souvent oubli\u00e9, est la solution.            <\/p>\n<div>\n<p>L&rsquo;\u00e9t\u00e9 touche \u00e0 sa fin et il va falloir se mettre en mode rentr\u00e9e. Et outre reprendre le chemin du travail ou de l&rsquo;\u00e9cole, c&rsquo;est aussi la rentr\u00e9e pour nos int\u00e9rieurs, qu&rsquo;il est important de pr\u00e9parer et de soigner avant le grand rush. Car la belle saison est synonyme de rel\u00e2chement en mati\u00e8re de m\u00e9nage et la poussi\u00e8re en profite pour faire son nid.<\/p>\n<p>Voil\u00e0 pourquoi la rentr\u00e9e est le moment id\u00e9al pour faire place nette afin de retrouver propret\u00e9 et fra\u00eecheur dans son int\u00e9rieur. Il n&rsquo;y a pas de miracle : une maison agr\u00e9able repose sur un entretien r\u00e9gulier.\u00a0Mais parfois, m\u00eame apr\u00e8s un grand m\u00e9nage, l&rsquo;air ne semble pas aussi frais qu&rsquo;esp\u00e9r\u00e9. C&rsquo;est souvent le signe qu&rsquo;une \u00e9tape essentielle a \u00e9t\u00e9 oubli\u00e9e.<\/p>\n<p>\u00c0 ce moment-l\u00e0, inutile de multiplier les bougies parfum\u00e9es ou les sprays d&rsquo;int\u00e9rieur\u00a0: le probl\u00e8me vient de ce qui retient poussi\u00e8re et odeurs dans la maison. Canap\u00e9s, rideaux, coussins ou tapis stockent tout au long de l&rsquo;\u00e9t\u00e9 particules et effluves, pouvant alt\u00e9rer la fra\u00eecheur g\u00e9n\u00e9rale. C&rsquo;est pourquoi le geste cl\u00e9 \u00e0 adopter d\u00e8s la fin ao\u00fbt, c&rsquo;est un nettoyage en profondeur des textiles de maison.<\/p>\n<p>Pour d\u00e9poussi\u00e9rer vos textiles de maison, commencez par les aspirer \u00e0 l&rsquo;aide d&rsquo;un embout adapt\u00e9 afin de ne pas endommager les tissus fragiles. L&rsquo;aspiration va non seulement \u00e9liminer la poussi\u00e8re en surface, mais aussi en profondeur en retirant les acariens dans les fibres les plus denses. Pour les textiles pouvant \u00eatre lav\u00e9s \u00e0 l&rsquo;eau comme les housses de coussins synth\u00e9tiques, les rideaux ou les housses de canap\u00e9, privil\u00e9giez un lavage en machine \u00e0 basse temp\u00e9rature ou un programme adapt\u00e9 aux tissus d\u00e9licats (soie, laine, lin\u2026). Faites-les s\u00e9cher \u00e0 l&rsquo;air libre, \u00e0 l&rsquo;ombre, pour \u00e9viter tout risque de d\u00e9coloration. Si vous avez un canap\u00e9 en cuir, optez pour des produits nettoyants sp\u00e9cifiques ; pour un canap\u00e9 en tissu non d\u00e9houssable, pr\u00e9f\u00e9rez le nettoyeur vapeur.<\/p>\n<p>Conseil pratique\u00a0: pour minimiser l&rsquo;accumulation de poussi\u00e8re et les mauvaises odeurs chez vous toute l&rsquo;ann\u00e9e, aspirez fr\u00e9quemment votre int\u00e9rieur, d&rsquo;autant plus si vous poss\u00e9dez un animal de compagnie. N&rsquo;h\u00e9sitez pas \u00e0 faire ce geste simple d\u00e8s la fin ao\u00fbt pour\u00a0un int\u00e9rieur sain et parfum\u00e9, qui vous accompagnera\u00a0tout en douceur vers\u00a0la rentr\u00e9e\u00a0!<\/p>\n<\/p><\/div>\n<p>[ad_2]<br \/>\n<br \/><a href=\"https:\/\/deco.journaldesfemmes.fr\/styles-et-tendances\/3236574-les-maisons-qui-sentent-bon-a-la-rentree-font-toutes-ce-geste-simple-des-la-fin-aout\/\">Source link <\/a><\/p>\n","protected":false},"excerpt":{"rendered":"<p>[ad_1] Comment faire pour retrouver une maison fra\u00eeche et parfum\u00e9e \u00e0 la rentr\u00e9e\u00a0? Ce geste simple, mais souvent oubli\u00e9, est &hellip; <a href=\"https:\/\/www.affinite.fr\/index.php\/2025\/08\/21\/les-maisons-qui-sentent-bon-a-la-rentree-font-toutes-ce-geste-simple-des-la-fin-aout\/\" class=\"more-link\">Plus <span class=\"screen-reader-text\">Les maisons qui sentent bon \u00e0 la rentr\u00e9e font toutes ce geste simple d\u00e8s la fin ao\u00fbt<\/span> <span class=\"meta-nav\">&rarr;<\/span><\/a><\/p>\n","protected":false},"author":1,"featured_media":11994,"comment_status":"","ping_status":"open","sticky":false,"template":"","format":"standard","meta":{"_sitemap_exclude":false,"_sitemap_priority":"","_sitemap_frequency":"","footnotes":""},"categories":[1],"tags":[],"class_list":["post-11993","post","type-post","status-publish","format-standard","has-post-thumbnail","hentry","category-tous"],"_links":{"self":[{"href":"https:\/\/www.affinite.fr\/index.php\/wp-json\/wp\/v2\/posts\/11993"}],"collection":[{"href":"https:\/\/www.affinite.fr\/index.php\/wp-json\/wp\/v2\/posts"}],"about":[{"href":"https:\/\/www.affinite.fr\/index.php\/wp-json\/wp\/v2\/types\/post"}],"author":[{"embeddable":true,"href":"https:\/\/www.affinite.fr\/index.php\/wp-json\/wp\/v2\/users\/1"}],"replies":[{"embeddable":true,"href":"https:\/\/www.affinite.fr\/index.php\/wp-json\/wp\/v2\/comments?post=11993"}],"version-history":[{"count":0,"href":"https:\/\/www.affinite.fr\/index.php\/wp-json\/wp\/v2\/posts\/11993\/revisions"}],"wp:featuredmedia":[{"embeddable":true,"href":"https:\/\/www.affinite.fr\/index.php\/wp-json\/wp\/v2\/media\/11994"}],"wp:attachment":[{"href":"https:\/\/www.affinite.fr\/index.php\/wp-json\/wp\/v2\/media?parent=11993"}],"wp:term":[{"taxonomy":"category","embeddable":true,"href":"https:\/\/www.affinite.fr\/index.php\/wp-json\/wp\/v2\/categories?post=11993"},{"taxonomy":"post_tag","embeddable":true,"href":"https:\/\/www.affinite.fr\/index.php\/wp-json\/wp\/v2\/tags?post=11993"}],"curies":[{"name":"wp","href":"https:\/\/api.w.org\/{rel}","templated":true}]}}